{"id":7585,"date":"2025-09-12T10:08:06","date_gmt":"2025-09-12T13:08:06","guid":{"rendered":"https:\/\/noticiarioregional.com.br\/?p=7585"},"modified":"2025-09-12T10:08:07","modified_gmt":"2025-09-12T13:08:07","slug":"mudancas-no-programa-estrada-boa-rural-ampliam-inclusao-de-municipios-e-garantem-avancos-na-infraestrutura-do-campo","status":"publish","type":"post","link":"https:\/\/noticiarioregional.com.br\/?p=7585","title":{"rendered":"Mudan\u00e7as no Programa Estrada Boa Rural ampliam inclus\u00e3o de munic\u00edpios e garantem avan\u00e7os na infraestrutura do campo"},"content":{"rendered":"\n<p>O Governo de Santa Catarina anunciou altera\u00e7\u00f5es no Programa Estrada Boa Rural, com o objetivo de ampliar a participa\u00e7\u00e3o dos munic\u00edpios e acelerar a pavimenta\u00e7\u00e3o de estradas no interior do Estado. Entre as mudan\u00e7as, est\u00e1 a redu\u00e7\u00e3o da quilometragem m\u00ednima exigida por trecho, que passou de 2 km para 1,4 km, permitindo a inclus\u00e3o de vias menores e beneficiando comunidades que antes ficavam de fora do programa.<\/p>\n\n\n\n<p>Com as novas regras, o governo projeta a pavimenta\u00e7\u00e3o de mais de 2.500 km de estradas rurais em todo o territ\u00f3rio catarinense, fortalecendo a log\u00edstica da produ\u00e7\u00e3o agr\u00edcola e melhorando a qualidade de vida das fam\u00edlias que vivem no campo. As principais altera\u00e7\u00f5es no programa foram:<\/p>\n\n\n\n<ul class=\"wp-block-list\">\n<li>Redu\u00e7\u00e3o da quilometragem m\u00ednima: trechos de 1,4 km j\u00e1 poder\u00e3o ser contemplados, substituindo a exig\u00eancia anterior de 2 km.<\/li>\n\n\n\n<li>Mais trechos por munic\u00edpio: cada cidade poder\u00e1 apresentar um trecho em 2025 e outro em 2026. Em 2027, ser\u00e1 poss\u00edvel indicar at\u00e9 dois trechos adicionais, caso haja saldo dispon\u00edvel.<\/li>\n\n\n\n<li>Trechos secund\u00e1rios: agora, al\u00e9m dos trechos principais, tamb\u00e9m podem ser inclu\u00eddos trechos secund\u00e1rios conectados, ampliando a abrang\u00eancia do programa.<\/li>\n\n\n\n<li>Repasse e limite financeiro: o Estado far\u00e1 o repasse de at\u00e9 R$ 10 milh\u00f5es por trecho, sendo R$ 1,25 milh\u00e3o por quil\u00f4metro executado.<\/li>\n<\/ul>\n\n\n\n<p>Em Monda\u00ed, o prefeito Elizandro Mainardi destacou que, apesar das mudan\u00e7as, o trecho j\u00e1 indicado pelo munic\u00edpio ser\u00e1 mantido. A obra prev\u00ea a pavimenta\u00e7\u00e3o de 10 km de estrada, ligando a Linha Capivara at\u00e9 a comunidade de Linha Taipa Baixa.<\/p>\n\n\n\n<p>Segundo o prefeito, os valores que ultrapassarem o limite do programa ser\u00e3o complementados com recursos pr\u00f3prios do munic\u00edpio, garantindo a execu\u00e7\u00e3o integral da obra. \u201c<em>Essa pavimenta\u00e7\u00e3o \u00e9 estrat\u00e9gica para Monda\u00ed. Vai melhorar a trafegabilidade, facilitar o transporte da produ\u00e7\u00e3o agr\u00edcola e trazer mais qualidade de vida para as fam\u00edlias do interior. As mudan\u00e7as no programa s\u00e3o positivas, mas em nosso caso o planejamento segue o que j\u00e1 estava previsto<\/em>\u201d, ressaltou Mainardi.<\/p>\n","protected":false},"excerpt":{"rendered":"<p>O Governo de Santa Catarina anunciou altera\u00e7\u00f5es no Programa Estrada Boa Rural, com o objetivo de ampliar a participa\u00e7\u00e3o dos munic\u00edpios e acelerar a pavimenta\u00e7\u00e3o de estradas no interior do Estado. Entre as mudan\u00e7as, est\u00e1 a redu\u00e7\u00e3o da quilometragem m\u00ednima exigida por trecho, que passou de 2 km para 1,4 km, permitindo a inclus\u00e3o de<\/p>\n","protected":false},"author":1,"featured_media":7586,"comment_status":"open","ping_status":"open","sticky":false,"template":"","format":"standard","meta":{"footnotes":""},"categories":[41],"tags":[],"class_list":{"0":"post-7585","1":"post","2":"type-post","3":"status-publish","4":"format-standard","5":"has-post-thumbnail","7":"category-noticias"},"_links":{"self":[{"href":"https:\/\/noticiarioregional.com.br\/index.php?rest_route=\/wp\/v2\/posts\/7585","targetHints":{"allow":["GET"]}}],"collection":[{"href":"https:\/\/noticiarioregional.com.br\/index.php?rest_route=\/wp\/v2\/posts"}],"about":[{"href":"https:\/\/noticiarioregional.com.br\/index.php?rest_route=\/wp\/v2\/types\/post"}],"author":[{"embeddable":true,"href":"https:\/\/noticiarioregional.com.br\/index.php?rest_route=\/wp\/v2\/users\/1"}],"replies":[{"embeddable":true,"href":"https:\/\/noticiarioregional.com.br\/index.php?rest_route=%2Fwp%2Fv2%2Fcomments&post=7585"}],"version-history":[{"count":1,"href":"https:\/\/noticiarioregional.com.br\/index.php?rest_route=\/wp\/v2\/posts\/7585\/revisions"}],"predecessor-version":[{"id":7587,"href":"https:\/\/noticiarioregional.com.br\/index.php?rest_route=\/wp\/v2\/posts\/7585\/revisions\/7587"}],"wp:featuredmedia":[{"embeddable":true,"href":"https:\/\/noticiarioregional.com.br\/index.php?rest_route=\/wp\/v2\/media\/7586"}],"wp:attachment":[{"href":"https:\/\/noticiarioregional.com.br\/index.php?rest_route=%2Fwp%2Fv2%2Fmedia&parent=7585"}],"wp:term":[{"taxonomy":"category","embeddable":true,"href":"https:\/\/noticiarioregional.com.br\/index.php?rest_route=%2Fwp%2Fv2%2Fcategories&post=7585"},{"taxonomy":"post_tag","embeddable":true,"href":"https:\/\/noticiarioregional.com.br\/index.php?rest_route=%2Fwp%2Fv2%2Ftags&post=7585"}],"curies":[{"name":"wp","href":"https:\/\/api.w.org\/{rel}","templated":true}]}}