{"id":7596,"date":"2025-09-12T10:21:50","date_gmt":"2025-09-12T13:21:50","guid":{"rendered":"https:\/\/noticiarioregional.com.br\/?p=7596"},"modified":"2025-09-12T10:21:51","modified_gmt":"2025-09-12T13:21:51","slug":"caibi-incentiva-a-fruticultura-com-entrega-de-mudas-do-programa-pomar-domestico","status":"publish","type":"post","link":"https:\/\/noticiarioregional.com.br\/?p=7596","title":{"rendered":"Caibi incentiva a fruticultura com entrega de mudas do Programa Pomar Dom\u00e9stico"},"content":{"rendered":"\n<p>Na \u00faltima semana, a Administra\u00e7\u00e3o Municipal de Caibi, por meio da secretaria Municipal de Agricultura, realizou a entrega de mudas de \u00e1rvores frut\u00edferas a 120 produtores rurais do munic\u00edpio. A a\u00e7\u00e3o integra o Programa Pomar Dom\u00e9stico, voltado ao fortalecimento da agricultura familiar e \u00e0 diversifica\u00e7\u00e3o da produ\u00e7\u00e3o no meio rural. Ao todo, foram distribu\u00eddas nove variedades de mudas, sendo entregues uma unidade de cada esp\u00e9cie para cada produtor inscrito no programa. As variedades contempladas foram: laranja Bahia, pera d\u2019\u00e1gua, acerola, figo roxo, tangerina poc\u00e3, lim\u00e3o-taiti, ortanique, caqui chocolate e ameixeira. A iniciativa faz parte dos incentivos disponibilizados pela Administra\u00e7\u00e3o Municipal para agricultores que possuem movimento econ\u00f4mico no munic\u00edpio. Os interessados realizaram previamente o pedido junto \u00e0 Secretaria de Agricultura, garantindo assim o acesso \u00e0s mudas.<\/p>\n\n\n\n<p>O secret\u00e1rio de Agricultura, Cleverson Cason, destacou a import\u00e2ncia do programa e da ades\u00e3o dos agricultores. \u201c<em>O Programa Pomar Dom\u00e9stico \u00e9 uma forma de incentivar nossos produtores a diversificarem suas propriedades, oferecendo frutas de qualidade tanto para o consumo da fam\u00edlia quanto para a comercializa\u00e7\u00e3o. Al\u00e9m disso, promove a preserva\u00e7\u00e3o ambiental e fortalece a agricultura familiar em nosso munic\u00edpio. Ficamos muito satisfeitos em ver a participa\u00e7\u00e3o expressiva dos agricultores de Caibi nessa iniciativa, pois sabemos que cada muda plantada hoje representa um investimento para o futuro da propriedade rural e para a qualidade de vida das fam\u00edlias<\/em>\u201d, ressaltou o secret\u00e1rio.<\/p>\n\n\n\n<p><strong>BOX: <\/strong><strong>Programa que d\u00e1 certo<\/strong><\/p>\n\n\n\n<p>&nbsp;&nbsp;&nbsp;&nbsp;&nbsp;&nbsp;&nbsp;&nbsp;&nbsp;&nbsp;&nbsp; Dona Lurdes Roversi, da La. Roversi, faz parte do programa desde quando foi implementado, e segue a cada ano, pegando novas mudas para compor o seu pomar. Destaca que j\u00e1 colhe frutos das mudas que recebeu e compartilha as novas mudas geradas pelas \u00e1rvores. \u201c<em>Vejo esse programa de forma muito positiva, pois se \u00e9 pra gente pegar e ir comprar 10 mudas, a gente n\u00e3o compra, vai e compra uma s\u00f3, e assim, a gente ganha e pode estar sempre preservando e diversificando o pomar<\/em>\u201d.<\/p>\n","protected":false},"excerpt":{"rendered":"<p>Na \u00faltima semana, a Administra\u00e7\u00e3o Municipal de Caibi, por meio da secretaria Municipal de Agricultura, realizou a entrega de mudas de \u00e1rvores frut\u00edferas a 120 produtores rurais do munic\u00edpio. A a\u00e7\u00e3o integra o Programa Pomar Dom\u00e9stico, voltado ao fortalecimento da agricultura familiar e \u00e0 diversifica\u00e7\u00e3o da produ\u00e7\u00e3o no meio rural. Ao todo, foram distribu\u00eddas nove<\/p>\n","protected":false},"author":1,"featured_media":7597,"comment_status":"open","ping_status":"open","sticky":false,"template":"","format":"standard","meta":{"footnotes":""},"categories":[42],"tags":[],"class_list":{"0":"post-7596","1":"post","2":"type-post","3":"status-publish","4":"format-standard","5":"has-post-thumbnail","7":"category-destaque"},"_links":{"self":[{"href":"https:\/\/noticiarioregional.com.br\/index.php?rest_route=\/wp\/v2\/posts\/7596","targetHints":{"allow":["GET"]}}],"collection":[{"href":"https:\/\/noticiarioregional.com.br\/index.php?rest_route=\/wp\/v2\/posts"}],"about":[{"href":"https:\/\/noticiarioregional.com.br\/index.php?rest_route=\/wp\/v2\/types\/post"}],"author":[{"embeddable":true,"href":"https:\/\/noticiarioregional.com.br\/index.php?rest_route=\/wp\/v2\/users\/1"}],"replies":[{"embeddable":true,"href":"https:\/\/noticiarioregional.com.br\/index.php?rest_route=%2Fwp%2Fv2%2Fcomments&post=7596"}],"version-history":[{"count":1,"href":"https:\/\/noticiarioregional.com.br\/index.php?rest_route=\/wp\/v2\/posts\/7596\/revisions"}],"predecessor-version":[{"id":7598,"href":"https:\/\/noticiarioregional.com.br\/index.php?rest_route=\/wp\/v2\/posts\/7596\/revisions\/7598"}],"wp:featuredmedia":[{"embeddable":true,"href":"https:\/\/noticiarioregional.com.br\/index.php?rest_route=\/wp\/v2\/media\/7597"}],"wp:attachment":[{"href":"https:\/\/noticiarioregional.com.br\/index.php?rest_route=%2Fwp%2Fv2%2Fmedia&parent=7596"}],"wp:term":[{"taxonomy":"category","embeddable":true,"href":"https:\/\/noticiarioregional.com.br\/index.php?rest_route=%2Fwp%2Fv2%2Fcategories&post=7596"},{"taxonomy":"post_tag","embeddable":true,"href":"https:\/\/noticiarioregional.com.br\/index.php?rest_route=%2Fwp%2Fv2%2Ftags&post=7596"}],"curies":[{"name":"wp","href":"https:\/\/api.w.org\/{rel}","templated":true}]}}