{"id":7600,"date":"2025-09-16T16:30:12","date_gmt":"2025-09-16T19:30:12","guid":{"rendered":"https:\/\/noticiarioregional.com.br\/?p=7600"},"modified":"2025-09-16T16:30:13","modified_gmt":"2025-09-16T19:30:13","slug":"santa-helena-disponibiliza-ponto-fixo-para-recolha-de-pneus-usados","status":"publish","type":"post","link":"https:\/\/noticiarioregional.com.br\/?p=7600","title":{"rendered":"Santa Helena disponibiliza ponto fixo para recolha de pneus usados"},"content":{"rendered":"\n<p><em>Nova coleta de pneus pela empresa respons\u00e1vel ser\u00e1 realizada em novembro<\/em><em><\/em><\/p>\n\n\n\n<p>A Secretaria de Sa\u00fade de Santa Helena, por meio do setor de Endemias, aderiu \u00e0 campanha de recolhimento de pneus inserv\u00edveis realizada pelo governo do Estado. A iniciativa tem como objetivo dar a destina\u00e7\u00e3o ambientalmente correta a pneus sem uso, colaborando com o meio ambiente e com a sa\u00fade p\u00fablica, especialmente no combate \u00e0 dengue.<\/p>\n\n\n\n<p>Conforme a fiscal sanit\u00e1ria e coordenadora do programa de combate \u00e0 dengue, Ivanici Ver\u00edssimo, o munic\u00edpio disponibiliza de um ponto fixo de recolha, na garagem da prefeitura, localizada na Rua Santo Ant\u00f4nio. Durante todo o ano os mun\u00edcipes podem descartar nesse ponto pneus inteiros e limpos de ve\u00edculos de passeio, caminh\u00e3o, \u00f4nibus, moto e bicicletas.<\/p>\n\n\n\n<p>A coordenadora destaca que a campanha de recolha \u00e9 realizada duas vezes por ano, sendo uma vez por semestre. No primeiro semestre foram recolhidos mais de 500 pneus. Para o segundo semestre do ano, a coleta est\u00e1 prevista para novembro. A empresa que recolhe \u00e9 a RECICLANIP e a destina\u00e7\u00e3o final, ambientalmente correta, \u00e9 de responsabilidade da empresa Xibiu Com\u00e9rcio e Reciclagem de Pneus, da cidade de Arauc\u00e1ria, Paran\u00e1.<\/p>\n\n\n\n<p>O objetivo principal da campanha \u00e9 eliminar criadouros do mosquito e fortalecer a defesa contra a dengue. Ivanici chama aten\u00e7\u00e3o para o risco que representam os pneus que ficam jogados a c\u00e9u aberto, acumulando \u00e1gua, sendo que j\u00e1 foram encontrados v\u00e1rios focos nestas condi\u00e7\u00f5es. O setor de Endemias pede a contribui\u00e7\u00e3o da popula\u00e7\u00e3o para aderir \u00e0 campanha, destinar corretamente os pneus e assim ajudar a eliminar poss\u00edveis criadouros.<\/p>\n","protected":false},"excerpt":{"rendered":"<p>Nova coleta de pneus pela empresa respons\u00e1vel ser\u00e1 realizada em novembro A Secretaria de Sa\u00fade de Santa Helena, por meio do setor de Endemias, aderiu \u00e0 campanha de recolhimento de pneus inserv\u00edveis realizada pelo governo do Estado. A iniciativa tem como objetivo dar a destina\u00e7\u00e3o ambientalmente correta a pneus sem uso, colaborando com o meio<\/p>\n","protected":false},"author":1,"featured_media":7601,"comment_status":"open","ping_status":"open","sticky":false,"template":"","format":"standard","meta":{"footnotes":""},"categories":[41],"tags":[],"class_list":{"0":"post-7600","1":"post","2":"type-post","3":"status-publish","4":"format-standard","5":"has-post-thumbnail","7":"category-noticias"},"_links":{"self":[{"href":"https:\/\/noticiarioregional.com.br\/index.php?rest_route=\/wp\/v2\/posts\/7600","targetHints":{"allow":["GET"]}}],"collection":[{"href":"https:\/\/noticiarioregional.com.br\/index.php?rest_route=\/wp\/v2\/posts"}],"about":[{"href":"https:\/\/noticiarioregional.com.br\/index.php?rest_route=\/wp\/v2\/types\/post"}],"author":[{"embeddable":true,"href":"https:\/\/noticiarioregional.com.br\/index.php?rest_route=\/wp\/v2\/users\/1"}],"replies":[{"embeddable":true,"href":"https:\/\/noticiarioregional.com.br\/index.php?rest_route=%2Fwp%2Fv2%2Fcomments&post=7600"}],"version-history":[{"count":1,"href":"https:\/\/noticiarioregional.com.br\/index.php?rest_route=\/wp\/v2\/posts\/7600\/revisions"}],"predecessor-version":[{"id":7602,"href":"https:\/\/noticiarioregional.com.br\/index.php?rest_route=\/wp\/v2\/posts\/7600\/revisions\/7602"}],"wp:featuredmedia":[{"embeddable":true,"href":"https:\/\/noticiarioregional.com.br\/index.php?rest_route=\/wp\/v2\/media\/7601"}],"wp:attachment":[{"href":"https:\/\/noticiarioregional.com.br\/index.php?rest_route=%2Fwp%2Fv2%2Fmedia&parent=7600"}],"wp:term":[{"taxonomy":"category","embeddable":true,"href":"https:\/\/noticiarioregional.com.br\/index.php?rest_route=%2Fwp%2Fv2%2Fcategories&post=7600"},{"taxonomy":"post_tag","embeddable":true,"href":"https:\/\/noticiarioregional.com.br\/index.php?rest_route=%2Fwp%2Fv2%2Ftags&post=7600"}],"curies":[{"name":"wp","href":"https:\/\/api.w.org\/{rel}","templated":true}]}}