{"id":7606,"date":"2025-09-17T16:37:17","date_gmt":"2025-09-17T19:37:17","guid":{"rendered":"https:\/\/noticiarioregional.com.br\/?p=7606"},"modified":"2025-09-16T16:38:41","modified_gmt":"2025-09-16T19:38:41","slug":"hospital-santa-casa-rural-realiza-diagnostico-para-identificar-melhorias-ambientais-sociais-e-de-gestao","status":"publish","type":"post","link":"https:\/\/noticiarioregional.com.br\/?p=7606","title":{"rendered":"Hospital Santa Casa Rural realiza diagn\u00f3stico para identificar melhorias ambientais, sociais e de gest\u00e3o"},"content":{"rendered":"\n<p>Em 2024 o hospital Santa Casa Rural, administrado pelo Instituto Sant\u00e9, iniciou um diagn\u00f3stico das atividades realizadas no que diz respeito a a\u00e7\u00f5es ambientais, sociais e da gest\u00e3o em si. \u00c9 um estudo contemplado pelo projeto ESG, sigla em ingl\u00eas que quer dizer <em>Environmental, Social and Governance<\/em> (ambiental, social e governan\u00e7a).<\/p>\n\n\n\n<p>A diretora da institui\u00e7\u00e3o, M\u00f4nica Canton, explica que o projeto consiste em um planejamento estrat\u00e9gico destes tr\u00eas pilares: ambiental, social e governan\u00e7a. Comenta que o diagn\u00f3stico buscou identificar o que j\u00e1 estava sendo feito nestas tr\u00eas \u00e1reas, e o que pode ser melhorado. J\u00e1 em 2024 o Hospital Santa Casa Rural recebeu em certificado de responsabilidade social da ALESC, que premia entidades que promovem a\u00e7\u00f5es ambientais, sociais e de governan\u00e7a na comunidade onde est\u00e3o inseridas.<\/p>\n\n\n\n<p>M\u00f4nica destaca que no setor ambiental a institui\u00e7\u00e3o preconiza pelas a\u00e7\u00f5es voltadas a efic\u00e1cia energ\u00e9tica, consumo consciente da \u00e1gua e dos materiais, a destina\u00e7\u00e3o correta dos res\u00edduos e o melhor aproveitamento do solo, tudo com foco na redu\u00e7\u00e3o do impacto ambiental. A diretora cita que o hospital possui um tratamento de efluentes muito eficaz, com mapeamento e consci\u00eancia dos riscos da atividade.<\/p>\n\n\n\n<p>No social, al\u00e9m dos atendimentos em si que a institui\u00e7\u00e3o presta internamente aos pacientes e a equipe de funcion\u00e1rios com foco na melhora do ambiente de trabalho, M\u00f4nica aponta a realiza\u00e7\u00e3o de v\u00e1rias a\u00e7\u00f5es com a sociedade, como palestras, movimentos que levam informa\u00e7\u00e3o e preven\u00e7\u00e3o a doen\u00e7as. E na governan\u00e7a, a diretora comenta que \u00e9 adotada uma gest\u00e3o estrat\u00e9gica, com planejamento e transpar\u00eancia dos servi\u00e7os prestados.<\/p>\n\n\n\n<p>Fazendo parte da gest\u00e3o transparente, a diretora destaca que a divulga\u00e7\u00e3o do balan\u00e7o social, com rela\u00e7\u00e3o ao ano anterior, \u00e9 feita em espa\u00e7os p\u00fablicos como C\u00e2mara de Vereadores, ao Conselho Municipal de Sa\u00fade e meios de comunica\u00e7\u00e3o. Agora tamb\u00e9m est\u00e1 sendo entregue um informativo impresso as fam\u00edlias que tiverem interesse em conhecer mais sobre as a\u00e7\u00f5es e projetos. Toda a presta\u00e7\u00e3o de contas fica dispon\u00edvel tamb\u00e9m no site do Instituto Sant\u00e9, e nas pr\u00f3prias redes sociais do hospital. &nbsp;<\/p>\n\n\n\n<p><strong>Redu\u00e7\u00e3o nos atendimentos<\/strong><\/p>\n\n\n\n<p>M\u00f4nica comenta que no ano passado o hospital registrou um n\u00famero expressivo de atendimentos, tanto no pronto socorro como na realiza\u00e7\u00e3o de cirurgias. Em 2024 foram mais de 9 mil atendimentos no pronto socorro, e este ano, a m\u00e9dia mensal est\u00e1 em cerca de 550 atendimentos. A diretora acrescenta que este ano os n\u00fameros reduziram por conta de que a institui\u00e7\u00e3o n\u00e3o est\u00e1 mais realizando consultas e cirurgias de oftalmo. O hospital n\u00e3o renovou o contrato com o estado para realizar estes procedimentos, em fun\u00e7\u00e3o de que era necess\u00e1rio atender requisitos da vigil\u00e2ncia sanit\u00e1ria de melhorias na estrutura f\u00edsica. Outro fator que justifica a redu\u00e7\u00e3o, \u00e9 que em muitas especialidades as filas de pacientes diminu\u00edram bastante por conta dos procedimentos realizados em anos anteriores.<\/p>\n","protected":false},"excerpt":{"rendered":"<p>Em 2024 o hospital Santa Casa Rural, administrado pelo Instituto Sant\u00e9, iniciou um diagn\u00f3stico das atividades realizadas no que diz respeito a a\u00e7\u00f5es ambientais, sociais e da gest\u00e3o em si. \u00c9 um estudo contemplado pelo projeto ESG, sigla em ingl\u00eas que quer dizer Environmental, Social and Governance (ambiental, social e governan\u00e7a). A diretora da institui\u00e7\u00e3o,<\/p>\n","protected":false},"author":1,"featured_media":7607,"comment_status":"open","ping_status":"open","sticky":false,"template":"","format":"standard","meta":{"footnotes":""},"categories":[41],"tags":[],"class_list":{"0":"post-7606","1":"post","2":"type-post","3":"status-publish","4":"format-standard","5":"has-post-thumbnail","7":"category-noticias"},"_links":{"self":[{"href":"https:\/\/noticiarioregional.com.br\/index.php?rest_route=\/wp\/v2\/posts\/7606","targetHints":{"allow":["GET"]}}],"collection":[{"href":"https:\/\/noticiarioregional.com.br\/index.php?rest_route=\/wp\/v2\/posts"}],"about":[{"href":"https:\/\/noticiarioregional.com.br\/index.php?rest_route=\/wp\/v2\/types\/post"}],"author":[{"embeddable":true,"href":"https:\/\/noticiarioregional.com.br\/index.php?rest_route=\/wp\/v2\/users\/1"}],"replies":[{"embeddable":true,"href":"https:\/\/noticiarioregional.com.br\/index.php?rest_route=%2Fwp%2Fv2%2Fcomments&post=7606"}],"version-history":[{"count":1,"href":"https:\/\/noticiarioregional.com.br\/index.php?rest_route=\/wp\/v2\/posts\/7606\/revisions"}],"predecessor-version":[{"id":7608,"href":"https:\/\/noticiarioregional.com.br\/index.php?rest_route=\/wp\/v2\/posts\/7606\/revisions\/7608"}],"wp:featuredmedia":[{"embeddable":true,"href":"https:\/\/noticiarioregional.com.br\/index.php?rest_route=\/wp\/v2\/media\/7607"}],"wp:attachment":[{"href":"https:\/\/noticiarioregional.com.br\/index.php?rest_route=%2Fwp%2Fv2%2Fmedia&parent=7606"}],"wp:term":[{"taxonomy":"category","embeddable":true,"href":"https:\/\/noticiarioregional.com.br\/index.php?rest_route=%2Fwp%2Fv2%2Fcategories&post=7606"},{"taxonomy":"post_tag","embeddable":true,"href":"https:\/\/noticiarioregional.com.br\/index.php?rest_route=%2Fwp%2Fv2%2Ftags&post=7606"}],"curies":[{"name":"wp","href":"https:\/\/api.w.org\/{rel}","templated":true}]}}