{"id":7614,"date":"2025-09-18T09:52:15","date_gmt":"2025-09-18T12:52:15","guid":{"rendered":"https:\/\/noticiarioregional.com.br\/?p=7614"},"modified":"2025-09-18T09:54:10","modified_gmt":"2025-09-18T12:54:10","slug":"mondai-apresenta-plano-municipal-de-turismo-e-projeta-investimentos-de-mais-de-r-16-milhoes","status":"publish","type":"post","link":"https:\/\/noticiarioregional.com.br\/?p=7614","title":{"rendered":"Monda\u00ed apresenta Plano Municipal de Turismo e projeta investimentos de mais de R$ 16 milh\u00f5es"},"content":{"rendered":"\n<p>Na quarta-feira, 27, a Administra\u00e7\u00e3o Municipal de Monda\u00ed promoveu, no audit\u00f3rio da Casa da Cultura, a apresenta\u00e7\u00e3o oficial do Plano Municipal de Turismo. O encontro reuniu autoridades locais, representantes de entidades regionais e a comunidade, com o objetivo de discutir as a\u00e7\u00f5es priorit\u00e1rias e alinhar os pr\u00f3ximos passos para o desenvolvimento do setor no munic\u00edpio. O evento contou com a presen\u00e7a da Ameosc, representada pelo turism\u00f3logo Jacson Basso, e teve a exposi\u00e7\u00e3o do diretor municipal de Turismo, Giovanni Fellip, respons\u00e1vel por detalhar a estrutura do plano.<\/p>\n\n\n\n<p>A iniciativa integra o projeto do prefeito, que aposta no turismo como uma nova matriz econ\u00f4mica para garantir sustentabilidade financeira ao munic\u00edpio. Conforme explanado na apresenta\u00e7\u00e3o, Monda\u00ed \u00e9 hoje o segundo munic\u00edpio que mais cresce na regi\u00e3o da Ameosc em desenvolvimento econ\u00f4mico, mas enfrenta desafios relacionados \u00e0 reforma tribut\u00e1ria, que pode reduzir em at\u00e9 25% a arrecada\u00e7\u00e3o de munic\u00edpios de pequeno porte. \u201c<em>Se n\u00e3o criarmos alternativas, em seis ou sete anos o munic\u00edpio pode se inviabilizar financeiramente. O turismo \u00e9 um dos pilares estrat\u00e9gicos para fortalecer nossa economia<\/em>\u201d, destacou Giovanni.<\/p>\n\n\n\n<p>Apesar de Santa Catarina ter no turismo 12,8% do PIB estadual, a regi\u00e3o Oeste responde por apenas 6% dessa fatia. Em Monda\u00ed, a participa\u00e7\u00e3o n\u00e3o chega a 0,5%, mesmo com belezas naturais e um patrim\u00f4nio cultural de grande valor. Por isso, o plano come\u00e7ou com um diagn\u00f3stico que contempla recursos naturais, culturais, infraestrutura, acessibilidade e governan\u00e7a. A proposta inclui desde a limpeza de rios e melhorias urbanas at\u00e9 a cria\u00e7\u00e3o de estruturas adequadas de lazer e visita\u00e7\u00e3o. Experi\u00eancias como caf\u00e9s coloniais, turismo rural e pousadas familiares est\u00e3o entre os potenciais a serem desenvolvidos, sempre com o apoio do poder p\u00fablico para capacita\u00e7\u00e3o e moderniza\u00e7\u00e3o dos empreendedores locais. Giovani tamb\u00e9m destaca o investimento em marketing regional. \u201c<em>Vamos contratar uma empresa, que tem essa expertise de criar um marketing de turismo, v\u00eddeos promocionais, pra gente poder vender em feiras, nas nossas redes sociais, nas comunidades<\/em>\u201d.<\/p>\n\n\n\n<p>Entre os projetos j\u00e1 previstos no programa Avan\u00e7a Monda\u00ed, destacam-se:<\/p>\n\n\n\n<ul class=\"wp-block-list\">\n<li>Revitaliza\u00e7\u00e3o da Pra\u00e7a do Porto e Rua do Porto, com investimento de at\u00e9 R$ 2 milh\u00f5es;<\/li>\n\n\n\n<li>Constru\u00e7\u00e3o de um Mirante do Rio integrado \u00e0 pra\u00e7a, com recursos federais j\u00e1 assegurados, em aproximadamente R$ 3 milh\u00f5es;<\/li>\n\n\n\n<li>Ponte P\u00eansil iluminada, que promete ser a maior do Estado, com 170 metros de extens\u00e3o, ligando a Linha Sanga Forte \u00e0 \u00e1rea de lazer do munic\u00edpio;<\/li>\n\n\n\n<li>Revitaliza\u00e7\u00e3o do Parque da \u00c1rea de Lazer, envolvendo a pavimenta\u00e7\u00e3o asf\u00e1ltica, das ruas do parque, com recursos do governo do estado de aproximadamente R$ 2 milh\u00f5es;<\/li>\n\n\n\n<li>Revitaliza\u00e7\u00e3o da Avenida Laju, principal via comercial da cidade, a ser discutida em audi\u00eancia p\u00fablica com os comerciantes;<\/li>\n\n\n\n<li>Portais de entrada em estilo germ\u00e2nico, refor\u00e7ando a identidade cultural e tur\u00edstica da cidade.<\/li>\n<\/ul>\n\n\n\n<p>Somados, os investimentos previstos ultrapassam R$ 16 milh\u00f5es, em parceria com o Governo do Estado, deputados federais e o Minist\u00e9rio do Turismo. O cronograma prev\u00ea seis meses para a implementa\u00e7\u00e3o inicial do Plano Municipal de Turismo. A meta \u00e9 inserir Monda\u00ed no Mapa Nacional do Turismo, condi\u00e7\u00e3o fundamental para acessar recursos federais. Nos pr\u00f3ximos tr\u00eas anos, indicadores de desempenho ser\u00e3o monitorados para avaliar o impacto econ\u00f4mico do setor, com aten\u00e7\u00e3o especial ao fortalecimento do turismo rural, gastron\u00f4mico e cultural.<\/p>\n\n\n\n<p>Segundo Giovanni, o turismo deve se consolidar como legado da gest\u00e3o, Mainardi e Ginther, garantindo uma fonte alternativa de receita para o futuro e promovendo qualidade de vida \u00e0 popula\u00e7\u00e3o. \u201c<em>Aumentar a arrecada\u00e7\u00e3o significa gerar empregos, criar riqueza e fortalecer o com\u00e9rcio local. Queremos que Monda\u00ed seja um polo de turismo regional, atraindo visitantes, movimentando a economia e deixando um caminho sustent\u00e1vel para os pr\u00f3ximos gestores<\/em>\u201d, destacou.<\/p>\n\n\n\n<p>Em seguida, teve a oportunidade de fala, o turism\u00f3logo Jacson Basso, que palestrou sobre \u201cTurismo no Caminhos da Fronteira: Governan\u00e7a, planejamento, competitividade, desafios e oportunidades\u201d, onde explanou em um contexto geral sobre o turismo.&nbsp; Para finalizar, Jacson, juntamente com o prefeito, Elizandro Mainardi, responderam as quest\u00f5es e d\u00favidas do p\u00fablico presente.<\/p>\n\n\n\n<p><\/p>\n","protected":false},"excerpt":{"rendered":"<p>Na quarta-feira, 27, a Administra\u00e7\u00e3o Municipal de Monda\u00ed promoveu, no audit\u00f3rio da Casa da Cultura, a apresenta\u00e7\u00e3o oficial do Plano Municipal de Turismo. O encontro reuniu autoridades locais, representantes de entidades regionais e a comunidade, com o objetivo de discutir as a\u00e7\u00f5es priorit\u00e1rias e alinhar os pr\u00f3ximos passos para o desenvolvimento do setor no munic\u00edpio.<\/p>\n","protected":false},"author":1,"featured_media":7615,"comment_status":"open","ping_status":"open","sticky":false,"template":"","format":"standard","meta":{"footnotes":""},"categories":[41],"tags":[],"class_list":{"0":"post-7614","1":"post","2":"type-post","3":"status-publish","4":"format-standard","5":"has-post-thumbnail","7":"category-noticias"},"_links":{"self":[{"href":"https:\/\/noticiarioregional.com.br\/index.php?rest_route=\/wp\/v2\/posts\/7614","targetHints":{"allow":["GET"]}}],"collection":[{"href":"https:\/\/noticiarioregional.com.br\/index.php?rest_route=\/wp\/v2\/posts"}],"about":[{"href":"https:\/\/noticiarioregional.com.br\/index.php?rest_route=\/wp\/v2\/types\/post"}],"author":[{"embeddable":true,"href":"https:\/\/noticiarioregional.com.br\/index.php?rest_route=\/wp\/v2\/users\/1"}],"replies":[{"embeddable":true,"href":"https:\/\/noticiarioregional.com.br\/index.php?rest_route=%2Fwp%2Fv2%2Fcomments&post=7614"}],"version-history":[{"count":1,"href":"https:\/\/noticiarioregional.com.br\/index.php?rest_route=\/wp\/v2\/posts\/7614\/revisions"}],"predecessor-version":[{"id":7616,"href":"https:\/\/noticiarioregional.com.br\/index.php?rest_route=\/wp\/v2\/posts\/7614\/revisions\/7616"}],"wp:featuredmedia":[{"embeddable":true,"href":"https:\/\/noticiarioregional.com.br\/index.php?rest_route=\/wp\/v2\/media\/7615"}],"wp:attachment":[{"href":"https:\/\/noticiarioregional.com.br\/index.php?rest_route=%2Fwp%2Fv2%2Fmedia&parent=7614"}],"wp:term":[{"taxonomy":"category","embeddable":true,"href":"https:\/\/noticiarioregional.com.br\/index.php?rest_route=%2Fwp%2Fv2%2Fcategories&post=7614"},{"taxonomy":"post_tag","embeddable":true,"href":"https:\/\/noticiarioregional.com.br\/index.php?rest_route=%2Fwp%2Fv2%2Ftags&post=7614"}],"curies":[{"name":"wp","href":"https:\/\/api.w.org\/{rel}","templated":true}]}}