{"id":7623,"date":"2025-09-19T10:12:20","date_gmt":"2025-09-19T13:12:20","guid":{"rendered":"https:\/\/noticiarioregional.com.br\/?p=7623"},"modified":"2025-09-19T10:12:21","modified_gmt":"2025-09-19T13:12:21","slug":"lauxen-imperio-da-saude-e-distribuidor-autorizado-do-gerador-de-ozonio-portatil-da-ozoxx","status":"publish","type":"post","link":"https:\/\/noticiarioregional.com.br\/?p=7623","title":{"rendered":"Lauxen Imp\u00e9rio da Sa\u00fade \u00e9 distribuidor autorizado do gerador de oz\u00f4nio port\u00e1til da Ozoxx"},"content":{"rendered":"\n<p>A Lauxen Imp\u00e9rio da Sa\u00fade Ltda, de propriedade do casal Bruno e Julieta Lauxen, \u00e9 distribuidora autorizada da OZOXX, empresa com sede em Maring\u00e1, no Paran\u00e1, e que comercializa o gerador de oz\u00f4nio port\u00e1til considerado o mais seguro do mundo.<\/p>\n\n\n\n<p>O gerador \u00e9 indicado para ser utilizado em qualquer ambiente. O oz\u00f4nio sanitiza ambientes, alimentos e at\u00e9 a \u00e1gua, inativando v\u00edrus, fungos, bact\u00e9rias e outros microrganismos, incluindo os \u00e1caros, al\u00e9m de neutralizar odores indesej\u00e1veis no ambiente. O uso seguro por humanos do OZOXX Multi \u00e9 comprovado cientificamente pela UNICAMP. A aparelho emite 0,06 PPM de oz\u00f4nio, valor abaixo do limite da NR 15, conforme laudos da UFF e UNICAMP, com seguran\u00e7a e confian\u00e7a atestado por especialistas.<\/p>\n\n\n\n<p>Entre os benef\u00edcios, o gerador proporciona ar agrad\u00e1vel para dormir melhor; \u00e9 comprovadamente preventivo para in\u00fameras patologias, como diabetes, doen\u00e7as vasculares, infe\u00e7\u00f5es respirat\u00f3rias e esgotamento f\u00edsico; aumenta as defesas do organismo e a imunidade evitando doen\u00e7as oportunistas e aumenta a capacidade circulat\u00f3ria evitando c\u00e3ibras e dores musculares.<\/p>\n\n\n\n<p>O atendimento \u00e9 prestado na loja f\u00edsica localizada na Rua S\u00e3o Louren\u00e7o, n\u00famero 406, centro Tun\u00e1polis, e tamb\u00e9m em domic\u00edlio, com visita aos clientes interessados em receber a sanitiza\u00e7\u00e3o do ambiente sem custo. Al\u00e9m de Santa Catarina, a empresa Lauxen Imp\u00e9rio da Sa\u00fade abrange o Rio Grande do Sul e Oeste do Paran\u00e1. Para mais informa\u00e7\u00f5es os interessados podem entrar em contato com Bruno pelo n\u00famero (49) 99121-8860.<\/p>\n","protected":false},"excerpt":{"rendered":"<p>A Lauxen Imp\u00e9rio da Sa\u00fade Ltda, de propriedade do casal Bruno e Julieta Lauxen, \u00e9 distribuidora autorizada da OZOXX, empresa com sede em Maring\u00e1, no Paran\u00e1, e que comercializa o gerador de oz\u00f4nio port\u00e1til considerado o mais seguro do mundo. O gerador \u00e9 indicado para ser utilizado em qualquer ambiente. O oz\u00f4nio sanitiza ambientes, alimentos<\/p>\n","protected":false},"author":1,"featured_media":7624,"comment_status":"open","ping_status":"open","sticky":false,"template":"","format":"standard","meta":{"footnotes":""},"categories":[41],"tags":[],"class_list":{"0":"post-7623","1":"post","2":"type-post","3":"status-publish","4":"format-standard","5":"has-post-thumbnail","7":"category-noticias"},"_links":{"self":[{"href":"https:\/\/noticiarioregional.com.br\/index.php?rest_route=\/wp\/v2\/posts\/7623","targetHints":{"allow":["GET"]}}],"collection":[{"href":"https:\/\/noticiarioregional.com.br\/index.php?rest_route=\/wp\/v2\/posts"}],"about":[{"href":"https:\/\/noticiarioregional.com.br\/index.php?rest_route=\/wp\/v2\/types\/post"}],"author":[{"embeddable":true,"href":"https:\/\/noticiarioregional.com.br\/index.php?rest_route=\/wp\/v2\/users\/1"}],"replies":[{"embeddable":true,"href":"https:\/\/noticiarioregional.com.br\/index.php?rest_route=%2Fwp%2Fv2%2Fcomments&post=7623"}],"version-history":[{"count":1,"href":"https:\/\/noticiarioregional.com.br\/index.php?rest_route=\/wp\/v2\/posts\/7623\/revisions"}],"predecessor-version":[{"id":7625,"href":"https:\/\/noticiarioregional.com.br\/index.php?rest_route=\/wp\/v2\/posts\/7623\/revisions\/7625"}],"wp:featuredmedia":[{"embeddable":true,"href":"https:\/\/noticiarioregional.com.br\/index.php?rest_route=\/wp\/v2\/media\/7624"}],"wp:attachment":[{"href":"https:\/\/noticiarioregional.com.br\/index.php?rest_route=%2Fwp%2Fv2%2Fmedia&parent=7623"}],"wp:term":[{"taxonomy":"category","embeddable":true,"href":"https:\/\/noticiarioregional.com.br\/index.php?rest_route=%2Fwp%2Fv2%2Fcategories&post=7623"},{"taxonomy":"post_tag","embeddable":true,"href":"https:\/\/noticiarioregional.com.br\/index.php?rest_route=%2Fwp%2Fv2%2Ftags&post=7623"}],"curies":[{"name":"wp","href":"https:\/\/api.w.org\/{rel}","templated":true}]}}