{"id":7637,"date":"2025-09-21T10:19:41","date_gmt":"2025-09-21T13:19:41","guid":{"rendered":"https:\/\/noticiarioregional.com.br\/?p=7637"},"modified":"2025-09-19T10:24:43","modified_gmt":"2025-09-19T13:24:43","slug":"ipora-do-oeste-implanta-projeto-piloto-de-compostagem-de-carcacas-de-animais","status":"publish","type":"post","link":"https:\/\/noticiarioregional.com.br\/?p=7637","title":{"rendered":"Ipor\u00e3 do Oeste implanta projeto piloto de compostagem de carca\u00e7as de animais"},"content":{"rendered":"\n<p><em>Programa foi apresentado em reuni\u00e3o do CMDR<\/em><\/p>\n\n\n\n<p><strong> <\/strong>No dia 08 de setembro, como pauta principal da reuni\u00e3o mensal do Conselho Municipal de Desenvolvimento Rural de Ipor\u00e3 do Oeste, CMDR, a administra\u00e7\u00e3o municipal apresentou o Programa Municipal de Compostagem de Carca\u00e7as de Animais de Grande Porte, PROMUC. \u00c9 um projeto piloto realizado em parceria pelo munic\u00edpio, Epagri, Embrapa e Cidasc. Al\u00e9m de autoridades locais, os integrantes do conselho, representantes de empresas e entidades do setor agr\u00edcola a reuni\u00e3o teve a presen\u00e7a do prefeito de Descanso, Juliano Kasper, o secret\u00e1rio de Agricultura de Descanso, Thiago Grassiolli, o chefe de secretaria de Agricultura e respons\u00e1vel pelo setor de Meio Ambiente de S\u00e3o Jo\u00e3o do Oeste, Leandro Bohnenberger e a secret\u00e1ria de Agricultura de Tun\u00e1polis, Dircelei Arenhardt.<\/p>\n\n\n\n<p>Conforme o prefeito, Michel Barth, o programa de compostagem foi apresentado pela Embrapa, e a decis\u00e3o de implant\u00e1-lo partiu tamb\u00e9m de um estudo feito sobre os custos do servi\u00e7o de enterro, que \u00e9 disponibilizado pelo munic\u00edpio h\u00e1 v\u00e1rios anos. O custo por enterro fica em torno de R$ 270,00 o animal, enquanto a despesa com a recolha da carca\u00e7a que est\u00e1 sendo feita pela empresa respons\u00e1vel \u00e9 de R$ 611,00 o animal.<\/p>\n\n\n\n<p>Considerando a diferen\u00e7a de valores, o prefeito ressalta que o munic\u00edpio foi em busca de uma alternativa vi\u00e1vel econ\u00f4mica e tamb\u00e9m ambientalmente. Por conta disso, citou os preju\u00edzos que o enterro das carca\u00e7as gera a natureza, como solo e \u00e1gua e o risco que representa a sa\u00fade p\u00fablica. Inclusive, Ipor\u00e3 do Oeste, assim como outros munic\u00edpios, foram notificados pelo Minist\u00e9rio P\u00fablico para resolver o problema da destina\u00e7\u00e3o correta das carca\u00e7as. Michel destacou a importante discuss\u00e3o feita com os integrantes do CMDR, em v\u00e1rias reuni\u00f5es que o tema foi levantado. <em>\u201cO Conselho foi determinante para que a gente discutisse esse programa e a sua cria\u00e7\u00e3o. Com o PROMUC, pretendemos alcan\u00e7ar a tr\u00edplice da sustentabilidade, que \u00e9 a economia, por ser uma alternativa mais barata, tamb\u00e9m ambientalmente correta e social\u201d.<\/em><\/p>\n\n\n\n<p><strong>Unidade experimental de compostagem<\/strong><\/p>\n\n\n\n<p>Para dar in\u00edcio ao projeto piloto, em fase experimental, foi implantada uma unidade na propriedade de Anderson Sehn, na Linha Schneiders. O produtor conta com um plantel de cerca de 170 bovinos. Assim como esta unidade, o munic\u00edpio pretende implantar outras em mais propriedades. J\u00e1 est\u00e1 definida mais uma unidade na propriedade de Valmir Ritter, na Linha Quilombo, que trabalha com a atividade leiteira, e do produtor Pedro Kroetz, de Linha Aparecida, que possui cria\u00e7\u00e3o de su\u00ednos.<\/p>\n\n\n\n<p>A estrutura constru\u00edda pelo produtor em sua propriedade, contou com o aux\u00edlio do munic\u00edpio para os servi\u00e7os com m\u00e1quina. O prefeito Michel ressalta que o objetivo \u00e9 auxiliar de mais formas, para que o projeto efetivamente funcione. Para isso, comenta que j\u00e1 est\u00e1 buscando recursos externos para auxiliar nos investimentos. O munic\u00edpio ir\u00e1 fornecer tamb\u00e9m a capacita\u00e7\u00e3o aos t\u00e9cnicos da secretaria de Agricultura, que far\u00e3o o acompanhamento e a orienta\u00e7\u00e3o aos agricultores.<\/p>\n\n\n\n<p>At\u00e9 2028, o prefeito enfatiza que com o programa de compostagem o objetivo \u00e9 reduzir o enterro em 50%. Menciona entre os benef\u00edcios de manejo do PROMUC, o fato de que o animal n\u00e3o precisa ser picado para a compostagem, e por isso, se torna vi\u00e1vel n\u00e3o apenas para bovinos, mas tamb\u00e9m outros animais de porte maior.<\/p>\n\n\n\n<p>O produtor, Anderson Sehn, explicou que a destina\u00e7\u00e3o correta das carca\u00e7as \u00e9 uma preocupa\u00e7\u00e3o sua assim como de outros produtores, e por conta disso aceitou implantar o projeto piloto em sua propriedade. Cita que para construir a estrutura de compostagem, aproveitou parte do material que j\u00e1 possu\u00eda, como os palanques.<\/p>\n\n\n\n<p>O secret\u00e1rio de Agricultura, Roque Marx, complementa que para a compostagem o animal \u00e9 perfurado, para evitar o ac\u00famulo de gases. A carca\u00e7a \u00e9 depositada sobre uma camada de maravalha, ou material semelhante, na altura de 60 cent\u00edmetros. Sobre a carca\u00e7a, \u00e9 colocada mais uma camada tamb\u00e9m de 60 cent\u00edmetros.<\/p>\n\n\n\n<p>A reuni\u00e3o teve a participa\u00e7\u00e3o dos profissionais da Embrapa de Conc\u00f3rdia, Evandro Carlos Barros e \u00c9verton Lu\u00eds Krabbe, que explicaram aos produtores as quest\u00f5es t\u00e9cnicas do programa, e os primeiros resultados percebidos na unidade experimental, considerando que carca\u00e7as de dois animais j\u00e1 foram depositadas no local. &nbsp;<\/p>\n\n\n\n<p>Ao final do encontro, foi assinado o conv\u00eanio entre munic\u00edpio e Embrapa, com vig\u00eancia de dois anos, com a finalidade do \u00f3rg\u00e3o prestar apoio e orienta\u00e7\u00e3o para execu\u00e7\u00e3o do programa.<\/p>\n\n\n\n<figure class=\"wp-block-gallery has-nested-images columns-default is-cropped wp-block-gallery-1 is-layout-flex wp-block-gallery-is-layout-flex\">\n<figure class=\"wp-block-image size-large\"><img fetchpriority=\"high\" decoding=\"async\" width=\"1024\" height=\"683\" data-id=\"7646\" src=\"https:\/\/noticiarioregional.com.br\/wp-content\/uploads\/2025\/09\/Apresentacao-da-unidade-experimental-pelo-pesquisador-da-Embrapa-Evandro-Carlos-Barros-o-produtor-Anderson-Sehn-e-o-secretario-de-Agricultura-Roque-Marx-1024x683.jpg\" alt=\"\" class=\"wp-image-7646\" srcset=\"https:\/\/noticiarioregional.com.br\/wp-content\/uploads\/2025\/09\/Apresentacao-da-unidade-experimental-pelo-pesquisador-da-Embrapa-Evandro-Carlos-Barros-o-produtor-Anderson-Sehn-e-o-secretario-de-Agricultura-Roque-Marx-1024x683.jpg 1024w, https:\/\/noticiarioregional.com.br\/wp-content\/uploads\/2025\/09\/Apresentacao-da-unidade-experimental-pelo-pesquisador-da-Embrapa-Evandro-Carlos-Barros-o-produtor-Anderson-Sehn-e-o-secretario-de-Agricultura-Roque-Marx-300x200.jpg 300w, https:\/\/noticiarioregional.com.br\/wp-content\/uploads\/2025\/09\/Apresentacao-da-unidade-experimental-pelo-pesquisador-da-Embrapa-Evandro-Carlos-Barros-o-produtor-Anderson-Sehn-e-o-secretario-de-Agricultura-Roque-Marx-768x512.jpg 768w, https:\/\/noticiarioregional.com.br\/wp-content\/uploads\/2025\/09\/Apresentacao-da-unidade-experimental-pelo-pesquisador-da-Embrapa-Evandro-Carlos-Barros-o-produtor-Anderson-Sehn-e-o-secretario-de-Agricultura-Roque-Marx-1536x1024.jpg 1536w, https:\/\/noticiarioregional.com.br\/wp-content\/uploads\/2025\/09\/Apresentacao-da-unidade-experimental-pelo-pesquisador-da-Embrapa-Evandro-Carlos-Barros-o-produtor-Anderson-Sehn-e-o-secretario-de-Agricultura-Roque-Marx-2048x1365.jpg 2048w, https:\/\/noticiarioregional.com.br\/wp-content\/uploads\/2025\/09\/Apresentacao-da-unidade-experimental-pelo-pesquisador-da-Embrapa-Evandro-Carlos-Barros-o-produtor-Anderson-Sehn-e-o-secretario-de-Agricultura-Roque-Marx-150x100.jpg 150w, https:\/\/noticiarioregional.com.br\/wp-content\/uploads\/2025\/09\/Apresentacao-da-unidade-experimental-pelo-pesquisador-da-Embrapa-Evandro-Carlos-Barros-o-produtor-Anderson-Sehn-e-o-secretario-de-Agricultura-Roque-Marx-450x300.jpg 450w, https:\/\/noticiarioregional.com.br\/wp-content\/uploads\/2025\/09\/Apresentacao-da-unidade-experimental-pelo-pesquisador-da-Embrapa-Evandro-Carlos-Barros-o-produtor-Anderson-Sehn-e-o-secretario-de-Agricultura-Roque-Marx-1200x800.jpg 1200w\" sizes=\"(max-width: 1024px) 100vw, 1024px\" \/><figcaption class=\"wp-element-caption\"><strong>Apresenta\u00e7\u00e3o da unidade experimental pelo pesquisador da Embrapa, Evandro Carlos Barros, o produtor Anderson Sehn e o secret\u00e1rio de Agricultura Roque Marx<\/strong><\/figcaption><\/figure>\n\n\n\n<figure class=\"wp-block-image size-large\"><img decoding=\"async\" width=\"1024\" height=\"768\" data-id=\"7644\" src=\"https:\/\/noticiarioregional.com.br\/wp-content\/uploads\/2025\/09\/Autoridades-de-Ipora-do-Oeste-acompanhados-dos-profissionais-da-Embrapa-em-visita-a-unidade-experimental-de-compostagem-1024x768.jpg\" alt=\"\" class=\"wp-image-7644\" srcset=\"https:\/\/noticiarioregional.com.br\/wp-content\/uploads\/2025\/09\/Autoridades-de-Ipora-do-Oeste-acompanhados-dos-profissionais-da-Embrapa-em-visita-a-unidade-experimental-de-compostagem-1024x768.jpg 1024w, https:\/\/noticiarioregional.com.br\/wp-content\/uploads\/2025\/09\/Autoridades-de-Ipora-do-Oeste-acompanhados-dos-profissionais-da-Embrapa-em-visita-a-unidade-experimental-de-compostagem-300x225.jpg 300w, https:\/\/noticiarioregional.com.br\/wp-content\/uploads\/2025\/09\/Autoridades-de-Ipora-do-Oeste-acompanhados-dos-profissionais-da-Embrapa-em-visita-a-unidade-experimental-de-compostagem-768x576.jpg 768w, https:\/\/noticiarioregional.com.br\/wp-content\/uploads\/2025\/09\/Autoridades-de-Ipora-do-Oeste-acompanhados-dos-profissionais-da-Embrapa-em-visita-a-unidade-experimental-de-compostagem-1536x1152.jpg 1536w, https:\/\/noticiarioregional.com.br\/wp-content\/uploads\/2025\/09\/Autoridades-de-Ipora-do-Oeste-acompanhados-dos-profissionais-da-Embrapa-em-visita-a-unidade-experimental-de-compostagem-2048x1536.jpg 2048w, https:\/\/noticiarioregional.com.br\/wp-content\/uploads\/2025\/09\/Autoridades-de-Ipora-do-Oeste-acompanhados-dos-profissionais-da-Embrapa-em-visita-a-unidade-experimental-de-compostagem-150x113.jpg 150w, https:\/\/noticiarioregional.com.br\/wp-content\/uploads\/2025\/09\/Autoridades-de-Ipora-do-Oeste-acompanhados-dos-profissionais-da-Embrapa-em-visita-a-unidade-experimental-de-compostagem-450x338.jpg 450w, https:\/\/noticiarioregional.com.br\/wp-content\/uploads\/2025\/09\/Autoridades-de-Ipora-do-Oeste-acompanhados-dos-profissionais-da-Embrapa-em-visita-a-unidade-experimental-de-compostagem-1200x900.jpg 1200w\" sizes=\"(max-width: 1024px) 100vw, 1024px\" \/><figcaption class=\"wp-element-caption\"><strong>Autoridades de Ipor\u00e3 do Oeste, acompanhados dos profissionais da Embrapa, em visita a unidade experimental de compostagem<\/strong><\/figcaption><\/figure>\n\n\n\n<figure class=\"wp-block-image size-large\"><img decoding=\"async\" width=\"1024\" height=\"683\" data-id=\"7638\" src=\"https:\/\/noticiarioregional.com.br\/wp-content\/uploads\/2025\/09\/IMG_0004-1024x683.jpg\" alt=\"\" class=\"wp-image-7638\" srcset=\"https:\/\/noticiarioregional.com.br\/wp-content\/uploads\/2025\/09\/IMG_0004-1024x683.jpg 1024w, https:\/\/noticiarioregional.com.br\/wp-content\/uploads\/2025\/09\/IMG_0004-300x200.jpg 300w, https:\/\/noticiarioregional.com.br\/wp-content\/uploads\/2025\/09\/IMG_0004-768x512.jpg 768w, https:\/\/noticiarioregional.com.br\/wp-content\/uploads\/2025\/09\/IMG_0004-1536x1024.jpg 1536w, https:\/\/noticiarioregional.com.br\/wp-content\/uploads\/2025\/09\/IMG_0004-2048x1365.jpg 2048w, https:\/\/noticiarioregional.com.br\/wp-content\/uploads\/2025\/09\/IMG_0004-150x100.jpg 150w, https:\/\/noticiarioregional.com.br\/wp-content\/uploads\/2025\/09\/IMG_0004-450x300.jpg 450w, https:\/\/noticiarioregional.com.br\/wp-content\/uploads\/2025\/09\/IMG_0004-1200x800.jpg 1200w\" sizes=\"(max-width: 1024px) 100vw, 1024px\" \/><\/figure>\n\n\n\n<figure class=\"wp-block-image size-large\"><img loading=\"lazy\" decoding=\"async\" width=\"1024\" height=\"683\" data-id=\"7642\" src=\"https:\/\/noticiarioregional.com.br\/wp-content\/uploads\/2025\/09\/IMG_0010-1024x683.jpg\" alt=\"\" class=\"wp-image-7642\" srcset=\"https:\/\/noticiarioregional.com.br\/wp-content\/uploads\/2025\/09\/IMG_0010-1024x683.jpg 1024w, https:\/\/noticiarioregional.com.br\/wp-content\/uploads\/2025\/09\/IMG_0010-300x200.jpg 300w, https:\/\/noticiarioregional.com.br\/wp-content\/uploads\/2025\/09\/IMG_0010-768x512.jpg 768w, https:\/\/noticiarioregional.com.br\/wp-content\/uploads\/2025\/09\/IMG_0010-1536x1024.jpg 1536w, https:\/\/noticiarioregional.com.br\/wp-content\/uploads\/2025\/09\/IMG_0010-2048x1365.jpg 2048w, https:\/\/noticiarioregional.com.br\/wp-content\/uploads\/2025\/09\/IMG_0010-150x100.jpg 150w, https:\/\/noticiarioregional.com.br\/wp-content\/uploads\/2025\/09\/IMG_0010-450x300.jpg 450w, https:\/\/noticiarioregional.com.br\/wp-content\/uploads\/2025\/09\/IMG_0010-1200x800.jpg 1200w\" sizes=\"(max-width: 1024px) 100vw, 1024px\" \/><\/figure>\n\n\n\n<figure class=\"wp-block-image size-large\"><img loading=\"lazy\" decoding=\"async\" width=\"1024\" height=\"683\" data-id=\"7640\" src=\"https:\/\/noticiarioregional.com.br\/wp-content\/uploads\/2025\/09\/IMG_0015-1024x683.jpg\" alt=\"\" class=\"wp-image-7640\" srcset=\"https:\/\/noticiarioregional.com.br\/wp-content\/uploads\/2025\/09\/IMG_0015-1024x683.jpg 1024w, https:\/\/noticiarioregional.com.br\/wp-content\/uploads\/2025\/09\/IMG_0015-300x200.jpg 300w, https:\/\/noticiarioregional.com.br\/wp-content\/uploads\/2025\/09\/IMG_0015-768x512.jpg 768w, https:\/\/noticiarioregional.com.br\/wp-content\/uploads\/2025\/09\/IMG_0015-1536x1024.jpg 1536w, https:\/\/noticiarioregional.com.br\/wp-content\/uploads\/2025\/09\/IMG_0015-2048x1365.jpg 2048w, https:\/\/noticiarioregional.com.br\/wp-content\/uploads\/2025\/09\/IMG_0015-150x100.jpg 150w, https:\/\/noticiarioregional.com.br\/wp-content\/uploads\/2025\/09\/IMG_0015-450x300.jpg 450w, https:\/\/noticiarioregional.com.br\/wp-content\/uploads\/2025\/09\/IMG_0015-1200x800.jpg 1200w\" sizes=\"(max-width: 1024px) 100vw, 1024px\" \/><figcaption class=\"wp-element-caption\"><strong>Reuni\u00e3o teve a presen\u00e7a dos membros do CMDR e de autoridades locais e regionais<\/strong><\/figcaption><\/figure>\n\n\n\n<figure class=\"wp-block-image size-large\"><img loading=\"lazy\" decoding=\"async\" width=\"1024\" height=\"683\" data-id=\"7639\" src=\"https:\/\/noticiarioregional.com.br\/wp-content\/uploads\/2025\/09\/IMG_0017-1024x683.jpg\" alt=\"\" class=\"wp-image-7639\" srcset=\"https:\/\/noticiarioregional.com.br\/wp-content\/uploads\/2025\/09\/IMG_0017-1024x683.jpg 1024w, https:\/\/noticiarioregional.com.br\/wp-content\/uploads\/2025\/09\/IMG_0017-300x200.jpg 300w, https:\/\/noticiarioregional.com.br\/wp-content\/uploads\/2025\/09\/IMG_0017-768x512.jpg 768w, https:\/\/noticiarioregional.com.br\/wp-content\/uploads\/2025\/09\/IMG_0017-1536x1024.jpg 1536w, https:\/\/noticiarioregional.com.br\/wp-content\/uploads\/2025\/09\/IMG_0017-2048x1365.jpg 2048w, https:\/\/noticiarioregional.com.br\/wp-content\/uploads\/2025\/09\/IMG_0017-150x100.jpg 150w, https:\/\/noticiarioregional.com.br\/wp-content\/uploads\/2025\/09\/IMG_0017-450x300.jpg 450w, https:\/\/noticiarioregional.com.br\/wp-content\/uploads\/2025\/09\/IMG_0017-1200x800.jpg 1200w\" sizes=\"(max-width: 1024px) 100vw, 1024px\" \/><\/figure>\n\n\n\n<figure class=\"wp-block-image size-large\"><img loading=\"lazy\" decoding=\"async\" width=\"1024\" height=\"768\" data-id=\"7643\" src=\"https:\/\/noticiarioregional.com.br\/wp-content\/uploads\/2025\/09\/IMG_5615-1024x768.jpg\" alt=\"\" class=\"wp-image-7643\" srcset=\"https:\/\/noticiarioregional.com.br\/wp-content\/uploads\/2025\/09\/IMG_5615-1024x768.jpg 1024w, https:\/\/noticiarioregional.com.br\/wp-content\/uploads\/2025\/09\/IMG_5615-300x225.jpg 300w, https:\/\/noticiarioregional.com.br\/wp-content\/uploads\/2025\/09\/IMG_5615-768x576.jpg 768w, https:\/\/noticiarioregional.com.br\/wp-content\/uploads\/2025\/09\/IMG_5615-1536x1152.jpg 1536w, https:\/\/noticiarioregional.com.br\/wp-content\/uploads\/2025\/09\/IMG_5615-2048x1536.jpg 2048w, https:\/\/noticiarioregional.com.br\/wp-content\/uploads\/2025\/09\/IMG_5615-150x113.jpg 150w, https:\/\/noticiarioregional.com.br\/wp-content\/uploads\/2025\/09\/IMG_5615-450x338.jpg 450w, https:\/\/noticiarioregional.com.br\/wp-content\/uploads\/2025\/09\/IMG_5615-1200x900.jpg 1200w\" sizes=\"(max-width: 1024px) 100vw, 1024px\" \/><\/figure>\n\n\n\n<figure class=\"wp-block-image size-large\"><img loading=\"lazy\" decoding=\"async\" width=\"1024\" height=\"683\" data-id=\"7641\" src=\"https:\/\/noticiarioregional.com.br\/wp-content\/uploads\/2025\/09\/IMG_9998-1024x683.jpg\" alt=\"\" class=\"wp-image-7641\" srcset=\"https:\/\/noticiarioregional.com.br\/wp-content\/uploads\/2025\/09\/IMG_9998-1024x683.jpg 1024w, https:\/\/noticiarioregional.com.br\/wp-content\/uploads\/2025\/09\/IMG_9998-300x200.jpg 300w, https:\/\/noticiarioregional.com.br\/wp-content\/uploads\/2025\/09\/IMG_9998-768x512.jpg 768w, https:\/\/noticiarioregional.com.br\/wp-content\/uploads\/2025\/09\/IMG_9998-1536x1024.jpg 1536w, https:\/\/noticiarioregional.com.br\/wp-content\/uploads\/2025\/09\/IMG_9998-2048x1365.jpg 2048w, https:\/\/noticiarioregional.com.br\/wp-content\/uploads\/2025\/09\/IMG_9998-150x100.jpg 150w, https:\/\/noticiarioregional.com.br\/wp-content\/uploads\/2025\/09\/IMG_9998-450x300.jpg 450w, https:\/\/noticiarioregional.com.br\/wp-content\/uploads\/2025\/09\/IMG_9998-1200x800.jpg 1200w\" sizes=\"(max-width: 1024px) 100vw, 1024px\" \/><\/figure>\n\n\n\n<figure class=\"wp-block-image size-large\"><img loading=\"lazy\" decoding=\"async\" width=\"1024\" height=\"683\" data-id=\"7645\" src=\"https:\/\/noticiarioregional.com.br\/wp-content\/uploads\/2025\/09\/O-prefeito-Michel-Barth-destacou-a-importante-discussao-feita-com-os-integrantes-do-CMDR-em-varias-reunioes-que-o-tema-foi-levantado-1024x683.jpg\" alt=\"\" class=\"wp-image-7645\" srcset=\"https:\/\/noticiarioregional.com.br\/wp-content\/uploads\/2025\/09\/O-prefeito-Michel-Barth-destacou-a-importante-discussao-feita-com-os-integrantes-do-CMDR-em-varias-reunioes-que-o-tema-foi-levantado-1024x683.jpg 1024w, https:\/\/noticiarioregional.com.br\/wp-content\/uploads\/2025\/09\/O-prefeito-Michel-Barth-destacou-a-importante-discussao-feita-com-os-integrantes-do-CMDR-em-varias-reunioes-que-o-tema-foi-levantado-300x200.jpg 300w, https:\/\/noticiarioregional.com.br\/wp-content\/uploads\/2025\/09\/O-prefeito-Michel-Barth-destacou-a-importante-discussao-feita-com-os-integrantes-do-CMDR-em-varias-reunioes-que-o-tema-foi-levantado-768x512.jpg 768w, https:\/\/noticiarioregional.com.br\/wp-content\/uploads\/2025\/09\/O-prefeito-Michel-Barth-destacou-a-importante-discussao-feita-com-os-integrantes-do-CMDR-em-varias-reunioes-que-o-tema-foi-levantado-1536x1024.jpg 1536w, https:\/\/noticiarioregional.com.br\/wp-content\/uploads\/2025\/09\/O-prefeito-Michel-Barth-destacou-a-importante-discussao-feita-com-os-integrantes-do-CMDR-em-varias-reunioes-que-o-tema-foi-levantado-2048x1365.jpg 2048w, https:\/\/noticiarioregional.com.br\/wp-content\/uploads\/2025\/09\/O-prefeito-Michel-Barth-destacou-a-importante-discussao-feita-com-os-integrantes-do-CMDR-em-varias-reunioes-que-o-tema-foi-levantado-150x100.jpg 150w, https:\/\/noticiarioregional.com.br\/wp-content\/uploads\/2025\/09\/O-prefeito-Michel-Barth-destacou-a-importante-discussao-feita-com-os-integrantes-do-CMDR-em-varias-reunioes-que-o-tema-foi-levantado-450x300.jpg 450w, https:\/\/noticiarioregional.com.br\/wp-content\/uploads\/2025\/09\/O-prefeito-Michel-Barth-destacou-a-importante-discussao-feita-com-os-integrantes-do-CMDR-em-varias-reunioes-que-o-tema-foi-levantado-1200x800.jpg 1200w\" sizes=\"(max-width: 1024px) 100vw, 1024px\" \/><figcaption class=\"wp-element-caption\"><strong>O prefeito Michel Barth<\/strong> <strong>destacou a importante discuss\u00e3o feita com os integrantes do CMDR, em v\u00e1rias reuni\u00f5es que o tema foi levantado<\/strong><\/figcaption><\/figure>\n\n\n\n<figure class=\"wp-block-image size-large\"><img loading=\"lazy\" decoding=\"async\" width=\"576\" height=\"1024\" data-id=\"7647\" src=\"https:\/\/noticiarioregional.com.br\/wp-content\/uploads\/2025\/09\/Unidade-experimental-na-propriedade-de-Anderson-Sehn-576x1024.png\" alt=\"\" class=\"wp-image-7647\" srcset=\"https:\/\/noticiarioregional.com.br\/wp-content\/uploads\/2025\/09\/Unidade-experimental-na-propriedade-de-Anderson-Sehn-576x1024.png 576w, https:\/\/noticiarioregional.com.br\/wp-content\/uploads\/2025\/09\/Unidade-experimental-na-propriedade-de-Anderson-Sehn-169x300.png 169w, https:\/\/noticiarioregional.com.br\/wp-content\/uploads\/2025\/09\/Unidade-experimental-na-propriedade-de-Anderson-Sehn-768x1365.png 768w, https:\/\/noticiarioregional.com.br\/wp-content\/uploads\/2025\/09\/Unidade-experimental-na-propriedade-de-Anderson-Sehn-864x1536.png 864w, https:\/\/noticiarioregional.com.br\/wp-content\/uploads\/2025\/09\/Unidade-experimental-na-propriedade-de-Anderson-Sehn-1152x2048.png 1152w, https:\/\/noticiarioregional.com.br\/wp-content\/uploads\/2025\/09\/Unidade-experimental-na-propriedade-de-Anderson-Sehn-150x267.png 150w, https:\/\/noticiarioregional.com.br\/wp-content\/uploads\/2025\/09\/Unidade-experimental-na-propriedade-de-Anderson-Sehn-450x800.png 450w, https:\/\/noticiarioregional.com.br\/wp-content\/uploads\/2025\/09\/Unidade-experimental-na-propriedade-de-Anderson-Sehn-1200x2133.png 1200w, https:\/\/noticiarioregional.com.br\/wp-content\/uploads\/2025\/09\/Unidade-experimental-na-propriedade-de-Anderson-Sehn-scaled.png 1440w\" sizes=\"(max-width: 576px) 100vw, 576px\" \/><figcaption class=\"wp-element-caption\"><strong>Unidade experimental na propriedade de Anderson Sehn<\/strong><\/figcaption><\/figure>\n<\/figure>\n","protected":false},"excerpt":{"rendered":"<p>Programa foi apresentado em reuni\u00e3o do CMDR No dia 08 de setembro, como pauta principal da reuni\u00e3o mensal do Conselho Municipal de Desenvolvimento Rural de Ipor\u00e3 do Oeste, CMDR, a administra\u00e7\u00e3o municipal apresentou o Programa Municipal de Compostagem de Carca\u00e7as de Animais de Grande Porte, PROMUC. \u00c9 um projeto piloto realizado em parceria pelo munic\u00edpio,<\/p>\n","protected":false},"author":1,"featured_media":7648,"comment_status":"open","ping_status":"open","sticky":false,"template":"","format":"standard","meta":{"footnotes":""},"categories":[41],"tags":[],"class_list":{"0":"post-7637","1":"post","2":"type-post","3":"status-publish","4":"format-standard","5":"has-post-thumbnail","7":"category-noticias"},"_links":{"self":[{"href":"https:\/\/noticiarioregional.com.br\/index.php?rest_route=\/wp\/v2\/posts\/7637","targetHints":{"allow":["GET"]}}],"collection":[{"href":"https:\/\/noticiarioregional.com.br\/index.php?rest_route=\/wp\/v2\/posts"}],"about":[{"href":"https:\/\/noticiarioregional.com.br\/index.php?rest_route=\/wp\/v2\/types\/post"}],"author":[{"embeddable":true,"href":"https:\/\/noticiarioregional.com.br\/index.php?rest_route=\/wp\/v2\/users\/1"}],"replies":[{"embeddable":true,"href":"https:\/\/noticiarioregional.com.br\/index.php?rest_route=%2Fwp%2Fv2%2Fcomments&post=7637"}],"version-history":[{"count":1,"href":"https:\/\/noticiarioregional.com.br\/index.php?rest_route=\/wp\/v2\/posts\/7637\/revisions"}],"predecessor-version":[{"id":7649,"href":"https:\/\/noticiarioregional.com.br\/index.php?rest_route=\/wp\/v2\/posts\/7637\/revisions\/7649"}],"wp:featuredmedia":[{"embeddable":true,"href":"https:\/\/noticiarioregional.com.br\/index.php?rest_route=\/wp\/v2\/media\/7648"}],"wp:attachment":[{"href":"https:\/\/noticiarioregional.com.br\/index.php?rest_route=%2Fwp%2Fv2%2Fmedia&parent=7637"}],"wp:term":[{"taxonomy":"category","embeddable":true,"href":"https:\/\/noticiarioregional.com.br\/index.php?rest_route=%2Fwp%2Fv2%2Fcategories&post=7637"},{"taxonomy":"post_tag","embeddable":true,"href":"https:\/\/noticiarioregional.com.br\/index.php?rest_route=%2Fwp%2Fv2%2Ftags&post=7637"}],"curies":[{"name":"wp","href":"https:\/\/api.w.org\/{rel}","templated":true}]}}