{"id":7658,"date":"2025-09-26T10:19:07","date_gmt":"2025-09-26T13:19:07","guid":{"rendered":"https:\/\/noticiarioregional.com.br\/?p=7658"},"modified":"2025-09-26T10:19:09","modified_gmt":"2025-09-26T13:19:09","slug":"nova-ambulancia-reforca-a-frota-da-saude-em-caibi","status":"publish","type":"post","link":"https:\/\/noticiarioregional.com.br\/?p=7658","title":{"rendered":"Nova ambul\u00e2ncia refor\u00e7a a frota da Sa\u00fade em Caibi"},"content":{"rendered":"\n<p><\/p>\n\n\n\n<p><strong><u>Assessoria de Comunica\u00e7\u00e3o<\/u><\/strong><\/p>\n\n\n\n<p>A sa\u00fade p\u00fablica de Caibi ganhou um importante refor\u00e7o na ter\u00e7a-feira, 03 de setembro, com a entrega oficial de uma nova ambul\u00e2ncia para o munic\u00edpio. O ve\u00edculo passa a integrar a frota da Secretaria de Sa\u00fade e ser\u00e1 utilizado especialmente no transporte de pacientes que necessitam de atendimentos e tratamentos de maior complexidade em cidades da regi\u00e3o.<\/p>\n\n\n\n<p>A aquisi\u00e7\u00e3o foi viabilizada gra\u00e7as a um repasse de R$ 350 mil do Governo do Estado de Santa Catarina, atendendo a uma solicita\u00e7\u00e3o apresentada pela Administra\u00e7\u00e3o Municipal. Al\u00e9m do recurso estadual, o munic\u00edpio aplicou uma contrapartida de R$ 8.900,00 com recursos pr\u00f3prios, demonstrando o empenho em ampliar e modernizar os servi\u00e7os de sa\u00fade.<\/p>\n\n\n\n<p>Segundo a Secretaria de Sa\u00fade, a solicita\u00e7\u00e3o foi feita em julho deste ano, diante da necessidade urgente de melhorar as condi\u00e7\u00f5es de transporte dos pacientes, em especial daqueles que realizam tratamento oncol\u00f3gico. Muitos precisam se deslocar diariamente para cidades como Chapec\u00f3, Joa\u00e7aba e Xanxer\u00ea, percorrendo dist\u00e2ncias superiores a 80 quil\u00f4metros para ter acesso aos procedimentos.<\/p>\n\n\n\n<p>At\u00e9 ent\u00e3o, a frota municipal contava com ambul\u00e2ncias com mais de dez anos de uso, ve\u00edculos que apresentavam constantes problemas mec\u00e2nicos e alto desgaste, o que dificultava a presta\u00e7\u00e3o de um servi\u00e7o \u00e1gil e seguro.<\/p>\n\n\n\n<p>Com a chegada da nova ambul\u00e2ncia, a Administra\u00e7\u00e3o Municipal espera garantir mais efici\u00eancia, seguran\u00e7a e humaniza\u00e7\u00e3o no atendimento. Mais do que um simples ve\u00edculo, a ambul\u00e2ncia representa um verdadeiro salva-vidas, j\u00e1 que possibilita o socorro r\u00e1pido e o transporte adequado de pacientes em situa\u00e7\u00f5es de urg\u00eancia e emerg\u00eancia.<\/p>\n\n\n\n<p>A Administra\u00e7\u00e3o ressalta que o investimento integra o compromisso de qualificar continuamente os servi\u00e7os de sa\u00fade, oferecendo melhores condi\u00e7\u00f5es de atendimento \u00e0 popula\u00e7\u00e3o e assegurando que os caibienses tenham acesso a um transporte digno, confi\u00e1vel e preparado para salvar vidas.<\/p>\n","protected":false},"excerpt":{"rendered":"<p>Assessoria de Comunica\u00e7\u00e3o A sa\u00fade p\u00fablica de Caibi ganhou um importante refor\u00e7o na ter\u00e7a-feira, 03 de setembro, com a entrega oficial de uma nova ambul\u00e2ncia para o munic\u00edpio. O ve\u00edculo passa a integrar a frota da Secretaria de Sa\u00fade e ser\u00e1 utilizado especialmente no transporte de pacientes que necessitam de atendimentos e tratamentos de maior<\/p>\n","protected":false},"author":1,"featured_media":7659,"comment_status":"open","ping_status":"open","sticky":false,"template":"","format":"standard","meta":{"footnotes":""},"categories":[41],"tags":[],"class_list":{"0":"post-7658","1":"post","2":"type-post","3":"status-publish","4":"format-standard","5":"has-post-thumbnail","7":"category-noticias"},"_links":{"self":[{"href":"https:\/\/noticiarioregional.com.br\/index.php?rest_route=\/wp\/v2\/posts\/7658","targetHints":{"allow":["GET"]}}],"collection":[{"href":"https:\/\/noticiarioregional.com.br\/index.php?rest_route=\/wp\/v2\/posts"}],"about":[{"href":"https:\/\/noticiarioregional.com.br\/index.php?rest_route=\/wp\/v2\/types\/post"}],"author":[{"embeddable":true,"href":"https:\/\/noticiarioregional.com.br\/index.php?rest_route=\/wp\/v2\/users\/1"}],"replies":[{"embeddable":true,"href":"https:\/\/noticiarioregional.com.br\/index.php?rest_route=%2Fwp%2Fv2%2Fcomments&post=7658"}],"version-history":[{"count":1,"href":"https:\/\/noticiarioregional.com.br\/index.php?rest_route=\/wp\/v2\/posts\/7658\/revisions"}],"predecessor-version":[{"id":7660,"href":"https:\/\/noticiarioregional.com.br\/index.php?rest_route=\/wp\/v2\/posts\/7658\/revisions\/7660"}],"wp:featuredmedia":[{"embeddable":true,"href":"https:\/\/noticiarioregional.com.br\/index.php?rest_route=\/wp\/v2\/media\/7659"}],"wp:attachment":[{"href":"https:\/\/noticiarioregional.com.br\/index.php?rest_route=%2Fwp%2Fv2%2Fmedia&parent=7658"}],"wp:term":[{"taxonomy":"category","embeddable":true,"href":"https:\/\/noticiarioregional.com.br\/index.php?rest_route=%2Fwp%2Fv2%2Fcategories&post=7658"},{"taxonomy":"post_tag","embeddable":true,"href":"https:\/\/noticiarioregional.com.br\/index.php?rest_route=%2Fwp%2Fv2%2Ftags&post=7658"}],"curies":[{"name":"wp","href":"https:\/\/api.w.org\/{rel}","templated":true}]}}