{"id":7664,"date":"2025-09-26T10:23:05","date_gmt":"2025-09-26T13:23:05","guid":{"rendered":"https:\/\/noticiarioregional.com.br\/?p=7664"},"modified":"2025-09-26T10:23:07","modified_gmt":"2025-09-26T13:23:07","slug":"abertas-inscricoes-do-programa-castracao-gratuita-de-caes-e-gatos","status":"publish","type":"post","link":"https:\/\/noticiarioregional.com.br\/?p=7664","title":{"rendered":"Abertas inscri\u00e7\u00f5es do Programa Castra\u00e7\u00e3o Gratuita de C\u00e3es e Gatos"},"content":{"rendered":"\n<p>A castra\u00e7\u00e3o de c\u00e3es e gatos em Monda\u00ed \u00e9 garantida por lei municipal desde 20 de dezembro de 2023. A iniciativa busca promover o bem-estar animal e, ao mesmo tempo, controlar a popula\u00e7\u00e3o de animais em situa\u00e7\u00e3o de abandono, al\u00e9m de evitar superpopula\u00e7\u00e3o.<\/p>\n\n\n\n<p>Conforme a diretora geral de Gest\u00e3o de Parcerias e Conselhos, Priscila Bernardi, o programa \u00e9 de responsabilidade integral do munic\u00edpio e contempla diferentes situa\u00e7\u00f5es. Entre os beneficiados est\u00e3o: Animais em contexto de abandono ou maus-tratos, como os de rua ou comunit\u00e1rios; Animais adotados ou que estejam em lares tempor\u00e1rios; Animais de abrigos ou casas parceiras do munic\u00edpio, dentro ou fora de Monda\u00ed; Animais encontrados soltos em vias p\u00fablicas, sem identifica\u00e7\u00e3o de tutor; Animais sob cuidado de organiza\u00e7\u00f5es da sociedade civil que atuam no bem-estar animal no munic\u00edpio; Animais pertencentes a fam\u00edlias de baixa renda.<\/p>\n\n\n\n<p>De acordo com a lei, s\u00e3o consideradas fam\u00edlias de baixa renda aquelas que possuam resid\u00eancia fixa em Monda\u00ed e cadastro ativo no Programa Bolsa Fam\u00edlia, atualizado nos \u00faltimos 12 meses. Nesses casos, a castra\u00e7\u00e3o \u00e9 100% gratuita. Para os demais tutores residentes no munic\u00edpio, o benef\u00edcio cobre 50% do valor do procedimento, sendo o restante de responsabilidade da fam\u00edlia.<\/p>\n\n\n\n<p>As castra\u00e7\u00f5es s\u00e3o realizadas em duas cl\u00ednicas veterin\u00e1rias credenciadas de Monda\u00ed, na Cl\u00ednica Mundo Animal e na Vital Pet.&nbsp; Os interessados em inscrever seus animais devem procurar o setor de Vigil\u00e2ncia Sanit\u00e1ria do munic\u00edpio para receber orienta\u00e7\u00f5es e encaminhamento. Os valores de castra\u00e7\u00f5es variam entre c\u00e3es e gatos, sendo avaliados o sexo do animal, al\u00e9m do seu peso.<\/p>\n\n\n\n<p><strong>BOX: Monda\u00ed tamb\u00e9m faz parte do Programa Pet Levado a S\u00e9rio<\/strong><\/p>\n\n\n\n<p><strong>&nbsp;&nbsp;&nbsp;&nbsp;&nbsp;&nbsp;&nbsp;&nbsp;&nbsp;&nbsp;&nbsp; <\/strong>Priscila ainda destaca que o munic\u00edpio tamb\u00e9m faz parte do Programa estadual para munic\u00edpios de at\u00e9 100 mil habitantes, o Programa Pet Levado a S\u00e9rio. E explica que o programa \u00e9 uma iniciativa do Governo de Santa Catarina para o bem-estar animal, sendo um dos maiores programas de castra\u00e7\u00e3o do Brasil, com o objetivo de reduzir o abandono e doen\u00e7as relacionadas \u00e0 superpopula\u00e7\u00e3o de animais. O programa prev\u00ea o investimento de R$ 18 milh\u00f5es para beneficiar 281 munic\u00edpios, promovendo 90 mil castra\u00e7\u00f5es e oferecendo capacita\u00e7\u00e3o t\u00e9cnica aos gestores municipais para o controle populacional.<\/p>\n","protected":false},"excerpt":{"rendered":"<p>A castra\u00e7\u00e3o de c\u00e3es e gatos em Monda\u00ed \u00e9 garantida por lei municipal desde 20 de dezembro de 2023. A iniciativa busca promover o bem-estar animal e, ao mesmo tempo, controlar a popula\u00e7\u00e3o de animais em situa\u00e7\u00e3o de abandono, al\u00e9m de evitar superpopula\u00e7\u00e3o. Conforme a diretora geral de Gest\u00e3o de Parcerias e Conselhos, Priscila Bernardi,<\/p>\n","protected":false},"author":1,"featured_media":7665,"comment_status":"open","ping_status":"open","sticky":false,"template":"","format":"standard","meta":{"footnotes":""},"categories":[41],"tags":[],"class_list":{"0":"post-7664","1":"post","2":"type-post","3":"status-publish","4":"format-standard","5":"has-post-thumbnail","7":"category-noticias"},"_links":{"self":[{"href":"https:\/\/noticiarioregional.com.br\/index.php?rest_route=\/wp\/v2\/posts\/7664","targetHints":{"allow":["GET"]}}],"collection":[{"href":"https:\/\/noticiarioregional.com.br\/index.php?rest_route=\/wp\/v2\/posts"}],"about":[{"href":"https:\/\/noticiarioregional.com.br\/index.php?rest_route=\/wp\/v2\/types\/post"}],"author":[{"embeddable":true,"href":"https:\/\/noticiarioregional.com.br\/index.php?rest_route=\/wp\/v2\/users\/1"}],"replies":[{"embeddable":true,"href":"https:\/\/noticiarioregional.com.br\/index.php?rest_route=%2Fwp%2Fv2%2Fcomments&post=7664"}],"version-history":[{"count":1,"href":"https:\/\/noticiarioregional.com.br\/index.php?rest_route=\/wp\/v2\/posts\/7664\/revisions"}],"predecessor-version":[{"id":7666,"href":"https:\/\/noticiarioregional.com.br\/index.php?rest_route=\/wp\/v2\/posts\/7664\/revisions\/7666"}],"wp:featuredmedia":[{"embeddable":true,"href":"https:\/\/noticiarioregional.com.br\/index.php?rest_route=\/wp\/v2\/media\/7665"}],"wp:attachment":[{"href":"https:\/\/noticiarioregional.com.br\/index.php?rest_route=%2Fwp%2Fv2%2Fmedia&parent=7664"}],"wp:term":[{"taxonomy":"category","embeddable":true,"href":"https:\/\/noticiarioregional.com.br\/index.php?rest_route=%2Fwp%2Fv2%2Fcategories&post=7664"},{"taxonomy":"post_tag","embeddable":true,"href":"https:\/\/noticiarioregional.com.br\/index.php?rest_route=%2Fwp%2Fv2%2Ftags&post=7664"}],"curies":[{"name":"wp","href":"https:\/\/api.w.org\/{rel}","templated":true}]}}