{"id":7676,"date":"2025-09-26T10:47:20","date_gmt":"2025-09-26T13:47:20","guid":{"rendered":"https:\/\/noticiarioregional.com.br\/?p=7676"},"modified":"2025-09-26T10:47:21","modified_gmt":"2025-09-26T13:47:21","slug":"sicoob-oestecredi-comemora-40-anos","status":"publish","type":"post","link":"https:\/\/noticiarioregional.com.br\/?p=7676","title":{"rendered":"Sicoob Oestecredi comemora 40 anos"},"content":{"rendered":"\n<p><em>Cooperativa de Cr\u00e9dito celebra anivers\u00e1rio, homenageia s\u00f3cios-fundadores e lan\u00e7a livro<\/em><\/p>\n\n\n\n<p>Quarenta anos de uni\u00e3o e evolu\u00e7\u00e3o. Foi com este esp\u00edrito cooperativo que o Sicoob Oestecredi celebrou na sexta-feira, 12, em Palmitos, quatro d\u00e9cadas de trajet\u00f3ria marcada pela coopera\u00e7\u00e3o e fortalecimento comunit\u00e1rio. O palco da festa foi o sal\u00e3o paroquial, o qual recebeu mais de 300 pessoas para a solenidade que abriu as comemora\u00e7\u00f5es de anivers\u00e1rio. O evento contou com a presen\u00e7a de fundadores, cooperados, autoridades, imprensa, e foi marcado pelo simbolismo, e especialmente pela emo\u00e7\u00e3o daqueles que deram os primeiros passos para o impulso do cooperativismo de cr\u00e9dito no Extremo Oeste catarinense e norte ga\u00facho.<\/p>\n\n\n\n<p>O evento homenageou os pioneiros que em 1985, ousaram criar uma alternativa de acesso ao cr\u00e9dito em tempos de escassez financeira, fator que se tornou s\u00edmbolo de autonomia econ\u00f4mica dos pequenos produtores. A manh\u00e3 tamb\u00e9m foi marcada pelo lan\u00e7amento de um livro comemorativo, o qual recupera as mem\u00f3rias e desafios enfrentados pela cooperativa ao longo de quatro d\u00e9cadas, homenagens a ex-presidentes, al\u00e9m da apresenta\u00e7\u00e3o do novo v\u00eddeo institucional.<\/p>\n\n\n\n<p>&nbsp;&nbsp;&nbsp;&nbsp;&nbsp;&nbsp;&nbsp;&nbsp;&nbsp;&nbsp;&nbsp; Em sua fala, o presidente do Conselho de Administra\u00e7\u00e3o Vanderli Soprano, explanou alguns dados desde a cria\u00e7\u00e3o, fase da fus\u00e3o das cooperativas Crediarco com seus 5 PAS, e Credilucia com 3 PAS e n\u00fameros atuais. <em>\u201c[&#8230;]foi pela boa vontade e entendimento dos conselhos de administra\u00e7\u00e3o que era melhor unir as cooperativas para que se tivesse uma hist\u00f3ria diferente. O receio inicial era perder as identidades, perder a hist\u00f3ria das cooperativas (<\/em>Crediarco e Credilucia)<em> na hora que fizesse uma fus\u00e3o, e eu discordo, n\u00f3s enriquecemos a hist\u00f3ria da nossa cooperativa, e todos s\u00e3o fundadores dessa grande cooperativa hoje que \u00e9 a Sicoob Oestecredi. [&#8230;]a cooperativa hoje, o nosso Sicoob, \u00e9 uma hist\u00f3ria de sucesso, \u00e9 uma cooperativa de fam\u00edlias, que iniciou em 1\u00ba de fevereiro de 1985 com a funda\u00e7\u00e3o da Crediarco, depois, em 15 de julho de 1986 funda\u00e7\u00e3o da Credilucia, em 2000 ano da fus\u00e3o dando origem a Sicoob Oestecredi. Em 2007 a mudan\u00e7a para a Livre Admiss\u00e3o de Associados, depois em 2011 a expans\u00e3o para o Rio Grande do Sul, e em 2019 inaugura\u00e7\u00e3o da sede administrativa em Palmitos. Partimos com 32 s\u00f3cios-fundadores e hoje somos 44.062 (dados de julho). Nosso crescimento no patrim\u00f4nio l\u00edquido contabilizado em NCz$ 17.336,45 no ano de 1989 atingiu R$ 235.772.517,49 em julho de 2025. Enfim, dizer que esta comemora\u00e7\u00e3o \u00e9 um momento \u00fanico de 40 anos. Agradecer, portanto, aos parceiros, prefeitos, diretoria, funcion\u00e1rios, e aos nossos fundadores. O que estamos celebrando hoje foi pensado em voc\u00eas e a festa \u00e9 de todos n\u00f3s.\u201d<\/em><\/p>\n\n\n\n<p>Encerradas as falas teve bolo simb\u00f3lico e cantado os parab\u00e9ns. Ao meio-dia foi servido almo\u00e7o de confraterniza\u00e7\u00e3o e a tarde a programa\u00e7\u00e3o festiva musical continuou. No s\u00e1bado, 13, as comemora\u00e7\u00f5es e homenagens envolveu os colaboradores.<\/p>\n\n\n\n<figure class=\"wp-block-gallery has-nested-images columns-default is-cropped wp-block-gallery-1 is-layout-flex wp-block-gallery-is-layout-flex\">\n<figure class=\"wp-block-image size-large\"><img fetchpriority=\"high\" decoding=\"async\" width=\"1024\" height=\"683\" data-id=\"7682\" src=\"https:\/\/noticiarioregional.com.br\/wp-content\/uploads\/2025\/09\/Autoridades-de-varios-municipios-prestigiam-evento-1024x683.jpg\" alt=\"\" class=\"wp-image-7682\" srcset=\"https:\/\/noticiarioregional.com.br\/wp-content\/uploads\/2025\/09\/Autoridades-de-varios-municipios-prestigiam-evento-1024x683.jpg 1024w, https:\/\/noticiarioregional.com.br\/wp-content\/uploads\/2025\/09\/Autoridades-de-varios-municipios-prestigiam-evento-300x200.jpg 300w, https:\/\/noticiarioregional.com.br\/wp-content\/uploads\/2025\/09\/Autoridades-de-varios-municipios-prestigiam-evento-768x512.jpg 768w, https:\/\/noticiarioregional.com.br\/wp-content\/uploads\/2025\/09\/Autoridades-de-varios-municipios-prestigiam-evento-1536x1024.jpg 1536w, https:\/\/noticiarioregional.com.br\/wp-content\/uploads\/2025\/09\/Autoridades-de-varios-municipios-prestigiam-evento-2048x1365.jpg 2048w, https:\/\/noticiarioregional.com.br\/wp-content\/uploads\/2025\/09\/Autoridades-de-varios-municipios-prestigiam-evento-150x100.jpg 150w, https:\/\/noticiarioregional.com.br\/wp-content\/uploads\/2025\/09\/Autoridades-de-varios-municipios-prestigiam-evento-450x300.jpg 450w, https:\/\/noticiarioregional.com.br\/wp-content\/uploads\/2025\/09\/Autoridades-de-varios-municipios-prestigiam-evento-1200x800.jpg 1200w\" sizes=\"(max-width: 1024px) 100vw, 1024px\" \/><\/figure>\n\n\n\n<figure class=\"wp-block-image size-large\"><img decoding=\"async\" width=\"1024\" height=\"683\" data-id=\"7684\" src=\"https:\/\/noticiarioregional.com.br\/wp-content\/uploads\/2025\/09\/Brinde-do-conselho-Sicoob-1024x683.jpg\" alt=\"\" class=\"wp-image-7684\" srcset=\"https:\/\/noticiarioregional.com.br\/wp-content\/uploads\/2025\/09\/Brinde-do-conselho-Sicoob-1024x683.jpg 1024w, https:\/\/noticiarioregional.com.br\/wp-content\/uploads\/2025\/09\/Brinde-do-conselho-Sicoob-300x200.jpg 300w, https:\/\/noticiarioregional.com.br\/wp-content\/uploads\/2025\/09\/Brinde-do-conselho-Sicoob-768x512.jpg 768w, https:\/\/noticiarioregional.com.br\/wp-content\/uploads\/2025\/09\/Brinde-do-conselho-Sicoob-1536x1024.jpg 1536w, https:\/\/noticiarioregional.com.br\/wp-content\/uploads\/2025\/09\/Brinde-do-conselho-Sicoob-2048x1365.jpg 2048w, https:\/\/noticiarioregional.com.br\/wp-content\/uploads\/2025\/09\/Brinde-do-conselho-Sicoob-150x100.jpg 150w, https:\/\/noticiarioregional.com.br\/wp-content\/uploads\/2025\/09\/Brinde-do-conselho-Sicoob-450x300.jpg 450w, https:\/\/noticiarioregional.com.br\/wp-content\/uploads\/2025\/09\/Brinde-do-conselho-Sicoob-1200x800.jpg 1200w\" sizes=\"(max-width: 1024px) 100vw, 1024px\" \/><\/figure>\n\n\n\n<figure class=\"wp-block-image size-large\"><img decoding=\"async\" width=\"1024\" height=\"271\" data-id=\"7678\" src=\"https:\/\/noticiarioregional.com.br\/wp-content\/uploads\/2025\/09\/Geral-1024x271.jpeg\" alt=\"\" class=\"wp-image-7678\" srcset=\"https:\/\/noticiarioregional.com.br\/wp-content\/uploads\/2025\/09\/Geral-1024x271.jpeg 1024w, https:\/\/noticiarioregional.com.br\/wp-content\/uploads\/2025\/09\/Geral-300x80.jpeg 300w, https:\/\/noticiarioregional.com.br\/wp-content\/uploads\/2025\/09\/Geral-768x204.jpeg 768w, https:\/\/noticiarioregional.com.br\/wp-content\/uploads\/2025\/09\/Geral-150x40.jpeg 150w, https:\/\/noticiarioregional.com.br\/wp-content\/uploads\/2025\/09\/Geral-450x119.jpeg 450w, https:\/\/noticiarioregional.com.br\/wp-content\/uploads\/2025\/09\/Geral-1200x318.jpeg 1200w, https:\/\/noticiarioregional.com.br\/wp-content\/uploads\/2025\/09\/Geral.jpeg 1471w\" sizes=\"(max-width: 1024px) 100vw, 1024px\" \/><\/figure>\n\n\n\n<figure class=\"wp-block-image size-large\"><img loading=\"lazy\" decoding=\"async\" width=\"1024\" height=\"683\" data-id=\"7679\" src=\"https:\/\/noticiarioregional.com.br\/wp-content\/uploads\/2025\/09\/Gerentes-das-Agencias-Sicoob-1024x683.jpg\" alt=\"\" class=\"wp-image-7679\" srcset=\"https:\/\/noticiarioregional.com.br\/wp-content\/uploads\/2025\/09\/Gerentes-das-Agencias-Sicoob-1024x683.jpg 1024w, https:\/\/noticiarioregional.com.br\/wp-content\/uploads\/2025\/09\/Gerentes-das-Agencias-Sicoob-300x200.jpg 300w, https:\/\/noticiarioregional.com.br\/wp-content\/uploads\/2025\/09\/Gerentes-das-Agencias-Sicoob-768x512.jpg 768w, https:\/\/noticiarioregional.com.br\/wp-content\/uploads\/2025\/09\/Gerentes-das-Agencias-Sicoob-1536x1024.jpg 1536w, https:\/\/noticiarioregional.com.br\/wp-content\/uploads\/2025\/09\/Gerentes-das-Agencias-Sicoob-2048x1365.jpg 2048w, https:\/\/noticiarioregional.com.br\/wp-content\/uploads\/2025\/09\/Gerentes-das-Agencias-Sicoob-150x100.jpg 150w, https:\/\/noticiarioregional.com.br\/wp-content\/uploads\/2025\/09\/Gerentes-das-Agencias-Sicoob-450x300.jpg 450w, https:\/\/noticiarioregional.com.br\/wp-content\/uploads\/2025\/09\/Gerentes-das-Agencias-Sicoob-1200x800.jpg 1200w\" sizes=\"(max-width: 1024px) 100vw, 1024px\" \/><\/figure>\n\n\n\n<figure class=\"wp-block-image size-large\"><img loading=\"lazy\" decoding=\"async\" width=\"1024\" height=\"683\" data-id=\"7681\" src=\"https:\/\/noticiarioregional.com.br\/wp-content\/uploads\/2025\/09\/Homenagem-ao-presidente-e-ex-presidentes-1024x683.jpg\" alt=\"\" class=\"wp-image-7681\" srcset=\"https:\/\/noticiarioregional.com.br\/wp-content\/uploads\/2025\/09\/Homenagem-ao-presidente-e-ex-presidentes-1024x683.jpg 1024w, https:\/\/noticiarioregional.com.br\/wp-content\/uploads\/2025\/09\/Homenagem-ao-presidente-e-ex-presidentes-300x200.jpg 300w, https:\/\/noticiarioregional.com.br\/wp-content\/uploads\/2025\/09\/Homenagem-ao-presidente-e-ex-presidentes-768x512.jpg 768w, https:\/\/noticiarioregional.com.br\/wp-content\/uploads\/2025\/09\/Homenagem-ao-presidente-e-ex-presidentes-1536x1024.jpg 1536w, https:\/\/noticiarioregional.com.br\/wp-content\/uploads\/2025\/09\/Homenagem-ao-presidente-e-ex-presidentes-2048x1366.jpg 2048w, https:\/\/noticiarioregional.com.br\/wp-content\/uploads\/2025\/09\/Homenagem-ao-presidente-e-ex-presidentes-150x100.jpg 150w, https:\/\/noticiarioregional.com.br\/wp-content\/uploads\/2025\/09\/Homenagem-ao-presidente-e-ex-presidentes-450x300.jpg 450w, https:\/\/noticiarioregional.com.br\/wp-content\/uploads\/2025\/09\/Homenagem-ao-presidente-e-ex-presidentes-1200x800.jpg 1200w\" sizes=\"(max-width: 1024px) 100vw, 1024px\" \/><\/figure>\n\n\n\n<figure class=\"wp-block-image size-large\"><img loading=\"lazy\" decoding=\"async\" width=\"1024\" height=\"683\" data-id=\"7680\" src=\"https:\/\/noticiarioregional.com.br\/wp-content\/uploads\/2025\/09\/Presidente-1024x683.jpg\" alt=\"\" class=\"wp-image-7680\" srcset=\"https:\/\/noticiarioregional.com.br\/wp-content\/uploads\/2025\/09\/Presidente-1024x683.jpg 1024w, https:\/\/noticiarioregional.com.br\/wp-content\/uploads\/2025\/09\/Presidente-300x200.jpg 300w, https:\/\/noticiarioregional.com.br\/wp-content\/uploads\/2025\/09\/Presidente-768x512.jpg 768w, https:\/\/noticiarioregional.com.br\/wp-content\/uploads\/2025\/09\/Presidente-1536x1024.jpg 1536w, https:\/\/noticiarioregional.com.br\/wp-content\/uploads\/2025\/09\/Presidente-2048x1365.jpg 2048w, https:\/\/noticiarioregional.com.br\/wp-content\/uploads\/2025\/09\/Presidente-150x100.jpg 150w, https:\/\/noticiarioregional.com.br\/wp-content\/uploads\/2025\/09\/Presidente-450x300.jpg 450w, https:\/\/noticiarioregional.com.br\/wp-content\/uploads\/2025\/09\/Presidente-1200x800.jpg 1200w\" sizes=\"(max-width: 1024px) 100vw, 1024px\" \/><\/figure>\n\n\n\n<figure class=\"wp-block-image size-large\"><img loading=\"lazy\" decoding=\"async\" width=\"1024\" height=\"301\" data-id=\"7683\" src=\"https:\/\/noticiarioregional.com.br\/wp-content\/uploads\/2025\/09\/Socios-fundadores-1024x301.jpg\" alt=\"\" class=\"wp-image-7683\" srcset=\"https:\/\/noticiarioregional.com.br\/wp-content\/uploads\/2025\/09\/Socios-fundadores-1024x301.jpg 1024w, https:\/\/noticiarioregional.com.br\/wp-content\/uploads\/2025\/09\/Socios-fundadores-300x88.jpg 300w, https:\/\/noticiarioregional.com.br\/wp-content\/uploads\/2025\/09\/Socios-fundadores-768x226.jpg 768w, https:\/\/noticiarioregional.com.br\/wp-content\/uploads\/2025\/09\/Socios-fundadores-1536x452.jpg 1536w, https:\/\/noticiarioregional.com.br\/wp-content\/uploads\/2025\/09\/Socios-fundadores-2048x603.jpg 2048w, https:\/\/noticiarioregional.com.br\/wp-content\/uploads\/2025\/09\/Socios-fundadores-150x44.jpg 150w, https:\/\/noticiarioregional.com.br\/wp-content\/uploads\/2025\/09\/Socios-fundadores-450x132.jpg 450w, https:\/\/noticiarioregional.com.br\/wp-content\/uploads\/2025\/09\/Socios-fundadores-1200x353.jpg 1200w\" sizes=\"(max-width: 1024px) 100vw, 1024px\" \/><\/figure>\n<\/figure>\n","protected":false},"excerpt":{"rendered":"<p>Cooperativa de Cr\u00e9dito celebra anivers\u00e1rio, homenageia s\u00f3cios-fundadores e lan\u00e7a livro Quarenta anos de uni\u00e3o e evolu\u00e7\u00e3o. Foi com este esp\u00edrito cooperativo que o Sicoob Oestecredi celebrou na sexta-feira, 12, em Palmitos, quatro d\u00e9cadas de trajet\u00f3ria marcada pela coopera\u00e7\u00e3o e fortalecimento comunit\u00e1rio. O palco da festa foi o sal\u00e3o paroquial, o qual recebeu mais de 300<\/p>\n","protected":false},"author":1,"featured_media":7677,"comment_status":"open","ping_status":"open","sticky":false,"template":"","format":"standard","meta":{"footnotes":""},"categories":[41],"tags":[],"class_list":{"0":"post-7676","1":"post","2":"type-post","3":"status-publish","4":"format-standard","5":"has-post-thumbnail","7":"category-noticias"},"_links":{"self":[{"href":"https:\/\/noticiarioregional.com.br\/index.php?rest_route=\/wp\/v2\/posts\/7676","targetHints":{"allow":["GET"]}}],"collection":[{"href":"https:\/\/noticiarioregional.com.br\/index.php?rest_route=\/wp\/v2\/posts"}],"about":[{"href":"https:\/\/noticiarioregional.com.br\/index.php?rest_route=\/wp\/v2\/types\/post"}],"author":[{"embeddable":true,"href":"https:\/\/noticiarioregional.com.br\/index.php?rest_route=\/wp\/v2\/users\/1"}],"replies":[{"embeddable":true,"href":"https:\/\/noticiarioregional.com.br\/index.php?rest_route=%2Fwp%2Fv2%2Fcomments&post=7676"}],"version-history":[{"count":1,"href":"https:\/\/noticiarioregional.com.br\/index.php?rest_route=\/wp\/v2\/posts\/7676\/revisions"}],"predecessor-version":[{"id":7685,"href":"https:\/\/noticiarioregional.com.br\/index.php?rest_route=\/wp\/v2\/posts\/7676\/revisions\/7685"}],"wp:featuredmedia":[{"embeddable":true,"href":"https:\/\/noticiarioregional.com.br\/index.php?rest_route=\/wp\/v2\/media\/7677"}],"wp:attachment":[{"href":"https:\/\/noticiarioregional.com.br\/index.php?rest_route=%2Fwp%2Fv2%2Fmedia&parent=7676"}],"wp:term":[{"taxonomy":"category","embeddable":true,"href":"https:\/\/noticiarioregional.com.br\/index.php?rest_route=%2Fwp%2Fv2%2Fcategories&post=7676"},{"taxonomy":"post_tag","embeddable":true,"href":"https:\/\/noticiarioregional.com.br\/index.php?rest_route=%2Fwp%2Fv2%2Ftags&post=7676"}],"curies":[{"name":"wp","href":"https:\/\/api.w.org\/{rel}","templated":true}]}}