{"id":7695,"date":"2025-10-06T10:16:28","date_gmt":"2025-10-06T13:16:28","guid":{"rendered":"http:\/\/noticiarioregional.com.br\/?p=7695"},"modified":"2025-10-06T10:17:38","modified_gmt":"2025-10-06T13:17:38","slug":"governo-michel-e-mathias-investe-em-dois-novos-rolos-compactadores","status":"publish","type":"post","link":"https:\/\/noticiarioregional.com.br\/?p=7695","title":{"rendered":"Governo Michel e Mathias investe em dois novos rolos compactadores"},"content":{"rendered":"\n<p>A Administra\u00e7\u00e3o Municipal de Ipor\u00e3 do Oeste recebeu nesta segunda-feira, 22, dois novos rolos compactadores de solo, equipamentos essenciais para melhorar os servi\u00e7os de manuten\u00e7\u00e3o de estradas. O investimento total foi de R$ 783.370,32, realizado com recursos pr\u00f3prios do Munic\u00edpio.<\/p>\n\n\n\n<p>Com a chegada dos novos rolos, a Secretaria de Agricultura, Transportes e Obras passa a contar com quatro rolos compactadores e tr\u00eas patrolas, sendo que a entrega de mais uma patrola est\u00e1 prevista para os pr\u00f3ximos meses.<\/p>\n\n\n\n<p>O refor\u00e7o na frota permitir\u00e1 maior agilidade e qualidade nos servi\u00e7os de infraestrutura, possibilitando patrolar e, em seguida, compactar as estradas rurais, atendendo de forma mais eficiente \u00e0s demandas da popula\u00e7\u00e3o.<\/p>\n\n\n\n<p>De acordo com o prefeito Michel Barth, com a chegada dos dois novos, agora as secretarias operacionais contam com quatro rolos compactadores na frota, uma condi\u00e7\u00e3o in\u00e9dita no munic\u00edpio e que vai refletir em melhorias das estradas municipais, acessos e demais obras executadas pelas secretarias.<\/p>\n\n\n\n\n\n<p><\/p>\n","protected":false},"excerpt":{"rendered":"<p>A Administra\u00e7\u00e3o Municipal de Ipor\u00e3 do Oeste recebeu nesta segunda-feira, 22, dois novos rolos compactadores de solo, equipamentos essenciais para melhorar os servi\u00e7os de manuten\u00e7\u00e3o de estradas. O investimento total foi de R$ 783.370,32, realizado com recursos pr\u00f3prios do Munic\u00edpio. Com a chegada dos novos rolos, a Secretaria de Agricultura, Transportes e Obras passa a<\/p>\n","protected":false},"author":1,"featured_media":7696,"comment_status":"open","ping_status":"open","sticky":false,"template":"","format":"standard","meta":{"footnotes":""},"categories":[41],"tags":[],"class_list":{"0":"post-7695","1":"post","2":"type-post","3":"status-publish","4":"format-standard","5":"has-post-thumbnail","7":"category-noticias"},"_links":{"self":[{"href":"https:\/\/noticiarioregional.com.br\/index.php?rest_route=\/wp\/v2\/posts\/7695","targetHints":{"allow":["GET"]}}],"collection":[{"href":"https:\/\/noticiarioregional.com.br\/index.php?rest_route=\/wp\/v2\/posts"}],"about":[{"href":"https:\/\/noticiarioregional.com.br\/index.php?rest_route=\/wp\/v2\/types\/post"}],"author":[{"embeddable":true,"href":"https:\/\/noticiarioregional.com.br\/index.php?rest_route=\/wp\/v2\/users\/1"}],"replies":[{"embeddable":true,"href":"https:\/\/noticiarioregional.com.br\/index.php?rest_route=%2Fwp%2Fv2%2Fcomments&post=7695"}],"version-history":[{"count":2,"href":"https:\/\/noticiarioregional.com.br\/index.php?rest_route=\/wp\/v2\/posts\/7695\/revisions"}],"predecessor-version":[{"id":7698,"href":"https:\/\/noticiarioregional.com.br\/index.php?rest_route=\/wp\/v2\/posts\/7695\/revisions\/7698"}],"wp:featuredmedia":[{"embeddable":true,"href":"https:\/\/noticiarioregional.com.br\/index.php?rest_route=\/wp\/v2\/media\/7696"}],"wp:attachment":[{"href":"https:\/\/noticiarioregional.com.br\/index.php?rest_route=%2Fwp%2Fv2%2Fmedia&parent=7695"}],"wp:term":[{"taxonomy":"category","embeddable":true,"href":"https:\/\/noticiarioregional.com.br\/index.php?rest_route=%2Fwp%2Fv2%2Fcategories&post=7695"},{"taxonomy":"post_tag","embeddable":true,"href":"https:\/\/noticiarioregional.com.br\/index.php?rest_route=%2Fwp%2Fv2%2Ftags&post=7695"}],"curies":[{"name":"wp","href":"https:\/\/api.w.org\/{rel}","templated":true}]}}