{"id":7700,"date":"2025-10-06T10:33:15","date_gmt":"2025-10-06T13:33:15","guid":{"rendered":"http:\/\/noticiarioregional.com.br\/?p=7700"},"modified":"2025-10-06T10:33:16","modified_gmt":"2025-10-06T13:33:16","slug":"sao-joao-do-oeste-ira-asfaltar-quase-10-quilometros-no-interior-pelo-estrada-boa-rural","status":"publish","type":"post","link":"https:\/\/noticiarioregional.com.br\/?p=7700","title":{"rendered":"S\u00e3o Jo\u00e3o do Oeste ir\u00e1 asfaltar quase 10 quil\u00f4metros no interior pelo Estrada Boa Rural"},"content":{"rendered":"\n<p><strong>S\u00e3o Jo\u00e3o do Oeste \u2013<\/strong> Em regime de urg\u00eancia, a C\u00e2mara de Vereadores aprovou na sess\u00e3o da \u00faltima semana o projeto de lei n\u00famero 055\/2025 que autoriza o Executivo a contratar opera\u00e7\u00e3o de cr\u00e9dito junto ao Banco Regional de Desenvolvimento do Extremo Sul, BRDE, no valor de R$ 6 milh\u00f5es. O recurso \u00e9 a contrapartida do munic\u00edpio no programa Estrada Boa Rural do Governo do Estado, destinado \u00e0 pavimenta\u00e7\u00e3o asf\u00e1ltica do acesso das estradas gerais \u00e0 Linha Jaboticaba e Linha Macuco.<\/p>\n\n\n\n<p>Conforme o secret\u00e1rio de Administra\u00e7\u00e3o, Claudir Rauber, pelo porte do munic\u00edpio, S\u00e3o Jo\u00e3o do Oeste ter\u00e1 direito a receber do Estado R$ 6 milh\u00f5es para asfaltamento no interior, e o mesmo valor ser\u00e1 financiado como contrapartida ao programa, em que os juros ser\u00e3o pagos pelo Estado. O secret\u00e1rio destaca que foi definido pelo asfalto em dire\u00e7\u00e3o a comunidade de Jaboticaba, em um trecho de 6,5 quil\u00f4metros. Comenta que este projeto j\u00e1 havia sido elaborado na gest\u00e3o anterior, mas foi alterado o trecho a ser asfaltado, que anteriormente era at\u00e9 na divisa com Itapiranga e agora ser\u00e1 at\u00e9 o centro da comunidade, onde j\u00e1 h\u00e1 um trecho de asfalto.<\/p>\n\n\n\n<p>O segundo trecho contemplado ser\u00e1 em dire\u00e7\u00e3o a Macuco, de 3 quil\u00f4metros, do qual o projeto est\u00e1 sendo finalizado. Claudir comenta que a expectativa \u00e9 fazer todos os encaminhamentos para iniciar o asfaltamento do primeiro trecho no m\u00e1ximo at\u00e9 o come\u00e7o do pr\u00f3ximo ano. A abertura e prepara\u00e7\u00e3o do leito nas duas estradas ser\u00e1 feito pelo munic\u00edpio, como forma de agilizar os trabalhos.<\/p>\n","protected":false},"excerpt":{"rendered":"<p>S\u00e3o Jo\u00e3o do Oeste \u2013 Em regime de urg\u00eancia, a C\u00e2mara de Vereadores aprovou na sess\u00e3o da \u00faltima semana o projeto de lei n\u00famero 055\/2025 que autoriza o Executivo a contratar opera\u00e7\u00e3o de cr\u00e9dito junto ao Banco Regional de Desenvolvimento do Extremo Sul, BRDE, no valor de R$ 6 milh\u00f5es. O recurso \u00e9 a contrapartida<\/p>\n","protected":false},"author":1,"featured_media":7701,"comment_status":"open","ping_status":"open","sticky":false,"template":"","format":"standard","meta":{"footnotes":""},"categories":[41],"tags":[],"class_list":{"0":"post-7700","1":"post","2":"type-post","3":"status-publish","4":"format-standard","5":"has-post-thumbnail","7":"category-noticias"},"_links":{"self":[{"href":"https:\/\/noticiarioregional.com.br\/index.php?rest_route=\/wp\/v2\/posts\/7700","targetHints":{"allow":["GET"]}}],"collection":[{"href":"https:\/\/noticiarioregional.com.br\/index.php?rest_route=\/wp\/v2\/posts"}],"about":[{"href":"https:\/\/noticiarioregional.com.br\/index.php?rest_route=\/wp\/v2\/types\/post"}],"author":[{"embeddable":true,"href":"https:\/\/noticiarioregional.com.br\/index.php?rest_route=\/wp\/v2\/users\/1"}],"replies":[{"embeddable":true,"href":"https:\/\/noticiarioregional.com.br\/index.php?rest_route=%2Fwp%2Fv2%2Fcomments&post=7700"}],"version-history":[{"count":1,"href":"https:\/\/noticiarioregional.com.br\/index.php?rest_route=\/wp\/v2\/posts\/7700\/revisions"}],"predecessor-version":[{"id":7702,"href":"https:\/\/noticiarioregional.com.br\/index.php?rest_route=\/wp\/v2\/posts\/7700\/revisions\/7702"}],"wp:featuredmedia":[{"embeddable":true,"href":"https:\/\/noticiarioregional.com.br\/index.php?rest_route=\/wp\/v2\/media\/7701"}],"wp:attachment":[{"href":"https:\/\/noticiarioregional.com.br\/index.php?rest_route=%2Fwp%2Fv2%2Fmedia&parent=7700"}],"wp:term":[{"taxonomy":"category","embeddable":true,"href":"https:\/\/noticiarioregional.com.br\/index.php?rest_route=%2Fwp%2Fv2%2Fcategories&post=7700"},{"taxonomy":"post_tag","embeddable":true,"href":"https:\/\/noticiarioregional.com.br\/index.php?rest_route=%2Fwp%2Fv2%2Ftags&post=7700"}],"curies":[{"name":"wp","href":"https:\/\/api.w.org\/{rel}","templated":true}]}}