{"id":7710,"date":"2025-10-06T11:16:47","date_gmt":"2025-10-06T14:16:47","guid":{"rendered":"http:\/\/noticiarioregional.com.br\/?p=7710"},"modified":"2025-10-06T11:16:48","modified_gmt":"2025-10-06T14:16:48","slug":"rua-proxima-ao-cemiterio-sera-aberta-novamente-pelo-municipio","status":"publish","type":"post","link":"https:\/\/noticiarioregional.com.br\/?p=7710","title":{"rendered":"Rua pr\u00f3xima ao cemit\u00e9rio ser\u00e1 aberta novamente pelo munic\u00edpio"},"content":{"rendered":"\n<p>S\u00e3o Jo\u00e3o do Oeste \u2013 A C\u00e2mara de Vereadores aprovou na sess\u00e3o da \u00faltima semana o projeto de lei n\u00famero 52 que autoriza o munic\u00edpio a adquirir \u00e1rea de terra para amplia\u00e7\u00e3o da rua S\u00e3o Crist\u00f3v\u00e3o, interligando as ruas Padre Luiz Froener e Padre Francisco Xavier Riederer. A \u00e1rea a ser adquirida \u00e9 de 706 metros quadrados, de propriedade de Elli Grings, ao valor de R$ 105 mil.<\/p>\n\n\n\n<p>O secret\u00e1rio de Administra\u00e7\u00e3o, Claudir Rauber, explica que esta rua j\u00e1 tinha passagem anteriormente, trecho que interligava a rua da C\u00e2mara de Vereadores e a creche municipal. No local foi feito um loteamento, e por quest\u00f5es judiciais de divisa de terra, essa passagem est\u00e1 fechada h\u00e1 alguns anos. Agora com a determina\u00e7\u00e3o da justi\u00e7a, o secret\u00e1rio ressalta que o munic\u00edpio ir\u00e1 pagar uma indeniza\u00e7\u00e3o de R$ 105 mil a fam\u00edlia propriet\u00e1ria para compra de uma \u00e1rea de 706 metros quadrados, onde ser\u00e1 feita a abertura da rua. Claudir comenta que a rua ir\u00e1 receber tubula\u00e7\u00e3o e cascalhamento, para que novamente tenha passagem, facilitando principalmente o acesso a creche municipal para as fam\u00edlias que precisam levar as crian\u00e7as.<\/p>\n\n\n\n<p>Durante a vota\u00e7\u00e3o, o vereador Beno Bressler se absteve, justificando que considera injusto o munic\u00edpio pagar essa indeniza\u00e7\u00e3o, considerando que tem conhecimento de que houve doa\u00e7\u00e3o desta \u00e1rea por outra fam\u00edlia. Disse ainda ser a favor da reabertura da rua, mas contr\u00e1rio ao fato do munic\u00edpio ter que arcar com o pagamento da \u00e1rea.<\/p>\n\n\n\n<p>O vereador Gerv\u00e1sio Jungblut explanou que o problema envolvendo a rua S\u00e3o Crist\u00f3v\u00e3o se estende por anos, e agora finalmente ter\u00e1 uma solu\u00e7\u00e3o, ap\u00f3s a defini\u00e7\u00e3o da a\u00e7\u00e3o judicial. Afirma que in\u00fameros pedidos j\u00e1 passaram pela C\u00e2mara de Vereadores, tamb\u00e9m em gest\u00f5es anteriores, pedindo a reabertura desta rua. Inclusive na \u00faltima legislatura foi apresentada uma mo\u00e7\u00e3o de apelo, assinada por todos os vereadores, pedindo ao Executivo que fosse tomada provid\u00eancia para desapropria\u00e7\u00e3o da \u00e1rea e abertura da rua.<\/p>\n\n\n\n<p>Se manifestou ainda o vereador Lairton Reichert, favor\u00e1vel ao projeto, pela import\u00e2ncia que a abertura da rua representa principalmente as fam\u00edlias que usam o trecho para se deslocar a creche. Justificou ainda que a quest\u00e3o n\u00e3o foi resolvida na gest\u00e3o anterior porque havia a a\u00e7\u00e3o judicial referente a divisa.<\/p>\n","protected":false},"excerpt":{"rendered":"<p>S\u00e3o Jo\u00e3o do Oeste \u2013 A C\u00e2mara de Vereadores aprovou na sess\u00e3o da \u00faltima semana o projeto de lei n\u00famero 52 que autoriza o munic\u00edpio a adquirir \u00e1rea de terra para amplia\u00e7\u00e3o da rua S\u00e3o Crist\u00f3v\u00e3o, interligando as ruas Padre Luiz Froener e Padre Francisco Xavier Riederer. A \u00e1rea a ser adquirida \u00e9 de 706<\/p>\n","protected":false},"author":1,"featured_media":7711,"comment_status":"open","ping_status":"open","sticky":false,"template":"","format":"standard","meta":{"footnotes":""},"categories":[41],"tags":[],"class_list":{"0":"post-7710","1":"post","2":"type-post","3":"status-publish","4":"format-standard","5":"has-post-thumbnail","7":"category-noticias"},"_links":{"self":[{"href":"https:\/\/noticiarioregional.com.br\/index.php?rest_route=\/wp\/v2\/posts\/7710","targetHints":{"allow":["GET"]}}],"collection":[{"href":"https:\/\/noticiarioregional.com.br\/index.php?rest_route=\/wp\/v2\/posts"}],"about":[{"href":"https:\/\/noticiarioregional.com.br\/index.php?rest_route=\/wp\/v2\/types\/post"}],"author":[{"embeddable":true,"href":"https:\/\/noticiarioregional.com.br\/index.php?rest_route=\/wp\/v2\/users\/1"}],"replies":[{"embeddable":true,"href":"https:\/\/noticiarioregional.com.br\/index.php?rest_route=%2Fwp%2Fv2%2Fcomments&post=7710"}],"version-history":[{"count":1,"href":"https:\/\/noticiarioregional.com.br\/index.php?rest_route=\/wp\/v2\/posts\/7710\/revisions"}],"predecessor-version":[{"id":7712,"href":"https:\/\/noticiarioregional.com.br\/index.php?rest_route=\/wp\/v2\/posts\/7710\/revisions\/7712"}],"wp:featuredmedia":[{"embeddable":true,"href":"https:\/\/noticiarioregional.com.br\/index.php?rest_route=\/wp\/v2\/media\/7711"}],"wp:attachment":[{"href":"https:\/\/noticiarioregional.com.br\/index.php?rest_route=%2Fwp%2Fv2%2Fmedia&parent=7710"}],"wp:term":[{"taxonomy":"category","embeddable":true,"href":"https:\/\/noticiarioregional.com.br\/index.php?rest_route=%2Fwp%2Fv2%2Fcategories&post=7710"},{"taxonomy":"post_tag","embeddable":true,"href":"https:\/\/noticiarioregional.com.br\/index.php?rest_route=%2Fwp%2Fv2%2Ftags&post=7710"}],"curies":[{"name":"wp","href":"https:\/\/api.w.org\/{rel}","templated":true}]}}