{"id":7713,"date":"2025-10-06T11:19:00","date_gmt":"2025-10-06T14:19:00","guid":{"rendered":"http:\/\/noticiarioregional.com.br\/?p=7713"},"modified":"2025-10-06T11:19:01","modified_gmt":"2025-10-06T14:19:01","slug":"acisjo-reativa-nucleo-de-turismo","status":"publish","type":"post","link":"https:\/\/noticiarioregional.com.br\/?p=7713","title":{"rendered":"ACISJO reativa N\u00facleo de Turismo"},"content":{"rendered":"\n<p><strong>S\u00e3o Jo\u00e3o do Oeste <\/strong>\u2013 Fundado h\u00e1 cerca de cinco anos, o N\u00facleo de Turismo da Associa\u00e7\u00e3o Empresarial de S\u00e3o Jo\u00e3o do Oeste, ACISJO, teve suas atividades paralisadas ap\u00f3s a pandemia. O presidente da Associa\u00e7\u00e3o, Tiago Bracht Follmann, destaca que a reativa\u00e7\u00e3o deste N\u00facleo foi uma das metas previstas em sua diretoria. Comenta que isso foi poss\u00edvel agora, junto com outras a\u00e7\u00f5es realizadas tamb\u00e9m pelo poder p\u00fablico, como a reativa\u00e7\u00e3o do Conselho Municipal de Turismo, a revis\u00e3o do Plano Municipal de Turismo e a defini\u00e7\u00e3o de algumas demandas no setor do turismo na cartilha da Voz \u00fanica, em que parte delas j\u00e1 foram atendidas pela atual gest\u00e3o.<\/p>\n\n\n\n<p>O presidente da ACISJO ressalta que o N\u00facleo foi reativado na reuni\u00e3o realizada dia 09 de setembro, com nucleados que j\u00e1 participavam e tamb\u00e9m novos integrantes. Nesta reuni\u00e3o foi definida a coordena\u00e7\u00e3o, sendo que est\u00e1 \u00e0 frente do N\u00facleo Marcela Stuelp. A consultora da FACISC, Simone Klunk, participou do encontro e explanou sobre o funcionamento e atribui\u00e7\u00f5es do N\u00facleo.<\/p>\n\n\n\n<p>Referente a atua\u00e7\u00e3o do N\u00facleo, Tiago explica que o trabalho ser\u00e1 feito para contribuir com o desenvolvimento do munic\u00edpio como um todo, mas, com a\u00e7\u00f5es voltadas especificamente para as empresas dos nucleados. A pr\u00f3xima reuni\u00e3o do N\u00facleo ficou marcada para dia 30 de setembro, \u00e0s 17h, no Termas S\u00e3o Jo\u00e3o, em que ser\u00e1 feito o planejamento das atividades, o que inclui capacita\u00e7\u00f5es e visitas t\u00e9cnicas. O presidente da ACISJO enfatiza que os nucleados definiram que os encontros ser\u00e3o realizados de forma intercalada nas pr\u00f3prias empresas, com o objetivo de que todos conhe\u00e7am os estabelecimentos e os trabalhos que desenvolvem.<\/p>\n\n\n\n<p>Tiago destaca que agora reativado, o N\u00facleo do Turismo se soma aos demais N\u00facleos da ACISJO j\u00e1 em andamento, sendo eles o N\u00facleo da Mulher Empres\u00e1ria, o N\u00facleo do Vestu\u00e1rio, o N\u00facleo do Jovem Empreendedor e o N\u00facleo do Agro, fundado em 2025, j\u00e1 com v\u00e1rios encontros realizados atendendo as demandas dos nucleados.<\/p>\n\n\n\n<p>Para o presidente da ACISJO, os N\u00facleos s\u00e3o uma forma de unir os empres\u00e1rios em prol de a\u00e7\u00f5es em comum, e contribuem para o seu crescimento tanto como profissionais como de suas empresas. Avalia que tamb\u00e9m \u00e9 uma forma importante de trocar experi\u00eancias, ideias e at\u00e9 compartilhar neg\u00f3cios. \u201cNosso objetivo \u00e9 capacitar as empresas e empreendedores do turismo para oferecer uma experi\u00eancia ainda melhor aos visitantes, valorizando nossos atrativos e potencializando o desenvolvimento econ\u00f4mico da cidade\u201d, complementa Tiago.<\/p>\n","protected":false},"excerpt":{"rendered":"<p>S\u00e3o Jo\u00e3o do Oeste \u2013 Fundado h\u00e1 cerca de cinco anos, o N\u00facleo de Turismo da Associa\u00e7\u00e3o Empresarial de S\u00e3o Jo\u00e3o do Oeste, ACISJO, teve suas atividades paralisadas ap\u00f3s a pandemia. O presidente da Associa\u00e7\u00e3o, Tiago Bracht Follmann, destaca que a reativa\u00e7\u00e3o deste N\u00facleo foi uma das metas previstas em sua diretoria. Comenta que isso<\/p>\n","protected":false},"author":1,"featured_media":7714,"comment_status":"open","ping_status":"open","sticky":false,"template":"","format":"standard","meta":{"footnotes":""},"categories":[41],"tags":[],"class_list":{"0":"post-7713","1":"post","2":"type-post","3":"status-publish","4":"format-standard","5":"has-post-thumbnail","7":"category-noticias"},"_links":{"self":[{"href":"https:\/\/noticiarioregional.com.br\/index.php?rest_route=\/wp\/v2\/posts\/7713","targetHints":{"allow":["GET"]}}],"collection":[{"href":"https:\/\/noticiarioregional.com.br\/index.php?rest_route=\/wp\/v2\/posts"}],"about":[{"href":"https:\/\/noticiarioregional.com.br\/index.php?rest_route=\/wp\/v2\/types\/post"}],"author":[{"embeddable":true,"href":"https:\/\/noticiarioregional.com.br\/index.php?rest_route=\/wp\/v2\/users\/1"}],"replies":[{"embeddable":true,"href":"https:\/\/noticiarioregional.com.br\/index.php?rest_route=%2Fwp%2Fv2%2Fcomments&post=7713"}],"version-history":[{"count":1,"href":"https:\/\/noticiarioregional.com.br\/index.php?rest_route=\/wp\/v2\/posts\/7713\/revisions"}],"predecessor-version":[{"id":7715,"href":"https:\/\/noticiarioregional.com.br\/index.php?rest_route=\/wp\/v2\/posts\/7713\/revisions\/7715"}],"wp:featuredmedia":[{"embeddable":true,"href":"https:\/\/noticiarioregional.com.br\/index.php?rest_route=\/wp\/v2\/media\/7714"}],"wp:attachment":[{"href":"https:\/\/noticiarioregional.com.br\/index.php?rest_route=%2Fwp%2Fv2%2Fmedia&parent=7713"}],"wp:term":[{"taxonomy":"category","embeddable":true,"href":"https:\/\/noticiarioregional.com.br\/index.php?rest_route=%2Fwp%2Fv2%2Fcategories&post=7713"},{"taxonomy":"post_tag","embeddable":true,"href":"https:\/\/noticiarioregional.com.br\/index.php?rest_route=%2Fwp%2Fv2%2Ftags&post=7713"}],"curies":[{"name":"wp","href":"https:\/\/api.w.org\/{rel}","templated":true}]}}