{"id":7716,"date":"2025-10-06T11:25:17","date_gmt":"2025-10-06T14:25:17","guid":{"rendered":"http:\/\/noticiarioregional.com.br\/?p=7716"},"modified":"2025-10-06T11:27:03","modified_gmt":"2025-10-06T14:27:03","slug":"cuidados-com-o-cultivo-do-milho-exigem-atencao-redobrada-contra-o-percevejo","status":"publish","type":"post","link":"https:\/\/noticiarioregional.com.br\/?p=7716","title":{"rendered":"Cuidados com o cultivo do milho exigem aten\u00e7\u00e3o redobrada contra o percevejo"},"content":{"rendered":"\n<p><strong>Monda\u00ed &#8211;<\/strong> O milho \u00e9 uma das principais culturas agr\u00edcolas da regi\u00e3o, mas seu desenvolvimento saud\u00e1vel depende de uma s\u00e9rie de manejos adequados, especialmente nos primeiros 60 dias ap\u00f3s o plantio. De acordo com o t\u00e9cnico da Cooperativa A1, Fernando Marcelo Coimbra, a fase inicial da lavoura \u00e9 a mais delicada e exige aten\u00e7\u00e3o constante para prevenir ataques de pragas, com destaque para o percevejo, considerado o inimigo n\u00famero um do cereal nesse est\u00e1gio.<\/p>\n\n\n\n<p>Segundo Coimbra, logo ap\u00f3s a germina\u00e7\u00e3o, \u00e9 esperado que 75% a 80% das sementes plantadas estejam vis\u00edveis no campo, formando linhas bem definidas. Nesse momento, \u00e9 fundamental que o produtor entre com a primeira aplica\u00e7\u00e3o de inseticida para proteger a lavoura. \u201c<em>O percevejo nessa fase \u00e9 a praga que mais causa danos econ\u00f4micos. Ele pode eliminar plantas inteiras, cortar colmos e provocar o chamado encarquilhamento, quando a planta fica deformada devido ao ataque do aparelho bucal do inseto, semelhante a duas agulhas que sugam a seiva<\/em>\u201d, explica.<\/p>\n\n\n\n<p>O t\u00e9cnico destaca que o percevejo consegue atacar o milho at\u00e9 a planta atingir cerca de 60 a 70 dias, per\u00edodo em que o caule ainda \u00e9 macio e vulner\u00e1vel. Por isso, o ideal \u00e9 que o controle seja feito j\u00e1 na fase conhecida como \u201cpalito\u201d, entre cinco e sete dias ap\u00f3s o plantio, quando a planta come\u00e7a a despontar do solo. \u201c<em>H\u00e1 produtores mais avan\u00e7ados que fazem uma aplica\u00e7\u00e3o preventiva ainda antes do plantio e outra no palito. Essa \u00e9 a estrat\u00e9gia mais completa, mas, pelo menos, uma aplica\u00e7\u00e3o na fase inicial j\u00e1 garante grande prote\u00e7\u00e3o<\/em>\u201d, refor\u00e7a.<\/p>\n\n\n\n<p>Entre os inseticidas mais utilizados no manejo est\u00e3o produtos como Curbix, Engeo Pleno e Expedition, considerados eficientes contra a praga. Outro ponto crucial no manejo do milho \u00e9 a aduba\u00e7\u00e3o nitrogenada. Coimbra orienta que, quando a planta atingir de duas a tr\u00eas folhas abertas, deve-se realizar a primeira aplica\u00e7\u00e3o de ureia, j\u00e1 que nesse momento ocorre a defini\u00e7\u00e3o da espiga dentro do colmo. \u201c<em>De quatro a seis folhas a planta define quantas carreiras de gr\u00e3os a espiga vai ter. Portanto, essa fase \u00e9 determinante para a produtividade final<\/em>\u201d, ressalta.<\/p>\n\n\n\n<p>O t\u00e9cnico lembra que o milho \u00e9 uma planta bissexual, em que a espiga corresponde \u00e0 flor feminina e o pend\u00e3o \u00e0 flor masculina. O sucesso da poliniza\u00e7\u00e3o, que ocorre entre o p\u00f3len do pend\u00e3o e os \u00f3vulos da espiga, depende do bom desenvolvimento inicial da cultura. Ap\u00f3s o est\u00e1gio V8, o crescimento passa a ser essencialmente vegetativo, mas toda a base do potencial produtivo j\u00e1 foi definida at\u00e9 esse ponto. Enquanto lagartas e outros insetos desfolhadores apresentam sinais vis\u00edveis de ataque, os percevejos agem de forma mais discreta, o que torna seu controle desafiador. Conforme Fernando Coimbra, os danos muitas vezes s\u00f3 s\u00e3o notados quando o preju\u00edzo j\u00e1 est\u00e1 instalado. \u201c<em>Quando o produtor percebe buraquinhos nas folhas desenroladas, o ataque j\u00e1 aconteceu. E, para localizar percevejos, o ideal \u00e9 fazer a inspe\u00e7\u00e3o \u00e0 noite, j\u00e1 que eles t\u00eam h\u00e1bito noturno. Durante o dia, ficam escondidos em palhadas e restos culturais<\/em>\u201d, explica.<\/p>\n\n\n\n<figure class=\"wp-block-image size-large\"><img fetchpriority=\"high\" decoding=\"async\" width=\"683\" height=\"1024\" src=\"http:\/\/noticiarioregional.com.br\/wp-content\/uploads\/2025\/10\/Fase-palito-683x1024.jpg\" alt=\"\" class=\"wp-image-7718\" srcset=\"https:\/\/noticiarioregional.com.br\/wp-content\/uploads\/2025\/10\/Fase-palito-683x1024.jpg 683w, https:\/\/noticiarioregional.com.br\/wp-content\/uploads\/2025\/10\/Fase-palito-200x300.jpg 200w, https:\/\/noticiarioregional.com.br\/wp-content\/uploads\/2025\/10\/Fase-palito-768x1152.jpg 768w, https:\/\/noticiarioregional.com.br\/wp-content\/uploads\/2025\/10\/Fase-palito-1024x1536.jpg 1024w, https:\/\/noticiarioregional.com.br\/wp-content\/uploads\/2025\/10\/Fase-palito-1365x2048.jpg 1365w, https:\/\/noticiarioregional.com.br\/wp-content\/uploads\/2025\/10\/Fase-palito-150x225.jpg 150w, https:\/\/noticiarioregional.com.br\/wp-content\/uploads\/2025\/10\/Fase-palito-450x675.jpg 450w, https:\/\/noticiarioregional.com.br\/wp-content\/uploads\/2025\/10\/Fase-palito-1200x1800.jpg 1200w, https:\/\/noticiarioregional.com.br\/wp-content\/uploads\/2025\/10\/Fase-palito-scaled.jpg 1707w\" sizes=\"(max-width: 683px) 100vw, 683px\" \/><figcaption class=\"wp-element-caption\">Fase &#8216;palito&#8217;<\/figcaption><\/figure>\n\n\n\n<p>Na cultura do milho, duas variedades s\u00e3o as mais comuns: o percevejo-barriga-verde, de maior porte e com espinhos nos ombros da mesma cor do corpo, e o percevejo-marrom, menor e com espinhos de colora\u00e7\u00e3o mais escura. Ambos sugam a seiva da planta, injetando uma saliva com enzimas digestivas que comprometem seriamente o desenvolvimento. Al\u00e9m do ataque direto, essas pragas apresentam grande capacidade de dispers\u00e3o. Elas sobrevivem em restos de culturas anteriores, ficam inativas por algum tempo e, quando encontram novos hospedeiros, retomam sua atividade, multiplicando-se rapidamente.<\/p>\n\n\n\n<p>O t\u00e9cnico da Cooperativa A1 refor\u00e7a que o monitoramento constante \u00e9 indispens\u00e1vel. A inspe\u00e7\u00e3o deve ser feita principalmente na parte inferior das folhas e no interior das espigas, onde percevejos adultos e ninfas podem deixar secre\u00e7\u00f5es e manchas necr\u00f3ticas. Quanto ao controle qu\u00edmico, Coimbra indica inseticidas \u00e0 base de piretr\u00f3ides e neonicotinoides, considerados os mais eficazes. Outras medidas importantes incluem o tratamento de sementes com inseticidas sist\u00eamicos e a desseca\u00e7\u00e3o antecipada para eliminar hospedeiros alternativos, reduzindo a presen\u00e7a da praga antes do in\u00edcio do ciclo do milho. \u201c<em>Os pr\u00f3ximos 15 dias s\u00e3o especialmente cr\u00edticos, j\u00e1 que muitas lavouras est\u00e3o na fase palito, momento em que a planta \u00e9 mais fr\u00e1gil. Um manejo bem-feito nesse per\u00edodo pode representar toda a diferen\u00e7a no resultado da safra<\/em>\u201d, conclui o t\u00e9cnico.<\/p>\n","protected":false},"excerpt":{"rendered":"<p>Monda\u00ed &#8211; O milho \u00e9 uma das principais culturas agr\u00edcolas da regi\u00e3o, mas seu desenvolvimento saud\u00e1vel depende de uma s\u00e9rie de manejos adequados, especialmente nos primeiros 60 dias ap\u00f3s o plantio. De acordo com o t\u00e9cnico da Cooperativa A1, Fernando Marcelo Coimbra, a fase inicial da lavoura \u00e9 a mais delicada e exige aten\u00e7\u00e3o constante<\/p>\n","protected":false},"author":1,"featured_media":7717,"comment_status":"open","ping_status":"open","sticky":false,"template":"","format":"standard","meta":{"footnotes":""},"categories":[41],"tags":[],"class_list":{"0":"post-7716","1":"post","2":"type-post","3":"status-publish","4":"format-standard","5":"has-post-thumbnail","7":"category-noticias"},"_links":{"self":[{"href":"https:\/\/noticiarioregional.com.br\/index.php?rest_route=\/wp\/v2\/posts\/7716","targetHints":{"allow":["GET"]}}],"collection":[{"href":"https:\/\/noticiarioregional.com.br\/index.php?rest_route=\/wp\/v2\/posts"}],"about":[{"href":"https:\/\/noticiarioregional.com.br\/index.php?rest_route=\/wp\/v2\/types\/post"}],"author":[{"embeddable":true,"href":"https:\/\/noticiarioregional.com.br\/index.php?rest_route=\/wp\/v2\/users\/1"}],"replies":[{"embeddable":true,"href":"https:\/\/noticiarioregional.com.br\/index.php?rest_route=%2Fwp%2Fv2%2Fcomments&post=7716"}],"version-history":[{"count":2,"href":"https:\/\/noticiarioregional.com.br\/index.php?rest_route=\/wp\/v2\/posts\/7716\/revisions"}],"predecessor-version":[{"id":7720,"href":"https:\/\/noticiarioregional.com.br\/index.php?rest_route=\/wp\/v2\/posts\/7716\/revisions\/7720"}],"wp:featuredmedia":[{"embeddable":true,"href":"https:\/\/noticiarioregional.com.br\/index.php?rest_route=\/wp\/v2\/media\/7717"}],"wp:attachment":[{"href":"https:\/\/noticiarioregional.com.br\/index.php?rest_route=%2Fwp%2Fv2%2Fmedia&parent=7716"}],"wp:term":[{"taxonomy":"category","embeddable":true,"href":"https:\/\/noticiarioregional.com.br\/index.php?rest_route=%2Fwp%2Fv2%2Fcategories&post=7716"},{"taxonomy":"post_tag","embeddable":true,"href":"https:\/\/noticiarioregional.com.br\/index.php?rest_route=%2Fwp%2Fv2%2Ftags&post=7716"}],"curies":[{"name":"wp","href":"https:\/\/api.w.org\/{rel}","templated":true}]}}