{"id":7721,"date":"2025-10-06T11:33:17","date_gmt":"2025-10-06T14:33:17","guid":{"rendered":"http:\/\/noticiarioregional.com.br\/?p=7721"},"modified":"2025-10-06T11:33:18","modified_gmt":"2025-10-06T14:33:18","slug":"alunos-do-pre-escolar-os-peixinhos-visitam-redacao-do-noticiario-regional","status":"publish","type":"post","link":"https:\/\/noticiarioregional.com.br\/?p=7721","title":{"rendered":"Alunos do Pr\u00e9-Escolar Os Peixinhos visitam reda\u00e7\u00e3o do Notici\u00e1rio Regional"},"content":{"rendered":"\n<p>Na ter\u00e7a-feira, 23, as turmas do pr\u00e9 II do pr\u00e9-escolar Os Peixinhos visitaram a reda\u00e7\u00e3o do jornal Notici\u00e1rio Regional, com o objetivo de conhecer o funcionamento da empresa e as etapas de produ\u00e7\u00e3o at\u00e9 a impress\u00e3o do semanal. Pela manh\u00e3 foram tr\u00eas turmas, e a tarde mais duas turmas que estiveram na sede do jornal. A visita integra uma atividade desenvolvida pela escola que objetiva conhecer os meios de comunica\u00e7\u00e3o.<\/p>\n\n\n\n<p>O jornalista e editor chefe, Fernando Biesdorf, explicou para as crian\u00e7as as etapas do jornal, que v\u00e3o desde a capta\u00e7\u00e3o das informa\u00e7\u00f5es com as fontes, a organiza\u00e7\u00e3o das mat\u00e9rias, a diagrama\u00e7\u00e3o, a impress\u00e3o na gr\u00e1fica e por fim a log\u00edstica de entrega dos jornais aos leitores pela equipe de entregadores. As crian\u00e7as estiveram acompanhadas das professoras Camila Anschau, Janete Beilke e Sirlei Scnheiders, as profissionais de apoio Raquel Spies, Dioneide Walter e Lara Brancalione e a estagi\u00e1ria Liziane Bach Klein.<\/p>\n\n\n\n<figure class=\"wp-block-image size-large\"><img fetchpriority=\"high\" decoding=\"async\" width=\"1024\" height=\"683\" src=\"http:\/\/noticiarioregional.com.br\/wp-content\/uploads\/2025\/10\/Turmas-do-Pre-II-vespertino-1024x683.jpg\" alt=\"\" class=\"wp-image-7723\" srcset=\"https:\/\/noticiarioregional.com.br\/wp-content\/uploads\/2025\/10\/Turmas-do-Pre-II-vespertino-1024x683.jpg 1024w, https:\/\/noticiarioregional.com.br\/wp-content\/uploads\/2025\/10\/Turmas-do-Pre-II-vespertino-300x200.jpg 300w, https:\/\/noticiarioregional.com.br\/wp-content\/uploads\/2025\/10\/Turmas-do-Pre-II-vespertino-768x512.jpg 768w, https:\/\/noticiarioregional.com.br\/wp-content\/uploads\/2025\/10\/Turmas-do-Pre-II-vespertino-1536x1024.jpg 1536w, https:\/\/noticiarioregional.com.br\/wp-content\/uploads\/2025\/10\/Turmas-do-Pre-II-vespertino-2048x1365.jpg 2048w, https:\/\/noticiarioregional.com.br\/wp-content\/uploads\/2025\/10\/Turmas-do-Pre-II-vespertino-150x100.jpg 150w, https:\/\/noticiarioregional.com.br\/wp-content\/uploads\/2025\/10\/Turmas-do-Pre-II-vespertino-450x300.jpg 450w, https:\/\/noticiarioregional.com.br\/wp-content\/uploads\/2025\/10\/Turmas-do-Pre-II-vespertino-1200x800.jpg 1200w\" sizes=\"(max-width: 1024px) 100vw, 1024px\" \/><figcaption class=\"wp-element-caption\">Turmas do Pr\u00e9 II vespertino<\/figcaption><\/figure>\n\n\n\n\n\n<p><\/p>\n","protected":false},"excerpt":{"rendered":"<p>Na ter\u00e7a-feira, 23, as turmas do pr\u00e9 II do pr\u00e9-escolar Os Peixinhos visitaram a reda\u00e7\u00e3o do jornal Notici\u00e1rio Regional, com o objetivo de conhecer o funcionamento da empresa e as etapas de produ\u00e7\u00e3o at\u00e9 a impress\u00e3o do semanal. Pela manh\u00e3 foram tr\u00eas turmas, e a tarde mais duas turmas que estiveram na sede do jornal.<\/p>\n","protected":false},"author":1,"featured_media":7722,"comment_status":"open","ping_status":"open","sticky":false,"template":"","format":"standard","meta":{"footnotes":""},"categories":[41],"tags":[],"class_list":{"0":"post-7721","1":"post","2":"type-post","3":"status-publish","4":"format-standard","5":"has-post-thumbnail","7":"category-noticias"},"_links":{"self":[{"href":"https:\/\/noticiarioregional.com.br\/index.php?rest_route=\/wp\/v2\/posts\/7721","targetHints":{"allow":["GET"]}}],"collection":[{"href":"https:\/\/noticiarioregional.com.br\/index.php?rest_route=\/wp\/v2\/posts"}],"about":[{"href":"https:\/\/noticiarioregional.com.br\/index.php?rest_route=\/wp\/v2\/types\/post"}],"author":[{"embeddable":true,"href":"https:\/\/noticiarioregional.com.br\/index.php?rest_route=\/wp\/v2\/users\/1"}],"replies":[{"embeddable":true,"href":"https:\/\/noticiarioregional.com.br\/index.php?rest_route=%2Fwp%2Fv2%2Fcomments&post=7721"}],"version-history":[{"count":1,"href":"https:\/\/noticiarioregional.com.br\/index.php?rest_route=\/wp\/v2\/posts\/7721\/revisions"}],"predecessor-version":[{"id":7724,"href":"https:\/\/noticiarioregional.com.br\/index.php?rest_route=\/wp\/v2\/posts\/7721\/revisions\/7724"}],"wp:featuredmedia":[{"embeddable":true,"href":"https:\/\/noticiarioregional.com.br\/index.php?rest_route=\/wp\/v2\/media\/7722"}],"wp:attachment":[{"href":"https:\/\/noticiarioregional.com.br\/index.php?rest_route=%2Fwp%2Fv2%2Fmedia&parent=7721"}],"wp:term":[{"taxonomy":"category","embeddable":true,"href":"https:\/\/noticiarioregional.com.br\/index.php?rest_route=%2Fwp%2Fv2%2Fcategories&post=7721"},{"taxonomy":"post_tag","embeddable":true,"href":"https:\/\/noticiarioregional.com.br\/index.php?rest_route=%2Fwp%2Fv2%2Ftags&post=7721"}],"curies":[{"name":"wp","href":"https:\/\/api.w.org\/{rel}","templated":true}]}}