{"id":7743,"date":"2025-10-10T10:55:18","date_gmt":"2025-10-10T13:55:18","guid":{"rendered":"https:\/\/noticiarioregional.com.br\/?p=7743"},"modified":"2025-10-10T11:12:46","modified_gmt":"2025-10-10T14:12:46","slug":"saude-investimentos-em-2025-superam-exigencia-constitucional","status":"publish","type":"post","link":"https:\/\/noticiarioregional.com.br\/?p=7743","title":{"rendered":"Sa\u00fade: investimentos em 2025 superam exig\u00eancia constitucional"},"content":{"rendered":"\n<p><strong>Monda\u00ed &#8211;<\/strong> No dia 22 de setembro, a C\u00e2mara de Vereadores de Monda\u00ed sediou a audi\u00eancia p\u00fablica de presta\u00e7\u00e3o de contas da secretaria Municipal de Sa\u00fade, referente ao segundo quadrimestre do ano. O encontro teve como objetivo apresentar \u00e0 comunidade os investimentos e resultados obtidos no setor, refor\u00e7ando o compromisso da administra\u00e7\u00e3o municipal com a transpar\u00eancia.<\/p>\n\n\n\n<p>De acordo com o secret\u00e1rio de Sa\u00fade, Jullian Ludke <strong><em>(foto)<\/em><\/strong>, o relat\u00f3rio demonstrou que, at\u00e9 31 de agosto, foram aplicados na \u00e1rea, o percentual de 19,75% da receita total do munic\u00edpio. O \u00edndice supera a exig\u00eancia constitucional, que estabelece o m\u00ednimo de 15%, representando 4,75% a mais do que a obrigatoriedade. A previs\u00e3o da gest\u00e3o \u00e9 manter o percentual acima do limite nos pr\u00f3ximos quadrimestres. O levantamento trouxe n\u00fameros expressivos em diferentes \u00e1reas da sa\u00fade p\u00fablica, com pode ser observado:<\/p>\n\n\n\n<ul class=\"wp-block-list\">\n<li>22.850 consultas m\u00e9dicas na Aten\u00e7\u00e3o Prim\u00e1ria;<\/li>\n\n\n\n<li>42.985 visitas e acompanhamentos realizados pelos agentes comunit\u00e1rios de sa\u00fade;<\/li>\n\n\n\n<li>8.156 procedimentos odontol\u00f3gicos na aten\u00e7\u00e3o b\u00e1sica;<\/li>\n\n\n\n<li>49.363 exames laboratoriais;<\/li>\n\n\n\n<li>205 pr\u00f3teses dent\u00e1rias entregues;<\/li>\n\n\n\n<li>538 pequenas cirurgias;<\/li>\n\n\n\n<li>6.635 sess\u00f5es de fisioterapia;<\/li>\n\n\n\n<li>9.427 atendimentos no CAPS (Centro de Aten\u00e7\u00e3o Psicossocial);<\/li>\n\n\n\n<li>1.204 exames de ultrassonografia e doppler;<\/li>\n\n\n\n<li>1.637 exames de radiologia;<\/li>\n\n\n\n<li>556 resson\u00e2ncias magn\u00e9ticas;<\/li>\n\n\n\n<li>332 exames de mamografia e densitometria;<\/li>\n\n\n\n<li>147 exames de cardiologia;<\/li>\n\n\n\n<li>451 exames de fonoaudiologia e oftalmologia.<\/li>\n<\/ul>\n\n\n\n<p>Al\u00e9m disso, foram realizadas 1.967 viagens de pacientes para tratamento fora do domic\u00edlio (TFD), garantindo acesso a procedimentos de maior complexidade em outros munic\u00edpios. Na farm\u00e1cia municipal, foram distribu\u00eddos medicamentos no valor de R$ 1.110.941,00.<\/p>\n\n\n\n<p>O secret\u00e1rio destacou a import\u00e2ncia dos investimentos e resultados alcan\u00e7ados, ressaltando que os dados demonstram o empenho da gest\u00e3o em proporcionar um atendimento de qualidade \u00e0 popula\u00e7\u00e3o. \u201c<em>Os n\u00fameros acumulados at\u00e9 agosto de 2025 demonstram o compromisso da administra\u00e7\u00e3o municipal em atender bem e trazer maior qualidade de vida a todos. Vamos manter sempre o foco na qualidade de atendimento, buscando reduzir as filas. Possu\u00edmos tamb\u00e9m o objetivo de, nos pr\u00f3ximos meses, adquirir mais um ve\u00edculo para a Sa\u00fade, trazendo ainda mais conforto e seguran\u00e7a nas viagens. Quero tamb\u00e9m agradecer a toda minha equipe que buscam sempre fazer o melhor para nossa popula\u00e7\u00e3o<\/em>\u201d, conclui.<\/p>\n\n\n\n<p><\/p>\n","protected":false},"excerpt":{"rendered":"<p>Monda\u00ed &#8211; No dia 22 de setembro, a C\u00e2mara de Vereadores de Monda\u00ed sediou a audi\u00eancia p\u00fablica de presta\u00e7\u00e3o de contas da secretaria Municipal de Sa\u00fade, referente ao segundo quadrimestre do ano. O encontro teve como objetivo apresentar \u00e0 comunidade os investimentos e resultados obtidos no setor, refor\u00e7ando o compromisso da administra\u00e7\u00e3o municipal com a<\/p>\n","protected":false},"author":1,"featured_media":7744,"comment_status":"open","ping_status":"open","sticky":false,"template":"","format":"standard","meta":{"footnotes":""},"categories":[41],"tags":[],"class_list":{"0":"post-7743","1":"post","2":"type-post","3":"status-publish","4":"format-standard","5":"has-post-thumbnail","7":"category-noticias"},"_links":{"self":[{"href":"https:\/\/noticiarioregional.com.br\/index.php?rest_route=\/wp\/v2\/posts\/7743","targetHints":{"allow":["GET"]}}],"collection":[{"href":"https:\/\/noticiarioregional.com.br\/index.php?rest_route=\/wp\/v2\/posts"}],"about":[{"href":"https:\/\/noticiarioregional.com.br\/index.php?rest_route=\/wp\/v2\/types\/post"}],"author":[{"embeddable":true,"href":"https:\/\/noticiarioregional.com.br\/index.php?rest_route=\/wp\/v2\/users\/1"}],"replies":[{"embeddable":true,"href":"https:\/\/noticiarioregional.com.br\/index.php?rest_route=%2Fwp%2Fv2%2Fcomments&post=7743"}],"version-history":[{"count":2,"href":"https:\/\/noticiarioregional.com.br\/index.php?rest_route=\/wp\/v2\/posts\/7743\/revisions"}],"predecessor-version":[{"id":7747,"href":"https:\/\/noticiarioregional.com.br\/index.php?rest_route=\/wp\/v2\/posts\/7743\/revisions\/7747"}],"wp:featuredmedia":[{"embeddable":true,"href":"https:\/\/noticiarioregional.com.br\/index.php?rest_route=\/wp\/v2\/media\/7744"}],"wp:attachment":[{"href":"https:\/\/noticiarioregional.com.br\/index.php?rest_route=%2Fwp%2Fv2%2Fmedia&parent=7743"}],"wp:term":[{"taxonomy":"category","embeddable":true,"href":"https:\/\/noticiarioregional.com.br\/index.php?rest_route=%2Fwp%2Fv2%2Fcategories&post=7743"},{"taxonomy":"post_tag","embeddable":true,"href":"https:\/\/noticiarioregional.com.br\/index.php?rest_route=%2Fwp%2Fv2%2Ftags&post=7743"}],"curies":[{"name":"wp","href":"https:\/\/api.w.org\/{rel}","templated":true}]}}