{"id":7748,"date":"2025-10-10T11:16:55","date_gmt":"2025-10-10T14:16:55","guid":{"rendered":"https:\/\/noticiarioregional.com.br\/?p=7748"},"modified":"2025-10-10T11:16:56","modified_gmt":"2025-10-10T14:16:56","slug":"ama-regional-e-fundada-para-fortalecer-inclusao-de-pessoas-com-tea-na-regiao","status":"publish","type":"post","link":"https:\/\/noticiarioregional.com.br\/?p=7748","title":{"rendered":"AMA Regional \u00e9 fundada para fortalecer inclus\u00e3o de pessoas com TEA na regi\u00e3o"},"content":{"rendered":"\n<p><strong>Caibi\/Riqueza &#8211;<\/strong> No dia 2 de setembro, foi oficialmente fundada a Associa\u00e7\u00e3o de M\u00e3es, Pais e Amigos do Autista, AMA Regional S\u00e3o Carlos, Palmitos, Caibi e regi\u00e3o, entidade que nasce com o prop\u00f3sito de ampliar e fortalecer as a\u00e7\u00f5es de inclus\u00e3o nos munic\u00edpios de S\u00e3o Carlos, \u00c1guas de Chapec\u00f3, Cunhata\u00ed, Palmitos, Caibi, Riqueza e Monda\u00ed. A entidade ter\u00e1 como foco atividades educativas, culturais, sociais, cient\u00edficas e de assist\u00eancia, sempre voltadas \u00e0 defesa dos direitos das pessoas com defici\u00eancia, em especial aquelas com Transtorno do Espectro Autista (TEA).<\/p>\n\n\n\n<p>Segundo Rosilei Gugel Ficagna, Coordenadora de Educa\u00e7\u00e3o Especial da CRE de Palmitos, a cria\u00e7\u00e3o da associa\u00e7\u00e3o representa um marco hist\u00f3rico para a regi\u00e3o. \u201c<em>\u00c9 um espa\u00e7o de apoio \u00e0s fam\u00edlias e de fortalecimento das pol\u00edticas p\u00fablicas de inclus\u00e3o escolar e social, trazendo mais visibilidade e estrutura para garantir os direitos das pessoas com TEA<\/em>\u201d, destaca.<\/p>\n\n\n\n<p>Entre as metas iniciais da AMA, est\u00e1 o acolhimento e a orienta\u00e7\u00e3o \u00e0s fam\u00edlias sobre os direitos e os cuidados com seus filhos, al\u00e9m da cria\u00e7\u00e3o de uma rede de apoio que envolva escolas, institui\u00e7\u00f5es especializadas e comunidade. A entidade tamb\u00e9m pretende atuar como suporte \u00e0s APAEs, buscando recursos junto a \u00f3rg\u00e3os p\u00fablicos e privados para oferecer forma\u00e7\u00f5es, encontros de troca de experi\u00eancias e momentos de esclarecimento. No m\u00e9dio e longo prazo, a Associa\u00e7\u00e3o projeta a possibilidade de instalar na regi\u00e3o uma institui\u00e7\u00e3o de atendimento especializado, ampliando ainda mais o alcance das a\u00e7\u00f5es.<\/p>\n\n\n\n<p>Durante a cerim\u00f4nia de funda\u00e7\u00e3o e aprova\u00e7\u00e3o do Estatuto, tamb\u00e9m foi realizada a elei\u00e7\u00e3o da primeira diretoria, escolhida por unanimidade. A presid\u00eancia ficar\u00e1 a cargo de Larissa Gallon, do munic\u00edpio de Riqueza.<\/p>\n\n\n\n<p>Com a diretoria empossada, os pr\u00f3ximos passos j\u00e1 est\u00e3o sendo definidos. A expectativa \u00e9 que, em breve, a AMA Regional apresente suas primeiras iniciativas, consolidando-se como uma importante aliada na luta pela inclus\u00e3o das pessoas com TEA e no fortalecimento da rede de apoio \u00e0s fam\u00edlias do Oeste Catarinense.<\/p>\n","protected":false},"excerpt":{"rendered":"<p>Caibi\/Riqueza &#8211; No dia 2 de setembro, foi oficialmente fundada a Associa\u00e7\u00e3o de M\u00e3es, Pais e Amigos do Autista, AMA Regional S\u00e3o Carlos, Palmitos, Caibi e regi\u00e3o, entidade que nasce com o prop\u00f3sito de ampliar e fortalecer as a\u00e7\u00f5es de inclus\u00e3o nos munic\u00edpios de S\u00e3o Carlos, \u00c1guas de Chapec\u00f3, Cunhata\u00ed, Palmitos, Caibi, Riqueza e Monda\u00ed.<\/p>\n","protected":false},"author":1,"featured_media":7749,"comment_status":"open","ping_status":"open","sticky":false,"template":"","format":"standard","meta":{"footnotes":""},"categories":[41],"tags":[],"class_list":{"0":"post-7748","1":"post","2":"type-post","3":"status-publish","4":"format-standard","5":"has-post-thumbnail","7":"category-noticias"},"_links":{"self":[{"href":"https:\/\/noticiarioregional.com.br\/index.php?rest_route=\/wp\/v2\/posts\/7748","targetHints":{"allow":["GET"]}}],"collection":[{"href":"https:\/\/noticiarioregional.com.br\/index.php?rest_route=\/wp\/v2\/posts"}],"about":[{"href":"https:\/\/noticiarioregional.com.br\/index.php?rest_route=\/wp\/v2\/types\/post"}],"author":[{"embeddable":true,"href":"https:\/\/noticiarioregional.com.br\/index.php?rest_route=\/wp\/v2\/users\/1"}],"replies":[{"embeddable":true,"href":"https:\/\/noticiarioregional.com.br\/index.php?rest_route=%2Fwp%2Fv2%2Fcomments&post=7748"}],"version-history":[{"count":1,"href":"https:\/\/noticiarioregional.com.br\/index.php?rest_route=\/wp\/v2\/posts\/7748\/revisions"}],"predecessor-version":[{"id":7750,"href":"https:\/\/noticiarioregional.com.br\/index.php?rest_route=\/wp\/v2\/posts\/7748\/revisions\/7750"}],"wp:featuredmedia":[{"embeddable":true,"href":"https:\/\/noticiarioregional.com.br\/index.php?rest_route=\/wp\/v2\/media\/7749"}],"wp:attachment":[{"href":"https:\/\/noticiarioregional.com.br\/index.php?rest_route=%2Fwp%2Fv2%2Fmedia&parent=7748"}],"wp:term":[{"taxonomy":"category","embeddable":true,"href":"https:\/\/noticiarioregional.com.br\/index.php?rest_route=%2Fwp%2Fv2%2Fcategories&post=7748"},{"taxonomy":"post_tag","embeddable":true,"href":"https:\/\/noticiarioregional.com.br\/index.php?rest_route=%2Fwp%2Fv2%2Ftags&post=7748"}],"curies":[{"name":"wp","href":"https:\/\/api.w.org\/{rel}","templated":true}]}}