{"id":7752,"date":"2025-10-15T10:34:45","date_gmt":"2025-10-15T13:34:45","guid":{"rendered":"http:\/\/noticiarioregional.com.br\/?p=7752"},"modified":"2025-10-15T10:34:46","modified_gmt":"2025-10-15T13:34:46","slug":"semana-municipal-de-incentivo-a-doacao-de-sangue","status":"publish","type":"post","link":"https:\/\/noticiarioregional.com.br\/?p=7752","title":{"rendered":"Semana Municipal de Incentivo \u00e0 Doa\u00e7\u00e3o de Sangue"},"content":{"rendered":"\n<p><strong>S\u00e3o Jo\u00e3o do Oeste \u2013<\/strong> De autoria do vereador Lairton Reichert, do PL, a C\u00e2mara de Vereadores aprovou o Projeto de Lei Legislativo n\u00famero 004\/2025 de 08 de setembro de 2025 que institui a Semana Municipal de Incentivo \u00e0 Doa\u00e7\u00e3o de Sangue, a ser realizada anualmente no per\u00edodo compreendido de 18 a 25 de novembro no munic\u00edpio de S\u00e3o Jo\u00e3o do Oeste. Conforme o vereador autor do projeto, o per\u00edodo sugerido para esta semana municipal \u00e9 concomitante ao Dia Nacional do Doador de Sangue, em 25 de novembro.<\/p>\n\n\n\n<p>Com a proposi\u00e7\u00e3o, Lairton explica que o objetivo \u00e9 que a secretaria de Sa\u00fade promova campanhas de conscientiza\u00e7\u00e3o e a\u00e7\u00f5es de divulga\u00e7\u00e3o sobre a import\u00e2ncia da doa\u00e7\u00e3o de sangue, atividades que poder\u00e3o envolver os profissionais da \u00e1rea. Al\u00e9m disso, o vereador sugere que durante a Semana Municipal de Incentivo \u00e0 Doa\u00e7\u00e3o de Sangue sejam feitas homenagens como forma de reconhecimento e gratid\u00e3o aos mun\u00edcipes doadores de sangue.<\/p>\n\n\n\n<p>Atualmente em S\u00e3o Jo\u00e3o do Oeste s\u00e3o cerca de 90 doadores de sangue ativos, e al\u00e9m do transporte ao Hemosc para a doa\u00e7\u00e3o, o munic\u00edpio tamb\u00e9m custeia o almo\u00e7o. Para o vereador, o projeto de lei \u00e9 um reconhecimento aos atuais doadores, todos que ao longo dos anos j\u00e1 foram doadores, e que da mesma forma, sirva de incentivo para que outras pessoas tamb\u00e9m sejam volunt\u00e1rias deste gesto nobre. Lairton tamb\u00e9m sugere que entre as a\u00e7\u00f5es de incentivo esteja o trabalho nas escolas, principalmente com jovens na faixa et\u00e1ria dos 15 e 16 anos, idade em que j\u00e1 est\u00e3o aptos a doar sangue.<\/p>\n","protected":false},"excerpt":{"rendered":"<p>S\u00e3o Jo\u00e3o do Oeste \u2013 De autoria do vereador Lairton Reichert, do PL, a C\u00e2mara de Vereadores aprovou o Projeto de Lei Legislativo n\u00famero 004\/2025 de 08 de setembro de 2025 que institui a Semana Municipal de Incentivo \u00e0 Doa\u00e7\u00e3o de Sangue, a ser realizada anualmente no per\u00edodo compreendido de 18 a 25 de novembro<\/p>\n","protected":false},"author":1,"featured_media":7753,"comment_status":"open","ping_status":"open","sticky":false,"template":"","format":"standard","meta":{"footnotes":""},"categories":[41],"tags":[],"class_list":{"0":"post-7752","1":"post","2":"type-post","3":"status-publish","4":"format-standard","5":"has-post-thumbnail","7":"category-noticias"},"_links":{"self":[{"href":"https:\/\/noticiarioregional.com.br\/index.php?rest_route=\/wp\/v2\/posts\/7752","targetHints":{"allow":["GET"]}}],"collection":[{"href":"https:\/\/noticiarioregional.com.br\/index.php?rest_route=\/wp\/v2\/posts"}],"about":[{"href":"https:\/\/noticiarioregional.com.br\/index.php?rest_route=\/wp\/v2\/types\/post"}],"author":[{"embeddable":true,"href":"https:\/\/noticiarioregional.com.br\/index.php?rest_route=\/wp\/v2\/users\/1"}],"replies":[{"embeddable":true,"href":"https:\/\/noticiarioregional.com.br\/index.php?rest_route=%2Fwp%2Fv2%2Fcomments&post=7752"}],"version-history":[{"count":1,"href":"https:\/\/noticiarioregional.com.br\/index.php?rest_route=\/wp\/v2\/posts\/7752\/revisions"}],"predecessor-version":[{"id":7754,"href":"https:\/\/noticiarioregional.com.br\/index.php?rest_route=\/wp\/v2\/posts\/7752\/revisions\/7754"}],"wp:featuredmedia":[{"embeddable":true,"href":"https:\/\/noticiarioregional.com.br\/index.php?rest_route=\/wp\/v2\/media\/7753"}],"wp:attachment":[{"href":"https:\/\/noticiarioregional.com.br\/index.php?rest_route=%2Fwp%2Fv2%2Fmedia&parent=7752"}],"wp:term":[{"taxonomy":"category","embeddable":true,"href":"https:\/\/noticiarioregional.com.br\/index.php?rest_route=%2Fwp%2Fv2%2Fcategories&post=7752"},{"taxonomy":"post_tag","embeddable":true,"href":"https:\/\/noticiarioregional.com.br\/index.php?rest_route=%2Fwp%2Fv2%2Ftags&post=7752"}],"curies":[{"name":"wp","href":"https:\/\/api.w.org\/{rel}","templated":true}]}}