{"id":7759,"date":"2025-10-15T10:48:07","date_gmt":"2025-10-15T13:48:07","guid":{"rendered":"https:\/\/noticiarioregional.com.br\/?p=7759"},"modified":"2025-10-15T10:48:08","modified_gmt":"2025-10-15T13:48:08","slug":"minha-casa-minha-vida-rural-transforma-realidade-de-familias-agricultoras","status":"publish","type":"post","link":"https:\/\/noticiarioregional.com.br\/?p=7759","title":{"rendered":"Minha Casa Minha Vida Rural transforma realidade de fam\u00edlias agricultoras"},"content":{"rendered":"\n<p><strong>Monda\u00ed &#8211;<\/strong> O sonho da casa pr\u00f3pria est\u00e1 se tornando realidade para quatro fam\u00edlias agricultoras de Monda\u00ed, contempladas pelo Programa Minha Casa Minha Vida Rural, que voltou a ser executado ap\u00f3s anos de espera. A iniciativa \u00e9 subsidiada pelo Governo Federal e foi articulada em parceria com o Sindicato dos Trabalhadores Rurais do munic\u00edpio.<\/p>\n\n\n\n<p>Segundo o presidente do sindicato, Fl\u00e1vio Zang, as inscri\u00e7\u00f5es foram abertas em 2023, quando 15 fam\u00edlias manifestaram interesse. No entanto, ao longo do processo de an\u00e1lise documental, muitas acabaram sendo desclassificadas por n\u00e3o atenderem a todos os crit\u00e9rios exigidos pela Caixa Econ\u00f4mica Federal. \u201c<em>Come\u00e7amos com 15 inscritos, depois passou para 13, mas devido \u00e0s exig\u00eancias de documenta\u00e7\u00e3o, sobraram quatro fam\u00edlias. E s\u00e3o essas que agora est\u00e3o prestes a inaugurar suas casas novas<\/em>\u201d, explicou Zang.<\/p>\n\n\n\n<p>Cada fam\u00edlia contemplada recebeu R$ 75 mil do Governo Federal, valor totalmente subsidiado, sem necessidade de devolu\u00e7\u00e3o. A \u00fanica contrapartida foi o pagamento de R$ 750,00 no ato da assinatura do contrato, equivalente a 1% do valor da obra. O montante \u00e9 destinado \u00e0 compra de materiais de constru\u00e7\u00e3o, enquanto parte do recurso \u00e9 separada para os custos de engenharia. \u201c<em>\u00c9 uma alegria muito grande para essas fam\u00edlias, que agora ter\u00e3o um lar digno, de alvenaria, constru\u00eddo dentro dos padr\u00f5es exigidos. E n\u00f3s esperamos que no pr\u00f3ximo ano mais fam\u00edlias possam ser contempladas, inclusive com novas inscri\u00e7\u00f5es que a Caixa dever\u00e1 abrir<\/em>\u201d, destacou Zang.<\/p>\n\n\n\n<p>O presidente Fl\u00e1vio Zang refor\u00e7a que j\u00e1 h\u00e1 grupos de fam\u00edlias inscritas tamb\u00e9m para a modalidade de reforma de casas, que poder\u00e1 ser liberada no in\u00edcio de 2026. \u201c<em>Esse programa \u00e9 fundamental para garantir dignidade no campo, ajudando agricultores que muitas vezes vivem em condi\u00e7\u00f5es prec\u00e1rias a terem uma moradia segura e de qualidade<\/em>\u201d, ressaltou.<\/p>\n\n\n\n<figure class=\"wp-block-image size-large\"><img fetchpriority=\"high\" decoding=\"async\" width=\"1024\" height=\"683\" src=\"https:\/\/noticiarioregional.com.br\/wp-content\/uploads\/2025\/10\/Flavio-1024x683.jpg\" alt=\"\" class=\"wp-image-7760\" srcset=\"https:\/\/noticiarioregional.com.br\/wp-content\/uploads\/2025\/10\/Flavio-1024x683.jpg 1024w, https:\/\/noticiarioregional.com.br\/wp-content\/uploads\/2025\/10\/Flavio-300x200.jpg 300w, https:\/\/noticiarioregional.com.br\/wp-content\/uploads\/2025\/10\/Flavio-768x512.jpg 768w, https:\/\/noticiarioregional.com.br\/wp-content\/uploads\/2025\/10\/Flavio-1536x1024.jpg 1536w, https:\/\/noticiarioregional.com.br\/wp-content\/uploads\/2025\/10\/Flavio-2048x1365.jpg 2048w, https:\/\/noticiarioregional.com.br\/wp-content\/uploads\/2025\/10\/Flavio-150x100.jpg 150w, https:\/\/noticiarioregional.com.br\/wp-content\/uploads\/2025\/10\/Flavio-450x300.jpg 450w, https:\/\/noticiarioregional.com.br\/wp-content\/uploads\/2025\/10\/Flavio-1200x800.jpg 1200w\" sizes=\"(max-width: 1024px) 100vw, 1024px\" \/><figcaption class=\"wp-element-caption\">O presidente Fl\u00e1vio Zang<\/figcaption><\/figure>\n\n\n\n<p><strong>BOX: <\/strong><strong>A conquista de Claudete<\/strong><\/p>\n\n\n\n<p>Entre os beneficiados est\u00e1 Claudete da Silva Ara\u00fajo, moradora da comunidade de Linha Taipa Baixa. Ela relatou a emo\u00e7\u00e3o de ver sua nova casa ganhar forma em pouco tempo. \u201c<em>Foi muito r\u00e1pido, em menos de 45 dias j\u00e1 estava praticamente pronta. O pedreiro trabalhou com dedica\u00e7\u00e3o, fez tudo caprichado. \u00c9 uma b\u00ean\u00e7\u00e3o de Deus<\/em>\u201d, disse.<\/p>\n\n\n\n<p>Com 52 metros quadrados, a resid\u00eancia conta com dois quartos, sala e cozinha conjugadas, lavanderia, banheiro amplo e uma pequena \u00e1rea externa. Claudete destacou que o valor repassado permitiu levantar uma casa confort\u00e1vel e de qualidade, algo que ela sempre sonhou ap\u00f3s anos vivendo em moradias de madeira. \u201c<em>\u00c0s vezes olho e penso: ser\u00e1 que \u00e9 mesmo minha casa ou estou sonhando? Foram muitos anos de espera, mas nunca perdi a esperan\u00e7a. Eu sempre acreditei que, se fosse da vontade de Deus, aconteceria. E agora est\u00e1 acontecendo<\/em>\u201d, afirmou emocionada.<\/p>\n\n\n\n<p>As quatro moradias devem ser oficialmente inauguradas em dezembro, em um momento de confraterniza\u00e7\u00e3o entre as fam\u00edlias, autoridades e representantes do sindicato. Para Claudete, ser\u00e1 uma data especial: \u201c<em>Vai ser um dia de festa, de alegria, de agradecer e celebrar. Porque n\u00e3o \u00e9 s\u00f3 uma casa, \u00e9 uma nova vida que come\u00e7a<\/em>\u201d. Claudete explica que no Programa havia tr\u00eas estilos de casa, no qual podia escolher qual desejava fazer, optando pelo modelo 1. Explicou que ap\u00f3s a assinatura do contrato com a Caixa, dos 75 mil recebidos, R$ 5 mil foram debitados para os trabalhos de engenharia, e o restante, diretamente para a loja de materiais de constru\u00e7\u00e3o credenciada pelo programa, onde Claudete pode ir e escolher todo o material como desejava.<\/p>\n","protected":false},"excerpt":{"rendered":"<p>Monda\u00ed &#8211; O sonho da casa pr\u00f3pria est\u00e1 se tornando realidade para quatro fam\u00edlias agricultoras de Monda\u00ed, contempladas pelo Programa Minha Casa Minha Vida Rural, que voltou a ser executado ap\u00f3s anos de espera. A iniciativa \u00e9 subsidiada pelo Governo Federal e foi articulada em parceria com o Sindicato dos Trabalhadores Rurais do munic\u00edpio. Segundo<\/p>\n","protected":false},"author":1,"featured_media":7761,"comment_status":"open","ping_status":"open","sticky":false,"template":"","format":"standard","meta":{"footnotes":""},"categories":[41],"tags":[],"class_list":{"0":"post-7759","1":"post","2":"type-post","3":"status-publish","4":"format-standard","5":"has-post-thumbnail","7":"category-noticias"},"_links":{"self":[{"href":"https:\/\/noticiarioregional.com.br\/index.php?rest_route=\/wp\/v2\/posts\/7759","targetHints":{"allow":["GET"]}}],"collection":[{"href":"https:\/\/noticiarioregional.com.br\/index.php?rest_route=\/wp\/v2\/posts"}],"about":[{"href":"https:\/\/noticiarioregional.com.br\/index.php?rest_route=\/wp\/v2\/types\/post"}],"author":[{"embeddable":true,"href":"https:\/\/noticiarioregional.com.br\/index.php?rest_route=\/wp\/v2\/users\/1"}],"replies":[{"embeddable":true,"href":"https:\/\/noticiarioregional.com.br\/index.php?rest_route=%2Fwp%2Fv2%2Fcomments&post=7759"}],"version-history":[{"count":1,"href":"https:\/\/noticiarioregional.com.br\/index.php?rest_route=\/wp\/v2\/posts\/7759\/revisions"}],"predecessor-version":[{"id":7762,"href":"https:\/\/noticiarioregional.com.br\/index.php?rest_route=\/wp\/v2\/posts\/7759\/revisions\/7762"}],"wp:featuredmedia":[{"embeddable":true,"href":"https:\/\/noticiarioregional.com.br\/index.php?rest_route=\/wp\/v2\/media\/7761"}],"wp:attachment":[{"href":"https:\/\/noticiarioregional.com.br\/index.php?rest_route=%2Fwp%2Fv2%2Fmedia&parent=7759"}],"wp:term":[{"taxonomy":"category","embeddable":true,"href":"https:\/\/noticiarioregional.com.br\/index.php?rest_route=%2Fwp%2Fv2%2Fcategories&post=7759"},{"taxonomy":"post_tag","embeddable":true,"href":"https:\/\/noticiarioregional.com.br\/index.php?rest_route=%2Fwp%2Fv2%2Ftags&post=7759"}],"curies":[{"name":"wp","href":"https:\/\/api.w.org\/{rel}","templated":true}]}}