{"id":7763,"date":"2025-10-15T10:50:03","date_gmt":"2025-10-15T13:50:03","guid":{"rendered":"https:\/\/noticiarioregional.com.br\/?p=7763"},"modified":"2025-10-15T10:50:04","modified_gmt":"2025-10-15T13:50:04","slug":"cuidados-com-as-frutiferas-exigem-atencao-redobrada-no-mes-de-outubro","status":"publish","type":"post","link":"https:\/\/noticiarioregional.com.br\/?p=7763","title":{"rendered":"Cuidados com as frut\u00edferas exigem aten\u00e7\u00e3o redobrada no m\u00eas de outubro"},"content":{"rendered":"\n<p><strong>Caibi &#8211;<\/strong> Com a chegada do m\u00eas de outubro, o cen\u00e1rio das frut\u00edferas exige aten\u00e7\u00e3o redobrada dos agricultores. A fase atual \u00e9 de brota\u00e7\u00e3o, um momento delicado que demanda manejo adequado para garantir produtividade e qualidade na colheita. As orienta\u00e7\u00f5es s\u00e3o do l\u00edder do Projeto de Fruticultura do Extremo Oeste da Epagri, Paulo Roberto Kuhn, que destaca a import\u00e2ncia das pr\u00e1ticas preventivas tanto para doen\u00e7as quanto para pragas.<\/p>\n\n\n\n<p>Segundo Kuhn, as condi\u00e7\u00f5es clim\u00e1ticas t\u00edpicas da esta\u00e7\u00e3o, manh\u00e3s frias, tardes quentes e alta umidade, favorecem o aparecimento de problemas fitossanit\u00e1rios, como a antracnose nas videiras. \u201c<em>A uva est\u00e1 florescendo, e \u00e9 nessa fase que o agricultor deve ter cuidado especial, porque os primeiros sintomas podem comprometer toda a safra. O ideal \u00e9 iniciar j\u00e1 o tratamento preventivo com produtos adequados, seguindo orienta\u00e7\u00e3o t\u00e9cnica<\/em>\u201d, ressalta.<\/p>\n\n\n\n<p>Al\u00e9m da uva, o pessegueiro tamb\u00e9m exige manejo criterioso. Nesse per\u00edodo, a mosca-das-frutas se torna uma das principais amea\u00e7as, provocando queda precoce dos frutos ou danificando-os ainda no processo de amadurecimento. \u201c<em>O agricultor deve estar atento, pois o ataque dessa praga facilita ainda a entrada de doen\u00e7as, como a podrid\u00e3o-parda. O controle preventivo com inseticidas, sejam qu\u00edmicos ou alternativos, \u00e9 fundamental, sempre com acompanhamento t\u00e9cnico da Epagri<\/em>\u201d, refor\u00e7a.<\/p>\n\n\n\n<p>Outro ponto destacado por Paulo \u00e9 a realiza\u00e7\u00e3o da poda verde, pr\u00e1tica que ocorre entre outubro e novembro. No pessegueiro, \u00e9 o momento de eliminar os chamados \u201cramos ladr\u00f5es\u201d, que consomem energia e prejudicam a circula\u00e7\u00e3o de ar e a entrada de luz na copa. Na videira, o manejo inclui o desponte de ramos ap\u00f3s o \u00faltimo cacho e a elimina\u00e7\u00e3o de brotos secund\u00e1rios. \u201c<em>Esses cuidados favorecem a ilumina\u00e7\u00e3o, reduzem o risco de doen\u00e7as e aumentam a qualidade e a do\u00e7ura das frutas<\/em>\u201d, explica.<\/p>\n\n\n\n<p>O raleio do p\u00eassego tamb\u00e9m merece destaque. A recomenda\u00e7\u00e3o \u00e9 deixar um fruto a cada dez cent\u00edmetros, evitando o contato direto entre eles. Essa t\u00e9cnica permite que a planta concentre energia em menos frutos, garantindo maior calibre e qualidade.<\/p>\n\n\n\n<p>Paulo lembra ainda da import\u00e2ncia do uso correto de Equipamentos de Prote\u00e7\u00e3o Individual &#8211; EPIs durante as pulveriza\u00e7\u00f5es, al\u00e9m do respeito ao per\u00edodo de car\u00eancia dos produtos. \u201c<em>Cuidar da sa\u00fade do agricultor \u00e9 t\u00e3o importante quanto cuidar da planta. Por isso, refor\u00e7amos sempre a necessidade de seguir as normas de seguran\u00e7a<\/em>\u201d, enfatiza.<\/p>\n\n\n\n<p>Por fim, o l\u00edder do projeto refor\u00e7a a necessidade de planejamento tamb\u00e9m para os pr\u00f3ximos ciclos. Ele lembra que, no inverno, o tratamento com calda sulfoc\u00e1lcica antes da flora\u00e7\u00e3o do pessegueiro \u00e9 essencial para reduzir a incid\u00eancia da podrid\u00e3o-parda no futuro. \u201c<em>Estamos em um momento decisivo para garantir uma safra saud\u00e1vel e produtiva. O agricultor que investir em preven\u00e7\u00e3o agora ter\u00e1 menos perdas e frutos de melhor qualidade<\/em>\u201d, conclui.<\/p>\n","protected":false},"excerpt":{"rendered":"<p>Caibi &#8211; Com a chegada do m\u00eas de outubro, o cen\u00e1rio das frut\u00edferas exige aten\u00e7\u00e3o redobrada dos agricultores. A fase atual \u00e9 de brota\u00e7\u00e3o, um momento delicado que demanda manejo adequado para garantir produtividade e qualidade na colheita. As orienta\u00e7\u00f5es s\u00e3o do l\u00edder do Projeto de Fruticultura do Extremo Oeste da Epagri, Paulo Roberto Kuhn,<\/p>\n","protected":false},"author":1,"featured_media":7764,"comment_status":"open","ping_status":"open","sticky":false,"template":"","format":"standard","meta":{"footnotes":""},"categories":[41],"tags":[],"class_list":{"0":"post-7763","1":"post","2":"type-post","3":"status-publish","4":"format-standard","5":"has-post-thumbnail","7":"category-noticias"},"_links":{"self":[{"href":"https:\/\/noticiarioregional.com.br\/index.php?rest_route=\/wp\/v2\/posts\/7763","targetHints":{"allow":["GET"]}}],"collection":[{"href":"https:\/\/noticiarioregional.com.br\/index.php?rest_route=\/wp\/v2\/posts"}],"about":[{"href":"https:\/\/noticiarioregional.com.br\/index.php?rest_route=\/wp\/v2\/types\/post"}],"author":[{"embeddable":true,"href":"https:\/\/noticiarioregional.com.br\/index.php?rest_route=\/wp\/v2\/users\/1"}],"replies":[{"embeddable":true,"href":"https:\/\/noticiarioregional.com.br\/index.php?rest_route=%2Fwp%2Fv2%2Fcomments&post=7763"}],"version-history":[{"count":1,"href":"https:\/\/noticiarioregional.com.br\/index.php?rest_route=\/wp\/v2\/posts\/7763\/revisions"}],"predecessor-version":[{"id":7765,"href":"https:\/\/noticiarioregional.com.br\/index.php?rest_route=\/wp\/v2\/posts\/7763\/revisions\/7765"}],"wp:featuredmedia":[{"embeddable":true,"href":"https:\/\/noticiarioregional.com.br\/index.php?rest_route=\/wp\/v2\/media\/7764"}],"wp:attachment":[{"href":"https:\/\/noticiarioregional.com.br\/index.php?rest_route=%2Fwp%2Fv2%2Fmedia&parent=7763"}],"wp:term":[{"taxonomy":"category","embeddable":true,"href":"https:\/\/noticiarioregional.com.br\/index.php?rest_route=%2Fwp%2Fv2%2Fcategories&post=7763"},{"taxonomy":"post_tag","embeddable":true,"href":"https:\/\/noticiarioregional.com.br\/index.php?rest_route=%2Fwp%2Fv2%2Ftags&post=7763"}],"curies":[{"name":"wp","href":"https:\/\/api.w.org\/{rel}","templated":true}]}}