{"id":7766,"date":"2025-10-15T10:51:51","date_gmt":"2025-10-15T13:51:51","guid":{"rendered":"https:\/\/noticiarioregional.com.br\/?p=7766"},"modified":"2025-10-15T10:51:52","modified_gmt":"2025-10-15T13:51:52","slug":"consultorio-medico-do-dr-eduardo-dombroski-completa-um-ano-de-atendimento-no-novo-espaco","status":"publish","type":"post","link":"https:\/\/noticiarioregional.com.br\/?p=7766","title":{"rendered":"Consult\u00f3rio M\u00e9dico do Dr. Eduardo Dombroski completa um ano de atendimento no novo espa\u00e7o"},"content":{"rendered":"\n<p><strong>Ipor\u00e3 do Oeste \u2013<\/strong> No m\u00eas de setembro o consult\u00f3rio do doutor Eduardo Dombroski completou o primeiro ano de atendimentos no novo local, na Rua Teot\u00f4nia, n\u00famero 202, ao lado do Centro P\u00fablico de Conviv\u00eancia. Os agendamentos de consultas s\u00e3o feitos nas segundas, quartas e sextas a tarde e s\u00e1bados pela manh\u00e3. O telefone de contato \u00e9 o (54) 9909-9327.<\/p>\n\n\n\n<p>Formado em medicina pela universidade de Passo Fundo, Eduardo Dombroski \u00e9 especialista em geriatria e gerontologia, \u00e1reas voltadas para a sa\u00fade e bem-estar das pessoas da terceira idade. O m\u00e9dico explica que sua atua\u00e7\u00e3o \u00e9 focada no atendimento aos idosos, e sua sa\u00fade como um todo. Afirma que \u00e9 um p\u00fablico cada vez maior e que necessita de aten\u00e7\u00e3o especial.<\/p>\n\n\n\n<p>Al\u00e9m de atender no consult\u00f3rio, o m\u00e9dico enfatiza que mant\u00e9m os cuidados e as orienta\u00e7\u00f5es no p\u00f3s-consulta, orientando o idoso e seus familiares sobre como evitar acidentes em casa, a perceber sintomas de doen\u00e7as e auxiliar no uso correto de medicamentos. Doutor Eduardo acrescenta que mesmo que esteja com a sa\u00fade fragilizada, os familiares devem considerar que o idoso \u00e9 uma pessoa independente e deve ser consultado sobre as decis\u00f5es de sua pr\u00f3pria vida.<\/p>\n\n\n\n<p>Segundo o m\u00e9dico, os principais atendimentos ao p\u00fablico da terceira atualmente est\u00e3o voltados a problemas de sa\u00fade relacionados a dem\u00eancia, como esquecimento e desorienta\u00e7\u00e3o. Comenta que em algumas situa\u00e7\u00f5es, ap\u00f3s a investiga\u00e7\u00e3o m\u00e9dica, \u00e9 identificado que os sintomas s\u00e3o em fun\u00e7\u00e3o de doen\u00e7as como depress\u00e3o, dist\u00farbio de tireoide, entre outros.<\/p>\n\n\n\n<p>Doutor Eduardo chama aten\u00e7\u00e3o que s\u00e3o frequentes as consultas por conta de idosos que apresentam quadro de ansiedade, depress\u00e3o e solid\u00e3o. Por conta disso, refor\u00e7a a import\u00e2ncia de os familiares procurarem atendimento particular e individualizado para que os idosos tenham suas demandas atendidas.<\/p>\n","protected":false},"excerpt":{"rendered":"<p>Ipor\u00e3 do Oeste \u2013 No m\u00eas de setembro o consult\u00f3rio do doutor Eduardo Dombroski completou o primeiro ano de atendimentos no novo local, na Rua Teot\u00f4nia, n\u00famero 202, ao lado do Centro P\u00fablico de Conviv\u00eancia. Os agendamentos de consultas s\u00e3o feitos nas segundas, quartas e sextas a tarde e s\u00e1bados pela manh\u00e3. O telefone de<\/p>\n","protected":false},"author":1,"featured_media":7767,"comment_status":"open","ping_status":"open","sticky":false,"template":"","format":"standard","meta":{"footnotes":""},"categories":[41],"tags":[],"class_list":{"0":"post-7766","1":"post","2":"type-post","3":"status-publish","4":"format-standard","5":"has-post-thumbnail","7":"category-noticias"},"_links":{"self":[{"href":"https:\/\/noticiarioregional.com.br\/index.php?rest_route=\/wp\/v2\/posts\/7766","targetHints":{"allow":["GET"]}}],"collection":[{"href":"https:\/\/noticiarioregional.com.br\/index.php?rest_route=\/wp\/v2\/posts"}],"about":[{"href":"https:\/\/noticiarioregional.com.br\/index.php?rest_route=\/wp\/v2\/types\/post"}],"author":[{"embeddable":true,"href":"https:\/\/noticiarioregional.com.br\/index.php?rest_route=\/wp\/v2\/users\/1"}],"replies":[{"embeddable":true,"href":"https:\/\/noticiarioregional.com.br\/index.php?rest_route=%2Fwp%2Fv2%2Fcomments&post=7766"}],"version-history":[{"count":1,"href":"https:\/\/noticiarioregional.com.br\/index.php?rest_route=\/wp\/v2\/posts\/7766\/revisions"}],"predecessor-version":[{"id":7768,"href":"https:\/\/noticiarioregional.com.br\/index.php?rest_route=\/wp\/v2\/posts\/7766\/revisions\/7768"}],"wp:featuredmedia":[{"embeddable":true,"href":"https:\/\/noticiarioregional.com.br\/index.php?rest_route=\/wp\/v2\/media\/7767"}],"wp:attachment":[{"href":"https:\/\/noticiarioregional.com.br\/index.php?rest_route=%2Fwp%2Fv2%2Fmedia&parent=7766"}],"wp:term":[{"taxonomy":"category","embeddable":true,"href":"https:\/\/noticiarioregional.com.br\/index.php?rest_route=%2Fwp%2Fv2%2Fcategories&post=7766"},{"taxonomy":"post_tag","embeddable":true,"href":"https:\/\/noticiarioregional.com.br\/index.php?rest_route=%2Fwp%2Fv2%2Ftags&post=7766"}],"curies":[{"name":"wp","href":"https:\/\/api.w.org\/{rel}","templated":true}]}}