{"id":7773,"date":"2025-10-15T10:58:34","date_gmt":"2025-10-15T13:58:34","guid":{"rendered":"https:\/\/noticiarioregional.com.br\/?p=7773"},"modified":"2025-10-15T10:58:35","modified_gmt":"2025-10-15T13:58:35","slug":"prestacao-de-contas-da-saude-destaca-mutiroes-parcerias-e-novos-investimentos","status":"publish","type":"post","link":"https:\/\/noticiarioregional.com.br\/?p=7773","title":{"rendered":"Presta\u00e7\u00e3o de contas da Sa\u00fade destaca mutir\u00f5es, parcerias e novos investimentos"},"content":{"rendered":"\n<p><strong>Riqueza &#8211;<\/strong> Na \u00faltima audi\u00eancia p\u00fablica, a secret\u00e1ria municipal da Sa\u00fade, Raquel de Moura, apresentou a presta\u00e7\u00e3o de contas referente aos trabalhos realizados durante todo o ano. Na oportunidade, detalhou dados, investimentos e desafios enfrentados pela pasta, al\u00e9m de destacar a\u00e7\u00f5es em andamento e planos futuros para qualificar ainda mais o atendimento oferecido \u00e0 popula\u00e7\u00e3o.<\/p>\n\n\n\n<p>Segundo Raquel, a m\u00e9dia mensal de atendimentos na unidade de sa\u00fade do munic\u00edpio ultrapassa os 5 mil registros. Em agosto, o n\u00famero foi ainda maior, chegando a 7.119 atendimentos. Apenas as consultas m\u00e9dicas representam, em m\u00e9dia, 2.540 por m\u00eas, sem contabilizar os atendimentos odontol\u00f3gicos. A secret\u00e1ria destacou que diariamente passam pelo local cerca de 323 pessoas.<\/p>\n\n\n\n<p>Com a chegada de novos ve\u00edculos para a Secretaria da Sa\u00fade, Raquel afirmou que a equipe conseguiu \u201cdar uma respirada\u201d, especialmente no transporte de pacientes para fora do munic\u00edpio. Al\u00e9m disso, a secretaria tem investido na capacita\u00e7\u00e3o cont\u00ednua dos profissionais, refor\u00e7ando o compromisso com um atendimento humanizado.<\/p>\n\n\n\n<p>Entre as mudan\u00e7as previstas, Raquel citou a atualiza\u00e7\u00e3o do Cart\u00e3o SUS, que passar\u00e1 a utilizar o n\u00famero do CPF como refer\u00eancia. Outro ponto abordado foi a import\u00e2ncia das parcerias com munic\u00edpios vizinhos, como utiliza\u00e7\u00e3o do Caminh\u00e3o do SESC, em colabora\u00e7\u00e3o com Caibi, que ampliou a oferta de servi\u00e7os \u00e0s mulheres.<\/p>\n\n\n\n<p>Ela tamb\u00e9m destacou os mutir\u00f5es de ortopedia realizados em julho e setembro, que somaram 87 consultas de alta complexidade, todas custeadas com recursos pr\u00f3prios do munic\u00edpio. Um terceiro mutir\u00e3o j\u00e1 est\u00e1 em planejamento, diante da extensa fila de espera que contempla pacientes aguardando atendimento desde 2017. Cita tamb\u00e9m que em parceria com Caibi, tamb\u00e9m foram realizadas consultas oftalmol\u00f3gicas, incluindo exames completos em 15 moradores de Riqueza.<\/p>\n\n\n\n<p>Nos n\u00fameros apresentados, desde janeiro deste ano j\u00e1 foram realizadas 405 ultrassonografias com recursos pr\u00f3prios, embora ainda existam mais de 300 pacientes em espera. Al\u00e9m disso, foram contabilizadas 248 tomografias custeadas pelo munic\u00edpio e outras 230 pelo Estado, al\u00e9m de 271 resson\u00e2ncias magn\u00e9ticas e 484 consultas em especialidades diversas.<\/p>\n\n\n\n<p>Raquel manifestou preocupa\u00e7\u00e3o em rela\u00e7\u00e3o \u00e0 baixa oferta de exames de colonoscopia e endoscopia. Em 2025, foram realizadas apenas 19 colonoscopias, das quais quatro resultaram na descoberta de c\u00e2ncer, e 36 endoscopias. Para suprir essa demanda, a Secretaria busca alternativas de amplia\u00e7\u00e3o da oferta desses exames. Outro dado apresentado foi a parceria estabelecida com os hospitais de Monda\u00ed, Caibi e Palmitos, que j\u00e1 atenderam 1.691 pacientes de Riqueza neste ano.<\/p>\n\n\n\n<p>Na \u00e1rea de medicamentos, os gastos da farm\u00e1cia b\u00e1sica somam R$ 270 mil at\u00e9 o momento. Raquel ainda destacou um levantamento realizado para compreender a alta demanda de atendimentos: em alguns casos, h\u00e1 pacientes que procuram a unidade at\u00e9 oito vezes por m\u00eas. Diante disso, a secretaria pretende intensificar as a\u00e7\u00f5es voltadas \u00e0 preven\u00e7\u00e3o, para reduzir a sobrecarga do sistema e melhorar a qualidade de vida da popula\u00e7\u00e3o.<\/p>\n\n\n\n<p>Encerrando sua explana\u00e7\u00e3o, a secret\u00e1ria reiterou o compromisso da administra\u00e7\u00e3o municipal em manter a transpar\u00eancia e buscar solu\u00e7\u00f5es que contemplem tanto a demanda imediata quanto o fortalecimento de uma sa\u00fade preventiva e acess\u00edvel para todos os mun\u00edcipes de Riqueza.<\/p>\n","protected":false},"excerpt":{"rendered":"<p>Riqueza &#8211; Na \u00faltima audi\u00eancia p\u00fablica, a secret\u00e1ria municipal da Sa\u00fade, Raquel de Moura, apresentou a presta\u00e7\u00e3o de contas referente aos trabalhos realizados durante todo o ano. Na oportunidade, detalhou dados, investimentos e desafios enfrentados pela pasta, al\u00e9m de destacar a\u00e7\u00f5es em andamento e planos futuros para qualificar ainda mais o atendimento oferecido \u00e0 popula\u00e7\u00e3o.<\/p>\n","protected":false},"author":1,"featured_media":7774,"comment_status":"open","ping_status":"open","sticky":false,"template":"","format":"standard","meta":{"footnotes":""},"categories":[41],"tags":[],"class_list":{"0":"post-7773","1":"post","2":"type-post","3":"status-publish","4":"format-standard","5":"has-post-thumbnail","7":"category-noticias"},"_links":{"self":[{"href":"https:\/\/noticiarioregional.com.br\/index.php?rest_route=\/wp\/v2\/posts\/7773","targetHints":{"allow":["GET"]}}],"collection":[{"href":"https:\/\/noticiarioregional.com.br\/index.php?rest_route=\/wp\/v2\/posts"}],"about":[{"href":"https:\/\/noticiarioregional.com.br\/index.php?rest_route=\/wp\/v2\/types\/post"}],"author":[{"embeddable":true,"href":"https:\/\/noticiarioregional.com.br\/index.php?rest_route=\/wp\/v2\/users\/1"}],"replies":[{"embeddable":true,"href":"https:\/\/noticiarioregional.com.br\/index.php?rest_route=%2Fwp%2Fv2%2Fcomments&post=7773"}],"version-history":[{"count":1,"href":"https:\/\/noticiarioregional.com.br\/index.php?rest_route=\/wp\/v2\/posts\/7773\/revisions"}],"predecessor-version":[{"id":7775,"href":"https:\/\/noticiarioregional.com.br\/index.php?rest_route=\/wp\/v2\/posts\/7773\/revisions\/7775"}],"wp:featuredmedia":[{"embeddable":true,"href":"https:\/\/noticiarioregional.com.br\/index.php?rest_route=\/wp\/v2\/media\/7774"}],"wp:attachment":[{"href":"https:\/\/noticiarioregional.com.br\/index.php?rest_route=%2Fwp%2Fv2%2Fmedia&parent=7773"}],"wp:term":[{"taxonomy":"category","embeddable":true,"href":"https:\/\/noticiarioregional.com.br\/index.php?rest_route=%2Fwp%2Fv2%2Fcategories&post=7773"},{"taxonomy":"post_tag","embeddable":true,"href":"https:\/\/noticiarioregional.com.br\/index.php?rest_route=%2Fwp%2Fv2%2Ftags&post=7773"}],"curies":[{"name":"wp","href":"https:\/\/api.w.org\/{rel}","templated":true}]}}