{"id":7807,"date":"2025-10-15T11:23:55","date_gmt":"2025-10-15T14:23:55","guid":{"rendered":"https:\/\/noticiarioregional.com.br\/?p=7807"},"modified":"2025-10-17T10:00:52","modified_gmt":"2025-10-17T13:00:52","slug":"festa-do-padroeiro-sao-miguel-na-la-esperanca","status":"publish","type":"post","link":"https:\/\/noticiarioregional.com.br\/?p=7807","title":{"rendered":"Festa do Padroeiro S\u00e3o Miguel na La. Esperan\u00e7a"},"content":{"rendered":"\n<p>Com missa celebrada pelo Padre Ilton Jos\u00e9 Goettems, a comunidade de Esperan\u00e7a e os visitantes, agradeceram pelas gra\u00e7as e pediram ben\u00e7\u00e3o aos Padroeiro S\u00e3o Miguel Arcanjo, santo padroeiro da localidade do interior de Ipor\u00e3 do Oeste. A programa\u00e7\u00e3o festiva no domingo, 28, seguiu ao meio-dia com almo\u00e7o servido para mais de 320 pessoas. Churrasco com carnes Eurofrig e demais acompanhamentos como saladas, p\u00e3es, cucas, arroz e mandioca com molho agradaram o p\u00fablico. \u00c0 tarde, a reuni\u00e3o dan\u00e7ante foi animada por \u00c9rico e Jair.<\/p>\n\n\n\n<p>Confira fotografias do jornalista Fernando Biesdorf:<\/p>\n\n\n\n<figure class=\"wp-block-image size-large\"><img fetchpriority=\"high\" decoding=\"async\" width=\"1024\" height=\"683\" src=\"https:\/\/noticiarioregional.com.br\/wp-content\/uploads\/2025\/10\/DSC_0505-1024x683.jpg\" alt=\"\" class=\"wp-image-7809\" srcset=\"https:\/\/noticiarioregional.com.br\/wp-content\/uploads\/2025\/10\/DSC_0505-1024x683.jpg 1024w, https:\/\/noticiarioregional.com.br\/wp-content\/uploads\/2025\/10\/DSC_0505-300x200.jpg 300w, https:\/\/noticiarioregional.com.br\/wp-content\/uploads\/2025\/10\/DSC_0505-768x512.jpg 768w, https:\/\/noticiarioregional.com.br\/wp-content\/uploads\/2025\/10\/DSC_0505-1536x1024.jpg 1536w, https:\/\/noticiarioregional.com.br\/wp-content\/uploads\/2025\/10\/DSC_0505-2048x1365.jpg 2048w, https:\/\/noticiarioregional.com.br\/wp-content\/uploads\/2025\/10\/DSC_0505-150x100.jpg 150w, https:\/\/noticiarioregional.com.br\/wp-content\/uploads\/2025\/10\/DSC_0505-450x300.jpg 450w, https:\/\/noticiarioregional.com.br\/wp-content\/uploads\/2025\/10\/DSC_0505-1200x800.jpg 1200w\" sizes=\"(max-width: 1024px) 100vw, 1024px\" \/><\/figure>\n\n\n\n<figure class=\"wp-block-image size-large\"><img decoding=\"async\" width=\"1024\" height=\"683\" src=\"https:\/\/noticiarioregional.com.br\/wp-content\/uploads\/2025\/10\/DSC_0509-1024x683.jpg\" alt=\"\" class=\"wp-image-7810\" srcset=\"https:\/\/noticiarioregional.com.br\/wp-content\/uploads\/2025\/10\/DSC_0509-1024x683.jpg 1024w, https:\/\/noticiarioregional.com.br\/wp-content\/uploads\/2025\/10\/DSC_0509-300x200.jpg 300w, https:\/\/noticiarioregional.com.br\/wp-content\/uploads\/2025\/10\/DSC_0509-768x512.jpg 768w, https:\/\/noticiarioregional.com.br\/wp-content\/uploads\/2025\/10\/DSC_0509-1536x1024.jpg 1536w, https:\/\/noticiarioregional.com.br\/wp-content\/uploads\/2025\/10\/DSC_0509-2048x1365.jpg 2048w, https:\/\/noticiarioregional.com.br\/wp-content\/uploads\/2025\/10\/DSC_0509-150x100.jpg 150w, https:\/\/noticiarioregional.com.br\/wp-content\/uploads\/2025\/10\/DSC_0509-450x300.jpg 450w, https:\/\/noticiarioregional.com.br\/wp-content\/uploads\/2025\/10\/DSC_0509-1200x800.jpg 1200w\" sizes=\"(max-width: 1024px) 100vw, 1024px\" \/><\/figure>\n\n\n\n<figure class=\"wp-block-image size-large\"><img decoding=\"async\" width=\"1024\" height=\"683\" src=\"https:\/\/noticiarioregional.com.br\/wp-content\/uploads\/2025\/10\/DSC_0510-1024x683.jpg\" alt=\"\" class=\"wp-image-7811\" srcset=\"https:\/\/noticiarioregional.com.br\/wp-content\/uploads\/2025\/10\/DSC_0510-1024x683.jpg 1024w, https:\/\/noticiarioregional.com.br\/wp-content\/uploads\/2025\/10\/DSC_0510-300x200.jpg 300w, https:\/\/noticiarioregional.com.br\/wp-content\/uploads\/2025\/10\/DSC_0510-768x512.jpg 768w, https:\/\/noticiarioregional.com.br\/wp-content\/uploads\/2025\/10\/DSC_0510-1536x1024.jpg 1536w, https:\/\/noticiarioregional.com.br\/wp-content\/uploads\/2025\/10\/DSC_0510-2048x1365.jpg 2048w, https:\/\/noticiarioregional.com.br\/wp-content\/uploads\/2025\/10\/DSC_0510-150x100.jpg 150w, https:\/\/noticiarioregional.com.br\/wp-content\/uploads\/2025\/10\/DSC_0510-450x300.jpg 450w, https:\/\/noticiarioregional.com.br\/wp-content\/uploads\/2025\/10\/DSC_0510-1200x800.jpg 1200w\" sizes=\"(max-width: 1024px) 100vw, 1024px\" \/><\/figure>\n\n\n\n<figure class=\"wp-block-image size-large\"><img loading=\"lazy\" decoding=\"async\" width=\"1024\" height=\"683\" src=\"https:\/\/noticiarioregional.com.br\/wp-content\/uploads\/2025\/10\/DSC_0513-1024x683.jpg\" alt=\"\" class=\"wp-image-7812\" srcset=\"https:\/\/noticiarioregional.com.br\/wp-content\/uploads\/2025\/10\/DSC_0513-1024x683.jpg 1024w, https:\/\/noticiarioregional.com.br\/wp-content\/uploads\/2025\/10\/DSC_0513-300x200.jpg 300w, https:\/\/noticiarioregional.com.br\/wp-content\/uploads\/2025\/10\/DSC_0513-768x512.jpg 768w, https:\/\/noticiarioregional.com.br\/wp-content\/uploads\/2025\/10\/DSC_0513-1536x1024.jpg 1536w, https:\/\/noticiarioregional.com.br\/wp-content\/uploads\/2025\/10\/DSC_0513-2048x1365.jpg 2048w, https:\/\/noticiarioregional.com.br\/wp-content\/uploads\/2025\/10\/DSC_0513-150x100.jpg 150w, https:\/\/noticiarioregional.com.br\/wp-content\/uploads\/2025\/10\/DSC_0513-450x300.jpg 450w, https:\/\/noticiarioregional.com.br\/wp-content\/uploads\/2025\/10\/DSC_0513-1200x800.jpg 1200w\" sizes=\"(max-width: 1024px) 100vw, 1024px\" \/><\/figure>\n\n\n\n<figure class=\"wp-block-image size-large\"><img loading=\"lazy\" decoding=\"async\" width=\"1024\" height=\"683\" src=\"https:\/\/noticiarioregional.com.br\/wp-content\/uploads\/2025\/10\/DSC_0516-1024x683.jpg\" alt=\"\" class=\"wp-image-7813\" srcset=\"https:\/\/noticiarioregional.com.br\/wp-content\/uploads\/2025\/10\/DSC_0516-1024x683.jpg 1024w, https:\/\/noticiarioregional.com.br\/wp-content\/uploads\/2025\/10\/DSC_0516-300x200.jpg 300w, https:\/\/noticiarioregional.com.br\/wp-content\/uploads\/2025\/10\/DSC_0516-768x512.jpg 768w, https:\/\/noticiarioregional.com.br\/wp-content\/uploads\/2025\/10\/DSC_0516-1536x1024.jpg 1536w, https:\/\/noticiarioregional.com.br\/wp-content\/uploads\/2025\/10\/DSC_0516-2048x1365.jpg 2048w, https:\/\/noticiarioregional.com.br\/wp-content\/uploads\/2025\/10\/DSC_0516-150x100.jpg 150w, https:\/\/noticiarioregional.com.br\/wp-content\/uploads\/2025\/10\/DSC_0516-450x300.jpg 450w, https:\/\/noticiarioregional.com.br\/wp-content\/uploads\/2025\/10\/DSC_0516-1200x800.jpg 1200w\" sizes=\"(max-width: 1024px) 100vw, 1024px\" \/><\/figure>\n\n\n\n<figure class=\"wp-block-image size-large\"><img loading=\"lazy\" decoding=\"async\" width=\"1024\" height=\"683\" src=\"https:\/\/noticiarioregional.com.br\/wp-content\/uploads\/2025\/10\/DSC_0518-1024x683.jpg\" alt=\"\" class=\"wp-image-7814\" srcset=\"https:\/\/noticiarioregional.com.br\/wp-content\/uploads\/2025\/10\/DSC_0518-1024x683.jpg 1024w, https:\/\/noticiarioregional.com.br\/wp-content\/uploads\/2025\/10\/DSC_0518-300x200.jpg 300w, https:\/\/noticiarioregional.com.br\/wp-content\/uploads\/2025\/10\/DSC_0518-768x512.jpg 768w, https:\/\/noticiarioregional.com.br\/wp-content\/uploads\/2025\/10\/DSC_0518-1536x1024.jpg 1536w, https:\/\/noticiarioregional.com.br\/wp-content\/uploads\/2025\/10\/DSC_0518-2048x1365.jpg 2048w, https:\/\/noticiarioregional.com.br\/wp-content\/uploads\/2025\/10\/DSC_0518-150x100.jpg 150w, https:\/\/noticiarioregional.com.br\/wp-content\/uploads\/2025\/10\/DSC_0518-450x300.jpg 450w, https:\/\/noticiarioregional.com.br\/wp-content\/uploads\/2025\/10\/DSC_0518-1200x800.jpg 1200w\" sizes=\"(max-width: 1024px) 100vw, 1024px\" \/><\/figure>\n\n\n\n<figure class=\"wp-block-image size-large\"><img loading=\"lazy\" decoding=\"async\" width=\"1024\" height=\"683\" src=\"https:\/\/noticiarioregional.com.br\/wp-content\/uploads\/2025\/10\/DSC_0520-1024x683.jpg\" alt=\"\" class=\"wp-image-7815\" srcset=\"https:\/\/noticiarioregional.com.br\/wp-content\/uploads\/2025\/10\/DSC_0520-1024x683.jpg 1024w, https:\/\/noticiarioregional.com.br\/wp-content\/uploads\/2025\/10\/DSC_0520-300x200.jpg 300w, https:\/\/noticiarioregional.com.br\/wp-content\/uploads\/2025\/10\/DSC_0520-768x512.jpg 768w, https:\/\/noticiarioregional.com.br\/wp-content\/uploads\/2025\/10\/DSC_0520-1536x1024.jpg 1536w, https:\/\/noticiarioregional.com.br\/wp-content\/uploads\/2025\/10\/DSC_0520-2048x1365.jpg 2048w, https:\/\/noticiarioregional.com.br\/wp-content\/uploads\/2025\/10\/DSC_0520-150x100.jpg 150w, https:\/\/noticiarioregional.com.br\/wp-content\/uploads\/2025\/10\/DSC_0520-450x300.jpg 450w, https:\/\/noticiarioregional.com.br\/wp-content\/uploads\/2025\/10\/DSC_0520-1200x800.jpg 1200w\" sizes=\"(max-width: 1024px) 100vw, 1024px\" \/><\/figure>\n\n\n\n<figure class=\"wp-block-image size-large\"><img loading=\"lazy\" decoding=\"async\" width=\"1024\" height=\"683\" src=\"https:\/\/noticiarioregional.com.br\/wp-content\/uploads\/2025\/10\/DSC_0521-1024x683.jpg\" alt=\"\" class=\"wp-image-7816\" srcset=\"https:\/\/noticiarioregional.com.br\/wp-content\/uploads\/2025\/10\/DSC_0521-1024x683.jpg 1024w, https:\/\/noticiarioregional.com.br\/wp-content\/uploads\/2025\/10\/DSC_0521-300x200.jpg 300w, https:\/\/noticiarioregional.com.br\/wp-content\/uploads\/2025\/10\/DSC_0521-768x512.jpg 768w, https:\/\/noticiarioregional.com.br\/wp-content\/uploads\/2025\/10\/DSC_0521-1536x1024.jpg 1536w, https:\/\/noticiarioregional.com.br\/wp-content\/uploads\/2025\/10\/DSC_0521-2048x1365.jpg 2048w, https:\/\/noticiarioregional.com.br\/wp-content\/uploads\/2025\/10\/DSC_0521-150x100.jpg 150w, https:\/\/noticiarioregional.com.br\/wp-content\/uploads\/2025\/10\/DSC_0521-450x300.jpg 450w, https:\/\/noticiarioregional.com.br\/wp-content\/uploads\/2025\/10\/DSC_0521-1200x800.jpg 1200w\" sizes=\"(max-width: 1024px) 100vw, 1024px\" \/><\/figure>\n\n\n\n<figure class=\"wp-block-image size-large\"><img loading=\"lazy\" decoding=\"async\" width=\"1024\" height=\"683\" src=\"https:\/\/noticiarioregional.com.br\/wp-content\/uploads\/2025\/10\/DSC_0523-1024x683.jpg\" alt=\"\" class=\"wp-image-7817\" srcset=\"https:\/\/noticiarioregional.com.br\/wp-content\/uploads\/2025\/10\/DSC_0523-1024x683.jpg 1024w, https:\/\/noticiarioregional.com.br\/wp-content\/uploads\/2025\/10\/DSC_0523-300x200.jpg 300w, https:\/\/noticiarioregional.com.br\/wp-content\/uploads\/2025\/10\/DSC_0523-768x512.jpg 768w, https:\/\/noticiarioregional.com.br\/wp-content\/uploads\/2025\/10\/DSC_0523-1536x1024.jpg 1536w, https:\/\/noticiarioregional.com.br\/wp-content\/uploads\/2025\/10\/DSC_0523-2048x1365.jpg 2048w, https:\/\/noticiarioregional.com.br\/wp-content\/uploads\/2025\/10\/DSC_0523-150x100.jpg 150w, https:\/\/noticiarioregional.com.br\/wp-content\/uploads\/2025\/10\/DSC_0523-450x300.jpg 450w, https:\/\/noticiarioregional.com.br\/wp-content\/uploads\/2025\/10\/DSC_0523-1200x800.jpg 1200w\" sizes=\"(max-width: 1024px) 100vw, 1024px\" \/><\/figure>\n\n\n\n<figure class=\"wp-block-image size-large\"><img loading=\"lazy\" decoding=\"async\" width=\"1024\" height=\"683\" src=\"https:\/\/noticiarioregional.com.br\/wp-content\/uploads\/2025\/10\/DSC_0526-1024x683.jpg\" alt=\"\" class=\"wp-image-7818\" srcset=\"https:\/\/noticiarioregional.com.br\/wp-content\/uploads\/2025\/10\/DSC_0526-1024x683.jpg 1024w, https:\/\/noticiarioregional.com.br\/wp-content\/uploads\/2025\/10\/DSC_0526-300x200.jpg 300w, https:\/\/noticiarioregional.com.br\/wp-content\/uploads\/2025\/10\/DSC_0526-768x512.jpg 768w, https:\/\/noticiarioregional.com.br\/wp-content\/uploads\/2025\/10\/DSC_0526-1536x1024.jpg 1536w, https:\/\/noticiarioregional.com.br\/wp-content\/uploads\/2025\/10\/DSC_0526-2048x1365.jpg 2048w, https:\/\/noticiarioregional.com.br\/wp-content\/uploads\/2025\/10\/DSC_0526-150x100.jpg 150w, https:\/\/noticiarioregional.com.br\/wp-content\/uploads\/2025\/10\/DSC_0526-450x300.jpg 450w, https:\/\/noticiarioregional.com.br\/wp-content\/uploads\/2025\/10\/DSC_0526-1200x800.jpg 1200w\" sizes=\"(max-width: 1024px) 100vw, 1024px\" \/><\/figure>\n\n\n\n<figure class=\"wp-block-image size-large\"><img loading=\"lazy\" decoding=\"async\" width=\"1024\" height=\"683\" src=\"https:\/\/noticiarioregional.com.br\/wp-content\/uploads\/2025\/10\/DSC_0528-1024x683.jpg\" alt=\"\" class=\"wp-image-7819\" srcset=\"https:\/\/noticiarioregional.com.br\/wp-content\/uploads\/2025\/10\/DSC_0528-1024x683.jpg 1024w, https:\/\/noticiarioregional.com.br\/wp-content\/uploads\/2025\/10\/DSC_0528-300x200.jpg 300w, https:\/\/noticiarioregional.com.br\/wp-content\/uploads\/2025\/10\/DSC_0528-768x512.jpg 768w, https:\/\/noticiarioregional.com.br\/wp-content\/uploads\/2025\/10\/DSC_0528-1536x1024.jpg 1536w, https:\/\/noticiarioregional.com.br\/wp-content\/uploads\/2025\/10\/DSC_0528-2048x1365.jpg 2048w, https:\/\/noticiarioregional.com.br\/wp-content\/uploads\/2025\/10\/DSC_0528-150x100.jpg 150w, https:\/\/noticiarioregional.com.br\/wp-content\/uploads\/2025\/10\/DSC_0528-450x300.jpg 450w, https:\/\/noticiarioregional.com.br\/wp-content\/uploads\/2025\/10\/DSC_0528-1200x800.jpg 1200w\" sizes=\"(max-width: 1024px) 100vw, 1024px\" \/><\/figure>\n\n\n\n<figure class=\"wp-block-image size-large\"><img loading=\"lazy\" decoding=\"async\" width=\"1024\" height=\"683\" src=\"https:\/\/noticiarioregional.com.br\/wp-content\/uploads\/2025\/10\/DSC_0530-1024x683.jpg\" alt=\"\" class=\"wp-image-7820\" srcset=\"https:\/\/noticiarioregional.com.br\/wp-content\/uploads\/2025\/10\/DSC_0530-1024x683.jpg 1024w, https:\/\/noticiarioregional.com.br\/wp-content\/uploads\/2025\/10\/DSC_0530-300x200.jpg 300w, https:\/\/noticiarioregional.com.br\/wp-content\/uploads\/2025\/10\/DSC_0530-768x512.jpg 768w, https:\/\/noticiarioregional.com.br\/wp-content\/uploads\/2025\/10\/DSC_0530-1536x1024.jpg 1536w, https:\/\/noticiarioregional.com.br\/wp-content\/uploads\/2025\/10\/DSC_0530-2048x1365.jpg 2048w, https:\/\/noticiarioregional.com.br\/wp-content\/uploads\/2025\/10\/DSC_0530-150x100.jpg 150w, https:\/\/noticiarioregional.com.br\/wp-content\/uploads\/2025\/10\/DSC_0530-450x300.jpg 450w, https:\/\/noticiarioregional.com.br\/wp-content\/uploads\/2025\/10\/DSC_0530-1200x800.jpg 1200w\" sizes=\"(max-width: 1024px) 100vw, 1024px\" \/><\/figure>\n","protected":false},"excerpt":{"rendered":"<p>Com missa celebrada pelo Padre Ilton Jos\u00e9 Goettems, a comunidade de Esperan\u00e7a e os visitantes, agradeceram pelas gra\u00e7as e pediram ben\u00e7\u00e3o aos Padroeiro S\u00e3o Miguel Arcanjo, santo padroeiro da localidade do interior de Ipor\u00e3 do Oeste. A programa\u00e7\u00e3o festiva no domingo, 28, seguiu ao meio-dia com almo\u00e7o servido para mais de 320 pessoas. Churrasco com<\/p>\n","protected":false},"author":1,"featured_media":7808,"comment_status":"open","ping_status":"open","sticky":false,"template":"","format":"standard","meta":{"footnotes":""},"categories":[52],"tags":[],"class_list":{"0":"post-7807","1":"post","2":"type-post","3":"status-publish","4":"format-standard","5":"has-post-thumbnail","7":"category-eventos"},"_links":{"self":[{"href":"https:\/\/noticiarioregional.com.br\/index.php?rest_route=\/wp\/v2\/posts\/7807","targetHints":{"allow":["GET"]}}],"collection":[{"href":"https:\/\/noticiarioregional.com.br\/index.php?rest_route=\/wp\/v2\/posts"}],"about":[{"href":"https:\/\/noticiarioregional.com.br\/index.php?rest_route=\/wp\/v2\/types\/post"}],"author":[{"embeddable":true,"href":"https:\/\/noticiarioregional.com.br\/index.php?rest_route=\/wp\/v2\/users\/1"}],"replies":[{"embeddable":true,"href":"https:\/\/noticiarioregional.com.br\/index.php?rest_route=%2Fwp%2Fv2%2Fcomments&post=7807"}],"version-history":[{"count":1,"href":"https:\/\/noticiarioregional.com.br\/index.php?rest_route=\/wp\/v2\/posts\/7807\/revisions"}],"predecessor-version":[{"id":7821,"href":"https:\/\/noticiarioregional.com.br\/index.php?rest_route=\/wp\/v2\/posts\/7807\/revisions\/7821"}],"wp:featuredmedia":[{"embeddable":true,"href":"https:\/\/noticiarioregional.com.br\/index.php?rest_route=\/wp\/v2\/media\/7808"}],"wp:attachment":[{"href":"https:\/\/noticiarioregional.com.br\/index.php?rest_route=%2Fwp%2Fv2%2Fmedia&parent=7807"}],"wp:term":[{"taxonomy":"category","embeddable":true,"href":"https:\/\/noticiarioregional.com.br\/index.php?rest_route=%2Fwp%2Fv2%2Fcategories&post=7807"},{"taxonomy":"post_tag","embeddable":true,"href":"https:\/\/noticiarioregional.com.br\/index.php?rest_route=%2Fwp%2Fv2%2Ftags&post=7807"}],"curies":[{"name":"wp","href":"https:\/\/api.w.org\/{rel}","templated":true}]}}