{"id":7822,"date":"2025-10-15T11:28:23","date_gmt":"2025-10-15T14:28:23","guid":{"rendered":"https:\/\/noticiarioregional.com.br\/?p=7822"},"modified":"2025-10-15T11:28:23","modified_gmt":"2025-10-15T14:28:23","slug":"o-cuidado-preventivo-e-o-diagnostico-precoce-para-o-sucesso-da-cura","status":"publish","type":"post","link":"https:\/\/noticiarioregional.com.br\/?p=7822","title":{"rendered":"O cuidado preventivo e o diagn\u00f3stico precoce para o sucesso da cura"},"content":{"rendered":"\n<p class=\"has-large-font-size\"><em>Moradora de Ipor\u00e3 do Oeste relata supera\u00e7\u00e3o do c\u00e2ncer e mudan\u00e7as de h\u00e1bitos para a qualidade de vida<\/em><\/p>\n\n\n\n<p><strong>Ipor\u00e3 do Oeste \u2013<\/strong> Isolde Bernadete Schuh Schroeder, 51 anos, nasceu e cresceu na comunidade de Taipa Alta, e h\u00e1 cerca de dois anos reside com a fam\u00edlia na cidade. Sempre atenta a condi\u00e7\u00e3o de sa\u00fade, realizava exames e consultas peri\u00f3dicas com ginecologista. J\u00e1 em 2023 teve um melanoma na perna, inicialmente em sete pontos e depois foram identificados 14 no total. Os procedimentos de retirada dos melanomas foram feitos de forma particular, e ap\u00f3s exames, nenhum mais foi identificado.<\/p>\n\n\n\n<p>Em maio de 2024 Isolde fez uma mamografia, a pedido de sua ginecologista, e o exame apresentou uma altera\u00e7\u00e3o. A biopsia confirmou que Isolde possu\u00eda c\u00e2ncer de mama no seio esquerdo, felizmente na fase inicial, o que aumentava muito a chance de sucesso do tratamento. &nbsp;Em outubro de 2024 foi realizada a cirurgia de retirada do n\u00f3dulo, e logo em seguida Isolde iniciou a quimioterapia para eliminar a possibilidade de o c\u00e2ncer voltar. As sess\u00f5es foram realizadas em um intervalo de 21 dias, sendo que a \u00faltima foi em janeiro deste ano.<\/p>\n\n\n\n<p>Para Isolde, o per\u00edodo de quimioterapia foi muito dif\u00edcil, porque as sess\u00f5es lhe causavam muito mal-estar. Al\u00e9m da perda de cabelo, que \u00e9 normal devido ao uso dos medicamentos, teve muita dor no corpo, febre, fadiga e falta de apetite. Os sintomas apareciam principalmente ap\u00f3s o terceiro dia da quimioterapia. Nesse processo, Isolde trocou muitas experi\u00eancias e informa\u00e7\u00f5es com outras mulheres, e com as orienta\u00e7\u00f5es da m\u00e9dica, entendeu que cada pessoa reage de forma diferente ao tratamento. Afirma que nessa fase complicada, o apoio, a orienta\u00e7\u00e3o e o consolo dos profissionais da sa\u00fade s\u00e3o muito importantes, a exemplo das palavras de incentivo que ouviu de uma enfermeira quando estava prestes e fazer a cirurgia de retirada do n\u00f3dulo, e que lhe deram muita for\u00e7a e esperan\u00e7a.<\/p>\n\n\n\n<p>Assim que encerrou a quimioterapia, em fevereiro iniciou a radioterapia, em um total de 18 sess\u00f5es, que terminaram em abril. Durante o per\u00edodo que fez radioterapia, Isolde permanecia de segunda a sexta na Rede Feminina de Chapec\u00f3, pois era realizada uma sess\u00e3o por dia. Comenta que o apoio desta rede foi fundamental para ela e todas as mulheres que s\u00e3o atendidas, pois todo o trabalho \u00e9 volunt\u00e1rio, mantido por doa\u00e7\u00f5es, e contribui para que as pacientes possam fazer o tratamento de forma mais tranquila e acolhedora.<\/p>\n\n\n\n<p>Por cerca de cinco anos, Isolde far\u00e1 uso di\u00e1rio de um medicamento como parte da imunoterapia, um tratamento para prevenir a volta do c\u00e2ncer. H\u00e1 cada tr\u00eas meses tamb\u00e9m s\u00e3o feitos exames para acompanhamento. Passado o per\u00edodo cr\u00edtico, Isolde ainda sente desconfortos, mas j\u00e1 retomou a atividade f\u00edsica, que \u00e9 fundamental para o bem-estar e a redu\u00e7\u00e3o das dores musculares. Tamb\u00e9m mant\u00e9m seus afazeres di\u00e1rios na casa, al\u00e9m de faxinas que realiza em outras resid\u00eancias.<\/p>\n\n\n\n<p><em>\u201cA mensagem que deixo para todas as mulheres, \u00e9 que a vale a pena se cuidar. Al\u00e9m dos exames preventivos que eu fazia todos os anos, tamb\u00e9m me examinava, me olhava. Como o n\u00f3dulo era muito pequeno, s\u00f3 pelo ultrassom foi poss\u00edvel identificar. Seja de forma participar ou pelo SUS, n\u00e3o deixe de se cuidar. A vida vale muito\u201d<\/em>, destaca Isolde, acrescentando ainda que descobrir e enfrentar o c\u00e2ncer n\u00e3o foi dif\u00edcil apenas para ela, mas a fam\u00edlia tamb\u00e9m sofre junto. Uma frase que ouviu de uma mulher que tamb\u00e9m enfrentou o c\u00e2ncer, e que leva para a vida \u00e9: <em>\u201co p\u00f3s c\u00e2ncer de mama \u00e9 o recome\u00e7o, abrace suas mudan\u00e7as, e n\u00e3o se cobre tanto\u201d.<\/em><\/p>\n\n\n\n<figure class=\"wp-block-image size-large\"><img fetchpriority=\"high\" decoding=\"async\" width=\"771\" height=\"1024\" src=\"https:\/\/noticiarioregional.com.br\/wp-content\/uploads\/2025\/10\/Isolde-em-uma-das-sessoes-de-quimioterapia-771x1024.jpg\" alt=\"\" class=\"wp-image-7823\" srcset=\"https:\/\/noticiarioregional.com.br\/wp-content\/uploads\/2025\/10\/Isolde-em-uma-das-sessoes-de-quimioterapia-771x1024.jpg 771w, https:\/\/noticiarioregional.com.br\/wp-content\/uploads\/2025\/10\/Isolde-em-uma-das-sessoes-de-quimioterapia-226x300.jpg 226w, https:\/\/noticiarioregional.com.br\/wp-content\/uploads\/2025\/10\/Isolde-em-uma-das-sessoes-de-quimioterapia-768x1021.jpg 768w, https:\/\/noticiarioregional.com.br\/wp-content\/uploads\/2025\/10\/Isolde-em-uma-das-sessoes-de-quimioterapia-1156x1536.jpg 1156w, https:\/\/noticiarioregional.com.br\/wp-content\/uploads\/2025\/10\/Isolde-em-uma-das-sessoes-de-quimioterapia-150x199.jpg 150w, https:\/\/noticiarioregional.com.br\/wp-content\/uploads\/2025\/10\/Isolde-em-uma-das-sessoes-de-quimioterapia-450x598.jpg 450w, https:\/\/noticiarioregional.com.br\/wp-content\/uploads\/2025\/10\/Isolde-em-uma-das-sessoes-de-quimioterapia-1200x1595.jpg 1200w, https:\/\/noticiarioregional.com.br\/wp-content\/uploads\/2025\/10\/Isolde-em-uma-das-sessoes-de-quimioterapia.jpg 1204w\" sizes=\"(max-width: 771px) 100vw, 771px\" \/><figcaption class=\"wp-element-caption\"><strong><em>Isolde em uma das sess\u00f5es de quimioterapia<\/em><\/strong><\/figcaption><\/figure>\n\n\n\n<p><\/p>\n","protected":false},"excerpt":{"rendered":"<p>Moradora de Ipor\u00e3 do Oeste relata supera\u00e7\u00e3o do c\u00e2ncer e mudan\u00e7as de h\u00e1bitos para a qualidade de vida Ipor\u00e3 do Oeste \u2013 Isolde Bernadete Schuh Schroeder, 51 anos, nasceu e cresceu na comunidade de Taipa Alta, e h\u00e1 cerca de dois anos reside com a fam\u00edlia na cidade. Sempre atenta a condi\u00e7\u00e3o de sa\u00fade, realizava<\/p>\n","protected":false},"author":1,"featured_media":7824,"comment_status":"open","ping_status":"open","sticky":false,"template":"","format":"standard","meta":{"footnotes":""},"categories":[41],"tags":[],"class_list":{"0":"post-7822","1":"post","2":"type-post","3":"status-publish","4":"format-standard","5":"has-post-thumbnail","7":"category-noticias"},"_links":{"self":[{"href":"https:\/\/noticiarioregional.com.br\/index.php?rest_route=\/wp\/v2\/posts\/7822","targetHints":{"allow":["GET"]}}],"collection":[{"href":"https:\/\/noticiarioregional.com.br\/index.php?rest_route=\/wp\/v2\/posts"}],"about":[{"href":"https:\/\/noticiarioregional.com.br\/index.php?rest_route=\/wp\/v2\/types\/post"}],"author":[{"embeddable":true,"href":"https:\/\/noticiarioregional.com.br\/index.php?rest_route=\/wp\/v2\/users\/1"}],"replies":[{"embeddable":true,"href":"https:\/\/noticiarioregional.com.br\/index.php?rest_route=%2Fwp%2Fv2%2Fcomments&post=7822"}],"version-history":[{"count":1,"href":"https:\/\/noticiarioregional.com.br\/index.php?rest_route=\/wp\/v2\/posts\/7822\/revisions"}],"predecessor-version":[{"id":7825,"href":"https:\/\/noticiarioregional.com.br\/index.php?rest_route=\/wp\/v2\/posts\/7822\/revisions\/7825"}],"wp:featuredmedia":[{"embeddable":true,"href":"https:\/\/noticiarioregional.com.br\/index.php?rest_route=\/wp\/v2\/media\/7824"}],"wp:attachment":[{"href":"https:\/\/noticiarioregional.com.br\/index.php?rest_route=%2Fwp%2Fv2%2Fmedia&parent=7822"}],"wp:term":[{"taxonomy":"category","embeddable":true,"href":"https:\/\/noticiarioregional.com.br\/index.php?rest_route=%2Fwp%2Fv2%2Fcategories&post=7822"},{"taxonomy":"post_tag","embeddable":true,"href":"https:\/\/noticiarioregional.com.br\/index.php?rest_route=%2Fwp%2Fv2%2Ftags&post=7822"}],"curies":[{"name":"wp","href":"https:\/\/api.w.org\/{rel}","templated":true}]}}