{"id":7838,"date":"2025-10-22T10:57:20","date_gmt":"2025-10-22T13:57:20","guid":{"rendered":"http:\/\/noticiarioregional.com.br\/?p=7838"},"modified":"2025-10-22T10:57:22","modified_gmt":"2025-10-22T13:57:22","slug":"caibi-inicia-obras-do-contorno-viario","status":"publish","type":"post","link":"https:\/\/noticiarioregional.com.br\/?p=7838","title":{"rendered":"Caibi inicia obras do Contorno Vi\u00e1rio"},"content":{"rendered":"\n<p class=\"has-large-font-size\"><em>Projeto \u00e9 visto como estrat\u00e9gico para melhorar a mobilidade e desenvolvimento do munic\u00edpio<\/em><\/p>\n\n\n\n<p>A Administra\u00e7\u00e3o Municipal de Caibi deu in\u00edcio aos primeiros trabalhos que marcam o pontap\u00e9 inicial para a concretiza\u00e7\u00e3o do Contorno Vi\u00e1rio, uma das obras mais aguardadas e estrat\u00e9gicas para o desenvolvimento e a mobilidade urbana do munic\u00edpio. O projeto prev\u00ea a pavimenta\u00e7\u00e3o em concreto de aproximadamente 3,5 quil\u00f4metros, no \u00e2mbito do Programa Estrada Boa Rural, do Governo de Santa Catarina.<\/p>\n\n\n\n<p>Segundo o secret\u00e1rio de Planejamento, Miguel Piccoli, j\u00e1 foram executados servi\u00e7os de alargamento em trechos da estrada que n\u00e3o possu\u00edam a largura necess\u00e1ria, al\u00e9m do levantamento planialtim\u00e9trico. <em>\u201cEssa etapa de abertura e adequa\u00e7\u00e3o da via n\u00e3o estava prevista para o momento, mas aproveitamos a disponibilidade de pedras e maquin\u00e1rio, al\u00e9m do alinhamento feito com os moradores, para antecipar parte dos trabalhos\u201d, <\/em>explica.<\/p>\n\n\n\n<p>O acesso ao contorno vi\u00e1rio ser\u00e1 feito a partir do Bairro Industrial, DA sc 283 ligando at\u00e9 a BR 158, na comunidade de Salete. A liga\u00e7\u00e3o trar\u00e1 benef\u00edcios significativos, como a melhoria do escoamento da produ\u00e7\u00e3o local e a facilita\u00e7\u00e3o do tr\u00e1fego de ve\u00edculos pesados, que hoje circulam pelo centro da cidade. Para viabilizar a execu\u00e7\u00e3o, ser\u00e1 necess\u00e1ria tamb\u00e9m a obten\u00e7\u00e3o de licen\u00e7as ambientais, uma vez que haver\u00e1 a necessidade de remo\u00e7\u00e3o de algumas \u00e1rvores ao longo do trecho.<\/p>\n\n\n\n<p>De acordo com o planejamento t\u00e9cnico, a via receber\u00e1 base refor\u00e7ada com pedras, complementada por camadas de brita, o que garantir\u00e1 condi\u00e7\u00f5es de trafegabilidade antes da pavimenta\u00e7\u00e3o definitiva. Na etapa final, ser\u00e3o aplicadas duas camadas de concreto, com espessura ser\u00e1 de 14 cent\u00edmetros, solu\u00e7\u00e3o que proporcionar\u00e1 maior durabilidade e reduzir\u00e1 os custos de manuten\u00e7\u00e3o a longo prazo. O investimento total ser\u00e1 de R$ 12 milh\u00f5es, sendo R$ 6 milh\u00f5es repassados pelo Governo do Estado e outros R$ 6 milh\u00f5es como contrapartida da prefeitura, propriamente no contorno vi\u00e1rio deste valor, ser\u00e3o utilizados aproximadamente R$ 4 milh\u00f5es. A gest\u00e3o municipal ser\u00e1 respons\u00e1vel pela execu\u00e7\u00e3o da base, utilizando o maquin\u00e1rio do munic\u00edpio, gerando dessa forma uma economia de R$ 300.000,00 por quilometro.<\/p>\n\n\n\n<p>Piccoli ressalta que a expectativa \u00e9 avan\u00e7ar de forma significativa ainda em 2025. \u201c<em>Nossa meta \u00e9 que at\u00e9 o final do ano o projeto esteja bem adiantado e com etapas j\u00e1 conclu\u00eddas, sempre de acordo com as exig\u00eancias do programa estadual. \u00c9 uma obra de grande impacto, que vai desafogar o tr\u00e2nsito urbano, melhorar o acesso ao parque industrial e garantir mais seguran\u00e7a e agilidade no transporte. Estamos dando um passo importante para o futuro de Caibi<\/em>\u201d, enfatiza.<\/p>\n","protected":false},"excerpt":{"rendered":"<p>Projeto \u00e9 visto como estrat\u00e9gico para melhorar a mobilidade e desenvolvimento do munic\u00edpio A Administra\u00e7\u00e3o Municipal de Caibi deu in\u00edcio aos primeiros trabalhos que marcam o pontap\u00e9 inicial para a concretiza\u00e7\u00e3o do Contorno Vi\u00e1rio, uma das obras mais aguardadas e estrat\u00e9gicas para o desenvolvimento e a mobilidade urbana do munic\u00edpio. O projeto prev\u00ea a pavimenta\u00e7\u00e3o<\/p>\n","protected":false},"author":1,"featured_media":7839,"comment_status":"open","ping_status":"open","sticky":false,"template":"","format":"standard","meta":{"footnotes":""},"categories":[41],"tags":[],"class_list":{"0":"post-7838","1":"post","2":"type-post","3":"status-publish","4":"format-standard","5":"has-post-thumbnail","7":"category-noticias"},"_links":{"self":[{"href":"https:\/\/noticiarioregional.com.br\/index.php?rest_route=\/wp\/v2\/posts\/7838","targetHints":{"allow":["GET"]}}],"collection":[{"href":"https:\/\/noticiarioregional.com.br\/index.php?rest_route=\/wp\/v2\/posts"}],"about":[{"href":"https:\/\/noticiarioregional.com.br\/index.php?rest_route=\/wp\/v2\/types\/post"}],"author":[{"embeddable":true,"href":"https:\/\/noticiarioregional.com.br\/index.php?rest_route=\/wp\/v2\/users\/1"}],"replies":[{"embeddable":true,"href":"https:\/\/noticiarioregional.com.br\/index.php?rest_route=%2Fwp%2Fv2%2Fcomments&post=7838"}],"version-history":[{"count":1,"href":"https:\/\/noticiarioregional.com.br\/index.php?rest_route=\/wp\/v2\/posts\/7838\/revisions"}],"predecessor-version":[{"id":7840,"href":"https:\/\/noticiarioregional.com.br\/index.php?rest_route=\/wp\/v2\/posts\/7838\/revisions\/7840"}],"wp:featuredmedia":[{"embeddable":true,"href":"https:\/\/noticiarioregional.com.br\/index.php?rest_route=\/wp\/v2\/media\/7839"}],"wp:attachment":[{"href":"https:\/\/noticiarioregional.com.br\/index.php?rest_route=%2Fwp%2Fv2%2Fmedia&parent=7838"}],"wp:term":[{"taxonomy":"category","embeddable":true,"href":"https:\/\/noticiarioregional.com.br\/index.php?rest_route=%2Fwp%2Fv2%2Fcategories&post=7838"},{"taxonomy":"post_tag","embeddable":true,"href":"https:\/\/noticiarioregional.com.br\/index.php?rest_route=%2Fwp%2Fv2%2Ftags&post=7838"}],"curies":[{"name":"wp","href":"https:\/\/api.w.org\/{rel}","templated":true}]}}