{"id":7841,"date":"2025-10-22T11:01:01","date_gmt":"2025-10-22T14:01:01","guid":{"rendered":"https:\/\/noticiarioregional.com.br\/?p=7841"},"modified":"2025-10-22T11:01:02","modified_gmt":"2025-10-22T14:01:02","slug":"entrega-de-lajotas-para-inscritos-no-projeto-nossa-rua-nossa-cidade-inicia-em-breve","status":"publish","type":"post","link":"https:\/\/noticiarioregional.com.br\/?p=7841","title":{"rendered":"Entrega de lajotas para inscritos no projeto Nossa Rua, Nossa Cidade inicia em breve"},"content":{"rendered":"\n<p class=\"has-large-font-size\"><em>A\u00e7\u00e3o incentiva a padroniza\u00e7\u00e3o das cal\u00e7adas urbanas<\/em><\/p>\n\n\n\n<p><strong>Ipor\u00e3 do Oeste \u2013<\/strong> A partir dos pr\u00f3ximos dias os inscritos no projeto Nossa Rua, Nossa Cidade, passam a receber as lajotas para a constru\u00e7\u00e3o das cal\u00e7adas no padr\u00e3o acessibilidade. Para ser contemplado, o mun\u00edcipe precisa fazer a inscri\u00e7\u00e3o pelo portal do munic\u00edpio e apresentar a documenta\u00e7\u00e3o exigida. O morador pode solicitar entre 30 e 40 metros quadrados, sendo que a quantidade maior \u00e9 no caso de im\u00f3veis de esquina.<\/p>\n\n\n\n<p>A secret\u00e1ria de Administra\u00e7\u00e3o, Andressa Mees, explica que at\u00e9 na \u00faltima semana o projeto estava com 70 inscritos, sendo que o objetivo do munic\u00edpio \u00e9 atender este ano em m\u00e9dia 100 pedidos, conforme a disponibilidade or\u00e7ament\u00e1ria. Ap\u00f3s a inscri\u00e7\u00e3o, o setor de Tributa\u00e7\u00e3o analisa a documenta\u00e7\u00e3o e se o pedido atende aos requisitos do decreto. Ap\u00f3s, \u00e9 emitido um termo de compromisso que o respons\u00e1vel assina quando da entrega das lajotas. A partir da assinatura o morador ter\u00e1 prazo de 180 dias para construir as cal\u00e7adas.<\/p>\n\n\n\n<p>A empresa vencedora da licita\u00e7\u00e3o \u00e9 a Ruscheinsky Artefatos de Cimento. A pr\u00f3pria empresa, acompanhada de um fiscal do munic\u00edpio, realiza a entrega para os contemplados. Andressa lembra que a cal\u00e7ada deve seguir um projeto padr\u00e3o e as normas referentes a acessibilidade. Depois de conclu\u00edda a obra, ou ainda durante a obra, o setor de Tributa\u00e7\u00e3o far\u00e1 a fiscaliza\u00e7\u00e3o.<\/p>\n\n\n\n<p>A secret\u00e1ria refor\u00e7a que o propriet\u00e1rio recebe do munic\u00edpio a metragem de lajotas especificada no decreto, de acordo com a caracter\u00edstica do im\u00f3vel, e o restante do material e da m\u00e3o de obra \u00e9 por conta dele.<\/p>\n","protected":false},"excerpt":{"rendered":"<p>A\u00e7\u00e3o incentiva a padroniza\u00e7\u00e3o das cal\u00e7adas urbanas Ipor\u00e3 do Oeste \u2013 A partir dos pr\u00f3ximos dias os inscritos no projeto Nossa Rua, Nossa Cidade, passam a receber as lajotas para a constru\u00e7\u00e3o das cal\u00e7adas no padr\u00e3o acessibilidade. Para ser contemplado, o mun\u00edcipe precisa fazer a inscri\u00e7\u00e3o pelo portal do munic\u00edpio e apresentar a documenta\u00e7\u00e3o exigida.<\/p>\n","protected":false},"author":1,"featured_media":7842,"comment_status":"open","ping_status":"open","sticky":false,"template":"","format":"standard","meta":{"footnotes":""},"categories":[41],"tags":[],"class_list":{"0":"post-7841","1":"post","2":"type-post","3":"status-publish","4":"format-standard","5":"has-post-thumbnail","7":"category-noticias"},"_links":{"self":[{"href":"https:\/\/noticiarioregional.com.br\/index.php?rest_route=\/wp\/v2\/posts\/7841","targetHints":{"allow":["GET"]}}],"collection":[{"href":"https:\/\/noticiarioregional.com.br\/index.php?rest_route=\/wp\/v2\/posts"}],"about":[{"href":"https:\/\/noticiarioregional.com.br\/index.php?rest_route=\/wp\/v2\/types\/post"}],"author":[{"embeddable":true,"href":"https:\/\/noticiarioregional.com.br\/index.php?rest_route=\/wp\/v2\/users\/1"}],"replies":[{"embeddable":true,"href":"https:\/\/noticiarioregional.com.br\/index.php?rest_route=%2Fwp%2Fv2%2Fcomments&post=7841"}],"version-history":[{"count":1,"href":"https:\/\/noticiarioregional.com.br\/index.php?rest_route=\/wp\/v2\/posts\/7841\/revisions"}],"predecessor-version":[{"id":7843,"href":"https:\/\/noticiarioregional.com.br\/index.php?rest_route=\/wp\/v2\/posts\/7841\/revisions\/7843"}],"wp:featuredmedia":[{"embeddable":true,"href":"https:\/\/noticiarioregional.com.br\/index.php?rest_route=\/wp\/v2\/media\/7842"}],"wp:attachment":[{"href":"https:\/\/noticiarioregional.com.br\/index.php?rest_route=%2Fwp%2Fv2%2Fmedia&parent=7841"}],"wp:term":[{"taxonomy":"category","embeddable":true,"href":"https:\/\/noticiarioregional.com.br\/index.php?rest_route=%2Fwp%2Fv2%2Fcategories&post=7841"},{"taxonomy":"post_tag","embeddable":true,"href":"https:\/\/noticiarioregional.com.br\/index.php?rest_route=%2Fwp%2Fv2%2Ftags&post=7841"}],"curies":[{"name":"wp","href":"https:\/\/api.w.org\/{rel}","templated":true}]}}