{"id":7844,"date":"2025-10-22T11:04:03","date_gmt":"2025-10-22T14:04:03","guid":{"rendered":"https:\/\/noticiarioregional.com.br\/?p=7844"},"modified":"2025-10-22T11:04:04","modified_gmt":"2025-10-22T14:04:04","slug":"municipalizacao-da-sc-496","status":"publish","type":"post","link":"https:\/\/noticiarioregional.com.br\/?p=7844","title":{"rendered":"Municipaliza\u00e7\u00e3o da SC-496"},"content":{"rendered":"\n<p class=\"has-large-font-size\">Assunto volta a ser discutido no Legislativo ap\u00f3s envio de Projeto de Lei pelo Executivo<\/p>\n\n\n\n<p><strong>S\u00e3o Jo\u00e3o do Oeste \u2013<\/strong> A C\u00e2mara de Vereadores aprovou em primeira vota\u00e7\u00e3o, na sess\u00e3o ordin\u00e1ria desta semana, o projeto de lei n\u00famero 063\/2025, que autoriza o Executivo a municipalizar a SC-496, da rodovia denominada de Aur\u00e9lio Francisco Marconatto, com extens\u00e3o de aproximadamente 4.480 quil\u00f4metros. O trecho corresponde o acesso ao munic\u00edpio, desde o p\u00f3rtico at\u00e9 a cidade.<\/p>\n\n\n\n<p>J\u00e1 na gest\u00e3o anterior a municipaliza\u00e7\u00e3o esteve em discuss\u00e3o na C\u00e2mara de Vereadores, mas o projeto n\u00e3o avan\u00e7ou, pois houve uma a\u00e7\u00e3o de inconstitucionalidade impetrada pelo Executivo na \u00e9poca, e que foi acatada pelo Tribunal de Justi\u00e7a de Santa Catarina, considerando que a proposi\u00e7\u00e3o para municipalizar a rodovia partiu dos pr\u00f3prios vereadores.<\/p>\n\n\n\n<p>No projeto enviado pela atual administra\u00e7\u00e3o, a justificativa da municipaliza\u00e7\u00e3o \u00e9 pela necessidade de assegurar maior efici\u00eancia no planejamento urbano e na organiza\u00e7\u00e3o territorial do munic\u00edpio, pois o trecho representa o principal acesso \u00e0 cidade. Sua integra\u00e7\u00e3o \u00e0 malha vi\u00e1ria municipal possibilitar\u00e1 que a administra\u00e7\u00e3o exer\u00e7a de forma mais direta e imediata o controle sobre interven\u00e7\u00f5es, alinhando-as \u00e0s diretrizes estabelecidas no Plano Diretor e demais legisla\u00e7\u00f5es urban\u00edsticas.<\/p>\n\n\n\n<p>Ainda segundo o projeto, a municipaliza\u00e7\u00e3o tamb\u00e9m permitir\u00e1 implementar a\u00e7\u00f5es voltadas \u00e0 seguran\u00e7a vi\u00e1ria, tais como adequa\u00e7\u00e3o de sinaliza\u00e7\u00e3o, disciplinamento de tr\u00e1fego, melhorias de acessibilidade e ordenamento de acessos lindeiros, atendendo diretamente \u00e0s demandas da popula\u00e7\u00e3o e dos usu\u00e1rios da rodovia. A administra\u00e7\u00e3o prev\u00ea que a medida contribuir\u00e1 para o desenvolvimento econ\u00f4mico e social, facilitando o acesso a estabelecimentos comerciais, industriais e de presta\u00e7\u00e3o de servi\u00e7os, al\u00e9m de fomentar a valoriza\u00e7\u00e3o imobili\u00e1ria e a expans\u00e3o ordenada da \u00e1rea urbana no entorno da via.<\/p>\n\n\n\n<p>Al\u00e9m da aprova\u00e7\u00e3o do projeto pelos vereadores, o munic\u00edpio ter\u00e1 que formalizar o conv\u00eanio de coopera\u00e7\u00e3o com o estado de Santa Catarina, para que o trecho seja de fato repassado ao munic\u00edpio, que hoje j\u00e1 realiza toda a manuten\u00e7\u00e3o, limpeza e o paisagismo ao longo da rodovia.<\/p>\n","protected":false},"excerpt":{"rendered":"<p>Assunto volta a ser discutido no Legislativo ap\u00f3s envio de Projeto de Lei pelo Executivo S\u00e3o Jo\u00e3o do Oeste \u2013 A C\u00e2mara de Vereadores aprovou em primeira vota\u00e7\u00e3o, na sess\u00e3o ordin\u00e1ria desta semana, o projeto de lei n\u00famero 063\/2025, que autoriza o Executivo a municipalizar a SC-496, da rodovia denominada de Aur\u00e9lio Francisco Marconatto, com<\/p>\n","protected":false},"author":1,"featured_media":7845,"comment_status":"open","ping_status":"open","sticky":false,"template":"","format":"standard","meta":{"footnotes":""},"categories":[41],"tags":[],"class_list":{"0":"post-7844","1":"post","2":"type-post","3":"status-publish","4":"format-standard","5":"has-post-thumbnail","7":"category-noticias"},"_links":{"self":[{"href":"https:\/\/noticiarioregional.com.br\/index.php?rest_route=\/wp\/v2\/posts\/7844","targetHints":{"allow":["GET"]}}],"collection":[{"href":"https:\/\/noticiarioregional.com.br\/index.php?rest_route=\/wp\/v2\/posts"}],"about":[{"href":"https:\/\/noticiarioregional.com.br\/index.php?rest_route=\/wp\/v2\/types\/post"}],"author":[{"embeddable":true,"href":"https:\/\/noticiarioregional.com.br\/index.php?rest_route=\/wp\/v2\/users\/1"}],"replies":[{"embeddable":true,"href":"https:\/\/noticiarioregional.com.br\/index.php?rest_route=%2Fwp%2Fv2%2Fcomments&post=7844"}],"version-history":[{"count":1,"href":"https:\/\/noticiarioregional.com.br\/index.php?rest_route=\/wp\/v2\/posts\/7844\/revisions"}],"predecessor-version":[{"id":7846,"href":"https:\/\/noticiarioregional.com.br\/index.php?rest_route=\/wp\/v2\/posts\/7844\/revisions\/7846"}],"wp:featuredmedia":[{"embeddable":true,"href":"https:\/\/noticiarioregional.com.br\/index.php?rest_route=\/wp\/v2\/media\/7845"}],"wp:attachment":[{"href":"https:\/\/noticiarioregional.com.br\/index.php?rest_route=%2Fwp%2Fv2%2Fmedia&parent=7844"}],"wp:term":[{"taxonomy":"category","embeddable":true,"href":"https:\/\/noticiarioregional.com.br\/index.php?rest_route=%2Fwp%2Fv2%2Fcategories&post=7844"},{"taxonomy":"post_tag","embeddable":true,"href":"https:\/\/noticiarioregional.com.br\/index.php?rest_route=%2Fwp%2Fv2%2Ftags&post=7844"}],"curies":[{"name":"wp","href":"https:\/\/api.w.org\/{rel}","templated":true}]}}