{"id":7847,"date":"2025-10-22T11:05:49","date_gmt":"2025-10-22T14:05:49","guid":{"rendered":"https:\/\/noticiarioregional.com.br\/?p=7847"},"modified":"2025-10-22T11:06:25","modified_gmt":"2025-10-22T14:06:25","slug":"imovel-rural-legalizado","status":"publish","type":"post","link":"https:\/\/noticiarioregional.com.br\/?p=7847","title":{"rendered":"Im\u00f3vel Rural Legalizado"},"content":{"rendered":"\n<p class=\"has-large-font-size\"><em>Representantes de Ipor\u00e3 do Oeste e Monda\u00ed participam do lan\u00e7amento de novo programa estadual<\/em><\/p>\n\n\n\n<p><strong>Ipor\u00e3 do Oeste\/Monda\u00ed &#8211;<\/strong> Representantes de Ipor\u00e3 do Oeste e Monda\u00ed participaram nos dias 29 e 30 setembro, do lan\u00e7amento do programa estadual Im\u00f3vel Rural Legalizado, iniciativa do Tribunal de Justi\u00e7a de Santa Catarina (TJSC) que integra a \u201cMarcha pela Regulariza\u00e7\u00e3o Rural\u201d e mira, sobretudo, propriedades de agricultura familiar. Participaram Leonir Adriano Staudt, advogado assessor geral do Munic\u00edpio de Ipor\u00e3 do Oeste; Adriel Diogo Lunkes, diretor-geral do Departamento de Tributos de Monda\u00ed; Luana Scapin, engenheira agr\u00f4noma de Ipor\u00e3 do Oeste e Katherine Scherer Clarinda, oficiala registradora interina do Registro de Im\u00f3veis de Monda\u00ed.<\/p>\n\n\n\n<p>No primeiro dia, a programa\u00e7\u00e3o contemplou a abertura com o desembargador Artur Jenichen Filho, corregedor-geral do Foro Extrajudicial do TJSC, e o juiz-corregedor Maximiliano Losso Bunn. O programa, institu\u00eddo pela Resolu\u00e7\u00e3o n.\u00ba 8\/2025, visa titularizar e retificar im\u00f3veis rurais, permitindo a formaliza\u00e7\u00e3o do dom\u00ednio e o acesso a cr\u00e9dito rural e fundi\u00e1rio, al\u00e9m de impulsionar o desenvolvimento agr\u00edcola e a regulariza\u00e7\u00e3o cadastral. Entre os crit\u00e9rios de enquadramento, destacam-se o reconhecimento de dom\u00ednio e a observ\u00e2ncia da fra\u00e7\u00e3o m\u00ednima de parcelamento, com foco em \u00e1reas at\u00e9 quatro m\u00f3dulos fiscais.&nbsp; Na agenda t\u00e9cnica, o INCRA apresentou a Plataforma de Governan\u00e7a Territorial (PGT), que integra dados fundi\u00e1rios (SIGEF, SNCR, CAR, Receita Federal e outros) e aplica valida\u00e7\u00f5es automatizadas para dar mais agilidade, seguran\u00e7a e transpar\u00eancia aos processos<\/p>\n\n\n\n<p>O segundo dia concentrou-se em esclarecimentos do INCRA e do Registro de Im\u00f3veis do Brasil sobre faixa de fronteira e georreferenciamento. Foram detalhados os procedimentos de certifica\u00e7\u00e3o no SIGEF \u2014 hoje com checagens cruzadas no SNCR e rejei\u00e7\u00e3o autom\u00e1tica quando a planilha t\u00e9cnica diverge do CCIR \u2014, al\u00e9m de orienta\u00e7\u00f5es pr\u00e1ticas para registradores (averba\u00e7\u00e3o do n\u00famero da certifica\u00e7\u00e3o, encerramento\/abertura de matr\u00edculas por gleba certificada e exig\u00eancia de nova certifica\u00e7\u00e3o em desmembramentos). Atualiza\u00e7\u00f5es importantes do SIGEF, vigentes desde 23\/06\/2025, refor\u00e7am o sistema como filtro de integridade para evitar fraudes.&nbsp; Tamb\u00e9m ganharam destaque os passos para ratifica\u00e7\u00e3o de registros na faixa de fronteira conforme a Lei n.\u00ba 13.178\/2015 (com altera\u00e7\u00f5es posteriores) e diretrizes locais de implementa\u00e7\u00e3o. O objetivo \u00e9 confirmar o dom\u00ednio da Uni\u00e3o, dar seguran\u00e7a jur\u00eddica a posseiros de boa-f\u00e9 e uniformizar procedimentos cartor\u00e1rios<\/p>\n\n\n\n<p><strong>Prazos e cuidados<\/strong> <strong>que o produtor precisa saber<\/strong><\/p>\n\n\n\n<p>At\u00e9 22 de outubro de 2030 para requerer a ratifica\u00e7\u00e3o de registros imobili\u00e1rios de im\u00f3veis rurais situados na faixa de fronteira, conforme marcos legais consolidados. Desde 23\/06\/2025, todos os dados da certifica\u00e7\u00e3o s\u00e3o validados com o SNCR; diverg\u00eancias entre planilha e CCIR implicam rejei\u00e7\u00e3o autom\u00e1tica. \u00c9 obrigat\u00f3ria a averba\u00e7\u00e3o do n\u00famero da certifica\u00e7\u00e3o; novas matr\u00edculas por gleba certificada e nova certifica\u00e7\u00e3o em desmembramentos. Processos e cl\u00e1usulas resolutivas seguem normas atualizadas (leis e decretos recentes), com verifica\u00e7\u00e3o de fun\u00e7\u00e3o social, regularidade ambiental e demais requisitos antes da libera\u00e7\u00e3o.<\/p>\n\n\n\n<p>Segundo Leonir, foram dois dias intensos e extremamente t\u00e9cnicos. <em>\u201cColocamos o Munic\u00edpio \u00e0 disposi\u00e7\u00e3o para orientar e auxiliar os agricultores no que for poss\u00edvel\u201d,<\/em> disse.<\/p>\n","protected":false},"excerpt":{"rendered":"<p>Representantes de Ipor\u00e3 do Oeste e Monda\u00ed participam do lan\u00e7amento de novo programa estadual Ipor\u00e3 do Oeste\/Monda\u00ed &#8211; Representantes de Ipor\u00e3 do Oeste e Monda\u00ed participaram nos dias 29 e 30 setembro, do lan\u00e7amento do programa estadual Im\u00f3vel Rural Legalizado, iniciativa do Tribunal de Justi\u00e7a de Santa Catarina (TJSC) que integra a \u201cMarcha pela Regulariza\u00e7\u00e3o<\/p>\n","protected":false},"author":1,"featured_media":7848,"comment_status":"open","ping_status":"open","sticky":false,"template":"","format":"standard","meta":{"footnotes":""},"categories":[41],"tags":[],"class_list":{"0":"post-7847","1":"post","2":"type-post","3":"status-publish","4":"format-standard","5":"has-post-thumbnail","7":"category-noticias"},"_links":{"self":[{"href":"https:\/\/noticiarioregional.com.br\/index.php?rest_route=\/wp\/v2\/posts\/7847","targetHints":{"allow":["GET"]}}],"collection":[{"href":"https:\/\/noticiarioregional.com.br\/index.php?rest_route=\/wp\/v2\/posts"}],"about":[{"href":"https:\/\/noticiarioregional.com.br\/index.php?rest_route=\/wp\/v2\/types\/post"}],"author":[{"embeddable":true,"href":"https:\/\/noticiarioregional.com.br\/index.php?rest_route=\/wp\/v2\/users\/1"}],"replies":[{"embeddable":true,"href":"https:\/\/noticiarioregional.com.br\/index.php?rest_route=%2Fwp%2Fv2%2Fcomments&post=7847"}],"version-history":[{"count":2,"href":"https:\/\/noticiarioregional.com.br\/index.php?rest_route=\/wp\/v2\/posts\/7847\/revisions"}],"predecessor-version":[{"id":7850,"href":"https:\/\/noticiarioregional.com.br\/index.php?rest_route=\/wp\/v2\/posts\/7847\/revisions\/7850"}],"wp:featuredmedia":[{"embeddable":true,"href":"https:\/\/noticiarioregional.com.br\/index.php?rest_route=\/wp\/v2\/media\/7848"}],"wp:attachment":[{"href":"https:\/\/noticiarioregional.com.br\/index.php?rest_route=%2Fwp%2Fv2%2Fmedia&parent=7847"}],"wp:term":[{"taxonomy":"category","embeddable":true,"href":"https:\/\/noticiarioregional.com.br\/index.php?rest_route=%2Fwp%2Fv2%2Fcategories&post=7847"},{"taxonomy":"post_tag","embeddable":true,"href":"https:\/\/noticiarioregional.com.br\/index.php?rest_route=%2Fwp%2Fv2%2Ftags&post=7847"}],"curies":[{"name":"wp","href":"https:\/\/api.w.org\/{rel}","templated":true}]}}