{"id":7851,"date":"2025-10-22T11:10:07","date_gmt":"2025-10-22T14:10:07","guid":{"rendered":"https:\/\/noticiarioregional.com.br\/?p=7851"},"modified":"2025-10-22T11:10:08","modified_gmt":"2025-10-22T14:10:08","slug":"governo-de-mondai-destaca-acoes-e-investimentos-que-ultrapassam-r-25-milhoes-na-educacao","status":"publish","type":"post","link":"https:\/\/noticiarioregional.com.br\/?p=7851","title":{"rendered":"Governo de Monda\u00ed destaca a\u00e7\u00f5es e investimentos que ultrapassam R$ 2,5 milh\u00f5es na Educa\u00e7\u00e3o"},"content":{"rendered":"\n<p><strong>Monda\u00ed &#8211;<\/strong> Na manh\u00e3 de ter\u00e7a-feira, 07, a Administra\u00e7\u00e3o Municipal realizou coletiva de imprensa para apresentar os investimentos realizados na \u00e1rea da Educa\u00e7\u00e3o. O encontro contou com a presen\u00e7a do prefeito Elizandro Mainardi, do vice-prefeito Ginther Otto Dreher e do secret\u00e1rio de Educa\u00e7\u00e3o e Cultura, J\u00falio Cesar Dotto, que detalharam os avan\u00e7os alcan\u00e7ados ao longo do ano e as proje\u00e7\u00f5es para os pr\u00f3ximos meses.<\/p>\n\n\n\n<p>O prefeito Mainardi destacou a relev\u00e2ncia do tema:<br><em>&#8220;Hoje vamos falar de uma das secretarias mais importantes da administra\u00e7\u00e3o e onde est\u00e1 a maior porcentagem de investimento, que \u00e9 a Educa\u00e7\u00e3o. Esse \u00e9 um compromisso assumido no in\u00edcio da gest\u00e3o, de garantir qualidade e responsabilidade no uso do recurso p\u00fablico&#8221;,<\/em> afirmou.<\/p>\n\n\n\n<p>Na sequ\u00eancia, o vice-prefeito Ginther Otto Dreher refor\u00e7ou o papel central da Educa\u00e7\u00e3o no desenvolvimento do munic\u00edpio e apresentou o secret\u00e1rio J\u00falio como respons\u00e1vel por expor as principais a\u00e7\u00f5es.<\/p>\n\n\n\n<p>De acordo com o secret\u00e1rio J\u00falio Cesar Dotto, a Secretaria de Educa\u00e7\u00e3o e Cultura j\u00e1 aplicou, somente neste ano, mais de R$ 2,5 milh\u00f5es em investimentos. Os recursos fazem parte do Programa Avan\u00e7a Monda\u00ed, que abrange desde a moderniza\u00e7\u00e3o da infraestrutura escolar at\u00e9 a implementa\u00e7\u00e3o de novas ferramentas pedag\u00f3gicas.<\/p>\n\n\n\n<p>O destaque ficou por conta do sistema Aprende Brasil, considerado o carro-chefe da pasta em 2025. Foram destinados mais de R$ 830 mil para a aquisi\u00e7\u00e3o dessa plataforma inovadora, que combina materiais f\u00edsicos e digitais, alinhados \u00e0 BNCC (Base Nacional Comum Curricular). Segundo Dotto, o sistema garante maior organiza\u00e7\u00e3o pedag\u00f3gica, personaliza\u00e7\u00e3o no ensino e padroniza\u00e7\u00e3o de conte\u00fados entre munic\u00edpios, al\u00e9m de contribuir diretamente para a melhoria dos \u00edndices educacionais, como o IDEB. \u201c<em>Esse investimento n\u00e3o foi feito no escuro. Pesquisas mostram que 95% dos munic\u00edpios que utilizam o Aprende Brasil tiveram melhora significativa no IDEB. Ele \u00e9 uma ferramenta espetacular, mas que exige capacita\u00e7\u00e3o dos nossos professores, e por isso tamb\u00e9m investimos em forma\u00e7\u00f5es continuadas\u201d,<\/em> explicou. <em>\u201cTemos mais de 1.500 alunos na nossa rede municipal, onde est\u00e3o a\u00ed envolvidos tanto Educa\u00e7\u00e3o Infantil quanto Ensino Fundamental I, que s\u00e3o os alunos de primeiro ao quinto ano, e os alunos de Ensino Fundamental II, que \u00e9 de sexto ao nono ano. Ent\u00e3o, \u00e9 um n\u00famero muito grande de alunos e foi pensando justamente nisso, em facilitar o trabalho, tanto do profissional quanto melhorar o aprendizado dos nossos alunos.\u201d<\/em><\/p>\n\n\n\n<p>Outros investimentos relevantes foram destinados \u00e0 aquisi\u00e7\u00e3o de computadores e mobili\u00e1rio escolar, somando mais de R$ 670 mil. A moderniza\u00e7\u00e3o tecnol\u00f3gica foi apontada como fundamental para acompanhar o perfil digital das novas gera\u00e7\u00f5es. Al\u00e9m disso, foi conclu\u00edda uma nova sala de aula em creche municipal, possibilitando a amplia\u00e7\u00e3o do ensino integral e a abertura de novas vagas. Um espa\u00e7o de conviv\u00eancia tamb\u00e9m est\u00e1 em fase final de constru\u00e7\u00e3o, com previs\u00e3o de entrega ainda neste ano.<\/p>\n\n\n\n<p>At\u00e9 dezembro, est\u00e1 prevista a aplica\u00e7\u00e3o de mais R$ 1 milh\u00e3o em reformas, aquisi\u00e7\u00e3o de equipamentos e capacita\u00e7\u00f5es. Entre os projetos em andamento, destacam-se a reforma da escola da comunidade de Laju (segunda e terceira etapas), melhorias na unidade da Linha Taipa e a execu\u00e7\u00e3o dos projetos de acessibilidade em toda a rede municipal.<\/p>\n\n\n\n<p>O prefeito Mainardi tamb\u00e9m salientou os investimentos no transporte escolar. Dois novos \u00f4nibus j\u00e1 foram solicitados ao Governo do Estado e h\u00e1 tratativas para a aquisi\u00e7\u00e3o de mais um ve\u00edculo pela Prefeitura. Al\u00e9m disso, monitores de transporte ser\u00e3o incorporados a partir de 2026 para garantir maior seguran\u00e7a no trajeto dos alunos. \u201c<em>Nosso compromisso \u00e9 cuidar bem das pessoas, e a Educa\u00e7\u00e3o tem papel central nisso. O dinheiro p\u00fablico n\u00e3o \u00e9 do prefeito, nem do vice, \u00e9 do povo, e deve ser revertido em melhorias concretas. Estamos trabalhando para que Monda\u00ed seja refer\u00eancia n\u00e3o s\u00f3 em infraestrutura, mas tamb\u00e9m na qualidade da Educa\u00e7\u00e3o&#8221;,<\/em> declarou Mainardi.<\/p>\n\n\n\n<p>A coletiva tamb\u00e9m abordou os investimentos na \u00e1rea da cultura, vinculada \u00e0 Secretaria de Educa\u00e7\u00e3o. Foram adquiridos instrumentos e equipamentos para a banda municipal e fanfarra, fortalecendo atividades que valorizam a identidade cultural e envolvem a comunidade.<\/p>\n","protected":false},"excerpt":{"rendered":"<p>Monda\u00ed &#8211; Na manh\u00e3 de ter\u00e7a-feira, 07, a Administra\u00e7\u00e3o Municipal realizou coletiva de imprensa para apresentar os investimentos realizados na \u00e1rea da Educa\u00e7\u00e3o. O encontro contou com a presen\u00e7a do prefeito Elizandro Mainardi, do vice-prefeito Ginther Otto Dreher e do secret\u00e1rio de Educa\u00e7\u00e3o e Cultura, J\u00falio Cesar Dotto, que detalharam os avan\u00e7os alcan\u00e7ados ao longo<\/p>\n","protected":false},"author":1,"featured_media":7852,"comment_status":"open","ping_status":"open","sticky":false,"template":"","format":"standard","meta":{"footnotes":""},"categories":[41],"tags":[],"class_list":{"0":"post-7851","1":"post","2":"type-post","3":"status-publish","4":"format-standard","5":"has-post-thumbnail","7":"category-noticias"},"_links":{"self":[{"href":"https:\/\/noticiarioregional.com.br\/index.php?rest_route=\/wp\/v2\/posts\/7851","targetHints":{"allow":["GET"]}}],"collection":[{"href":"https:\/\/noticiarioregional.com.br\/index.php?rest_route=\/wp\/v2\/posts"}],"about":[{"href":"https:\/\/noticiarioregional.com.br\/index.php?rest_route=\/wp\/v2\/types\/post"}],"author":[{"embeddable":true,"href":"https:\/\/noticiarioregional.com.br\/index.php?rest_route=\/wp\/v2\/users\/1"}],"replies":[{"embeddable":true,"href":"https:\/\/noticiarioregional.com.br\/index.php?rest_route=%2Fwp%2Fv2%2Fcomments&post=7851"}],"version-history":[{"count":1,"href":"https:\/\/noticiarioregional.com.br\/index.php?rest_route=\/wp\/v2\/posts\/7851\/revisions"}],"predecessor-version":[{"id":7853,"href":"https:\/\/noticiarioregional.com.br\/index.php?rest_route=\/wp\/v2\/posts\/7851\/revisions\/7853"}],"wp:featuredmedia":[{"embeddable":true,"href":"https:\/\/noticiarioregional.com.br\/index.php?rest_route=\/wp\/v2\/media\/7852"}],"wp:attachment":[{"href":"https:\/\/noticiarioregional.com.br\/index.php?rest_route=%2Fwp%2Fv2%2Fmedia&parent=7851"}],"wp:term":[{"taxonomy":"category","embeddable":true,"href":"https:\/\/noticiarioregional.com.br\/index.php?rest_route=%2Fwp%2Fv2%2Fcategories&post=7851"},{"taxonomy":"post_tag","embeddable":true,"href":"https:\/\/noticiarioregional.com.br\/index.php?rest_route=%2Fwp%2Fv2%2Ftags&post=7851"}],"curies":[{"name":"wp","href":"https:\/\/api.w.org\/{rel}","templated":true}]}}