{"id":7854,"date":"2025-10-22T11:16:39","date_gmt":"2025-10-22T14:16:39","guid":{"rendered":"https:\/\/noticiarioregional.com.br\/?p=7854"},"modified":"2025-10-22T11:16:40","modified_gmt":"2025-10-22T14:16:40","slug":"programa-de-incentivo-para-novas-construcoes-registra-grande-demanda-em-santa-helena","status":"publish","type":"post","link":"https:\/\/noticiarioregional.com.br\/?p=7854","title":{"rendered":"Programa de incentivo para novas constru\u00e7\u00f5es registra grande demanda em Santa Helena"},"content":{"rendered":"\n<p><strong>Santa Helena \u2013<\/strong> Um programa que vem registrando grande procura pelos agricultores \u00e9 o incentivo por metro quadrado para novas constru\u00e7\u00f5es e por metro c\u00fabico para cisternas e esterqueiras. O secret\u00e1rio de Agricultura, Joacir Casanova, popular Lele, explica que para avi\u00e1rios e chiqueiros o incentivo \u00e9 de R$ 12,00 o metro quadrado, ao limite de 1.500 metros por empreendimento. O munic\u00edpio ampliou a metragem este ano, de mil para 1.500 metros quadrados nestes dois setores. Al\u00e9m disso, o produtor recebe o aux\u00edlio de R$ 12,00 o metro c\u00fabico na constru\u00e7\u00e3o de cisterna ou esterqueira de at\u00e9 um milh\u00e3o de litros.&nbsp;<\/p>\n\n\n\n<figure class=\"wp-block-image size-large\"><img fetchpriority=\"high\" decoding=\"async\" width=\"576\" height=\"1024\" src=\"https:\/\/noticiarioregional.com.br\/wp-content\/uploads\/2025\/10\/Secretario-Joacir-na-propriedade-de-Valdair-Falcao-na-Linha-Cantina-Alta-onde-serao-construidos-dois-novos-chiqueiroes-576x1024.jpg\" alt=\"\" class=\"wp-image-7856\" srcset=\"https:\/\/noticiarioregional.com.br\/wp-content\/uploads\/2025\/10\/Secretario-Joacir-na-propriedade-de-Valdair-Falcao-na-Linha-Cantina-Alta-onde-serao-construidos-dois-novos-chiqueiroes-576x1024.jpg 576w, https:\/\/noticiarioregional.com.br\/wp-content\/uploads\/2025\/10\/Secretario-Joacir-na-propriedade-de-Valdair-Falcao-na-Linha-Cantina-Alta-onde-serao-construidos-dois-novos-chiqueiroes-169x300.jpg 169w, https:\/\/noticiarioregional.com.br\/wp-content\/uploads\/2025\/10\/Secretario-Joacir-na-propriedade-de-Valdair-Falcao-na-Linha-Cantina-Alta-onde-serao-construidos-dois-novos-chiqueiroes-768x1366.jpg 768w, https:\/\/noticiarioregional.com.br\/wp-content\/uploads\/2025\/10\/Secretario-Joacir-na-propriedade-de-Valdair-Falcao-na-Linha-Cantina-Alta-onde-serao-construidos-dois-novos-chiqueiroes-864x1536.jpg 864w, https:\/\/noticiarioregional.com.br\/wp-content\/uploads\/2025\/10\/Secretario-Joacir-na-propriedade-de-Valdair-Falcao-na-Linha-Cantina-Alta-onde-serao-construidos-dois-novos-chiqueiroes-150x267.jpg 150w, https:\/\/noticiarioregional.com.br\/wp-content\/uploads\/2025\/10\/Secretario-Joacir-na-propriedade-de-Valdair-Falcao-na-Linha-Cantina-Alta-onde-serao-construidos-dois-novos-chiqueiroes-450x800.jpg 450w, https:\/\/noticiarioregional.com.br\/wp-content\/uploads\/2025\/10\/Secretario-Joacir-na-propriedade-de-Valdair-Falcao-na-Linha-Cantina-Alta-onde-serao-construidos-dois-novos-chiqueiroes.jpg 899w\" sizes=\"(max-width: 576px) 100vw, 576px\" \/><figcaption class=\"wp-element-caption\"><strong><em>Secret\u00e1rio Joacir na propriedade de Valdair Falc\u00e3o, na Linha Cantina Alta, onde ser\u00e3o constru\u00eddos dois novos chiqueir\u00f5es<\/em><\/strong><\/figcaption><\/figure>\n\n\n\n<p>J\u00e1 no caso de investimentos nas estruturas para gado de leite ou de corte, o incentivo \u00e9 para at\u00e9 mil metros quadrados por ano. Conforme o secret\u00e1rio, o incentivo para avi\u00e1rio e chiqueiro foi ampliado em fun\u00e7\u00e3o de serem os dois setores que registram a maior demanda de constru\u00e7\u00f5es no munic\u00edpio.<\/p>\n\n\n\n<p>Joacir enfatiza que o programa de incentivo para constru\u00e7\u00f5es \u00e9 mantido durante todo o ano, e para ser contemplado, o agricultor deve protocolar o pedido na secretaria de Agricultura.<\/p>\n\n\n\n<p>O secret\u00e1rio destaca que no programa de horas m\u00e1quina terceirizadas a cota j\u00e1 esgotou. O munic\u00edpio disponibilizou em torno de mil horas m\u00e1quina atrav\u00e9s de empresas terceirizadas do munic\u00edpio e regi\u00e3o que se credenciarem, cota que j\u00e1 esgotou em fun\u00e7\u00e3o de que os agricultores aproveitaram o incentivo para preparar a lavoura para a pr\u00f3xima safra. Cada produtor, por inscri\u00e7\u00e3o estadual, tem direito a at\u00e9 sete horas de servi\u00e7os com trator esteira e escavadeira.<\/p>\n","protected":false},"excerpt":{"rendered":"<p>Santa Helena \u2013 Um programa que vem registrando grande procura pelos agricultores \u00e9 o incentivo por metro quadrado para novas constru\u00e7\u00f5es e por metro c\u00fabico para cisternas e esterqueiras. O secret\u00e1rio de Agricultura, Joacir Casanova, popular Lele, explica que para avi\u00e1rios e chiqueiros o incentivo \u00e9 de R$ 12,00 o metro quadrado, ao limite de<\/p>\n","protected":false},"author":1,"featured_media":7855,"comment_status":"open","ping_status":"open","sticky":false,"template":"","format":"standard","meta":{"footnotes":""},"categories":[41],"tags":[],"class_list":{"0":"post-7854","1":"post","2":"type-post","3":"status-publish","4":"format-standard","5":"has-post-thumbnail","7":"category-noticias"},"_links":{"self":[{"href":"https:\/\/noticiarioregional.com.br\/index.php?rest_route=\/wp\/v2\/posts\/7854","targetHints":{"allow":["GET"]}}],"collection":[{"href":"https:\/\/noticiarioregional.com.br\/index.php?rest_route=\/wp\/v2\/posts"}],"about":[{"href":"https:\/\/noticiarioregional.com.br\/index.php?rest_route=\/wp\/v2\/types\/post"}],"author":[{"embeddable":true,"href":"https:\/\/noticiarioregional.com.br\/index.php?rest_route=\/wp\/v2\/users\/1"}],"replies":[{"embeddable":true,"href":"https:\/\/noticiarioregional.com.br\/index.php?rest_route=%2Fwp%2Fv2%2Fcomments&post=7854"}],"version-history":[{"count":1,"href":"https:\/\/noticiarioregional.com.br\/index.php?rest_route=\/wp\/v2\/posts\/7854\/revisions"}],"predecessor-version":[{"id":7857,"href":"https:\/\/noticiarioregional.com.br\/index.php?rest_route=\/wp\/v2\/posts\/7854\/revisions\/7857"}],"wp:featuredmedia":[{"embeddable":true,"href":"https:\/\/noticiarioregional.com.br\/index.php?rest_route=\/wp\/v2\/media\/7855"}],"wp:attachment":[{"href":"https:\/\/noticiarioregional.com.br\/index.php?rest_route=%2Fwp%2Fv2%2Fmedia&parent=7854"}],"wp:term":[{"taxonomy":"category","embeddable":true,"href":"https:\/\/noticiarioregional.com.br\/index.php?rest_route=%2Fwp%2Fv2%2Fcategories&post=7854"},{"taxonomy":"post_tag","embeddable":true,"href":"https:\/\/noticiarioregional.com.br\/index.php?rest_route=%2Fwp%2Fv2%2Ftags&post=7854"}],"curies":[{"name":"wp","href":"https:\/\/api.w.org\/{rel}","templated":true}]}}