{"id":7858,"date":"2025-10-22T11:20:34","date_gmt":"2025-10-22T14:20:34","guid":{"rendered":"https:\/\/noticiarioregional.com.br\/?p=7858"},"modified":"2025-10-22T11:20:35","modified_gmt":"2025-10-22T14:20:35","slug":"clima-favoravel-contribui-para-o-bom-desenvolvimento-das-lavouras-de-fumo","status":"publish","type":"post","link":"https:\/\/noticiarioregional.com.br\/?p=7858","title":{"rendered":"Clima favor\u00e1vel contribui para o bom desenvolvimento das lavouras de fumo"},"content":{"rendered":"\n<p class=\"has-larger-font-size\"><em>Plantas est\u00e3o crescendo bem, sem ataques de pragas ou doen\u00e7as<\/em><\/p>\n\n\n\n<p><strong>Ipor\u00e3 do Oeste \u2013<\/strong> A fam\u00edlia Gemmer, da Linha Jaboticaba, \u00e9 produtora de fumo h\u00e1 mais de 30 anos. A atividade iniciou com o seu Noemir, j\u00e1 falecido, e hoje est\u00e1 tendo sequ\u00eancia pelo filho Maur\u00edcio. O fumo acaba sendo um complemento na renda, pois a fam\u00edlia trabalha tamb\u00e9m com cria\u00e7\u00e3o de su\u00ednos e novilhas. No munic\u00edpio a \u00e1rea destinada para o fumo na safra 2025\/2026 \u00e9 de 410 hectares.<\/p>\n\n\n\n<p>Conforme o produtor, Maur\u00edcio Gemmer, a atividade exige bastante m\u00e3o de obra, j\u00e1 que todas as etapas da produ\u00e7\u00e3o s\u00e3o feitas na propriedade, desde a semeadura at\u00e9 a colheita. Maur\u00edcio conta com a ajuda da esposa M\u00f4nica e da m\u00e3e Noemia, al\u00e9m da necessidade de contratar diaristas, principalmente no per\u00edodo da colheita.<\/p>\n\n\n\n<p>Na safra deste ano a fam\u00edlia plantou 130 mil p\u00e9s, em torno de 15 mil a mais em compara\u00e7\u00e3o ao ano passado. As variedades s\u00e3o burley e comum. Para evitar a contamina\u00e7\u00e3o das plantas por doen\u00e7as que ficam na terra, todos os anos o cultivo \u00e9 feito em \u00e1reas diferentes, tanto da fam\u00edlia como arrendadas. O produtor comenta que o plantio foi feito em julho, e j\u00e1 no final deste m\u00eas de outubro inicia o desponte, que \u00e9 a retirada das flores que brotam das plantas.<\/p>\n\n\n\n<p>Maur\u00edcio destaca que at\u00e9 o momento as plantas est\u00e3o tendo um bom desenvolvimento, sem ataque de pragas ou manifesta\u00e7\u00e3o de doen\u00e7as. O clima tem contribu\u00eddo, pois apesar de crescer de forma mais lenta com temperaturas mais baixas, o frio contribui para que as folhas fiquem mais grossas. A expectativa dos fumicultores \u00e9 que o valor pago pela arroba seja melhor do que da safra anterior. No \u00faltimo ano, em fun\u00e7\u00e3o da supersafra, os produtores chegaram a receber R$ 100,00 a arroba, quando deveria estar pelo menos o dobro do pre\u00e7o para compensar o custo de produ\u00e7\u00e3o. Para o produtor, o valor ideal, considerando as despesas e a margem de lucro, deveria chegar a pelo menos R$ 250,00 a arroba.<\/p>\n","protected":false},"excerpt":{"rendered":"<p>Plantas est\u00e3o crescendo bem, sem ataques de pragas ou doen\u00e7as Ipor\u00e3 do Oeste \u2013 A fam\u00edlia Gemmer, da Linha Jaboticaba, \u00e9 produtora de fumo h\u00e1 mais de 30 anos. A atividade iniciou com o seu Noemir, j\u00e1 falecido, e hoje est\u00e1 tendo sequ\u00eancia pelo filho Maur\u00edcio. O fumo acaba sendo um complemento na renda, pois<\/p>\n","protected":false},"author":1,"featured_media":7859,"comment_status":"open","ping_status":"open","sticky":false,"template":"","format":"standard","meta":{"footnotes":""},"categories":[41],"tags":[],"class_list":{"0":"post-7858","1":"post","2":"type-post","3":"status-publish","4":"format-standard","5":"has-post-thumbnail","7":"category-noticias"},"_links":{"self":[{"href":"https:\/\/noticiarioregional.com.br\/index.php?rest_route=\/wp\/v2\/posts\/7858","targetHints":{"allow":["GET"]}}],"collection":[{"href":"https:\/\/noticiarioregional.com.br\/index.php?rest_route=\/wp\/v2\/posts"}],"about":[{"href":"https:\/\/noticiarioregional.com.br\/index.php?rest_route=\/wp\/v2\/types\/post"}],"author":[{"embeddable":true,"href":"https:\/\/noticiarioregional.com.br\/index.php?rest_route=\/wp\/v2\/users\/1"}],"replies":[{"embeddable":true,"href":"https:\/\/noticiarioregional.com.br\/index.php?rest_route=%2Fwp%2Fv2%2Fcomments&post=7858"}],"version-history":[{"count":1,"href":"https:\/\/noticiarioregional.com.br\/index.php?rest_route=\/wp\/v2\/posts\/7858\/revisions"}],"predecessor-version":[{"id":7860,"href":"https:\/\/noticiarioregional.com.br\/index.php?rest_route=\/wp\/v2\/posts\/7858\/revisions\/7860"}],"wp:featuredmedia":[{"embeddable":true,"href":"https:\/\/noticiarioregional.com.br\/index.php?rest_route=\/wp\/v2\/media\/7859"}],"wp:attachment":[{"href":"https:\/\/noticiarioregional.com.br\/index.php?rest_route=%2Fwp%2Fv2%2Fmedia&parent=7858"}],"wp:term":[{"taxonomy":"category","embeddable":true,"href":"https:\/\/noticiarioregional.com.br\/index.php?rest_route=%2Fwp%2Fv2%2Fcategories&post=7858"},{"taxonomy":"post_tag","embeddable":true,"href":"https:\/\/noticiarioregional.com.br\/index.php?rest_route=%2Fwp%2Fv2%2Ftags&post=7858"}],"curies":[{"name":"wp","href":"https:\/\/api.w.org\/{rel}","templated":true}]}}