{"id":7861,"date":"2025-10-22T11:23:06","date_gmt":"2025-10-22T14:23:06","guid":{"rendered":"https:\/\/noticiarioregional.com.br\/?p=7861"},"modified":"2025-10-22T11:23:35","modified_gmt":"2025-10-22T14:23:35","slug":"enclave-tech-inaugura-terceira-loja-em-ipora-do-oeste","status":"publish","type":"post","link":"https:\/\/noticiarioregional.com.br\/?p=7861","title":{"rendered":"Enclave Tech inaugura terceira loja em Ipor\u00e3 do Oeste"},"content":{"rendered":"\n<p class=\"has-larger-font-size\"><em>Loja oferece ampla linha de eletr\u00f4nicos, itens de inform\u00e1tica e assist\u00eancia t\u00e9cnica especializada<\/em><\/p>\n\n\n\n<p><strong>Ipor\u00e3 do Oeste \u2013<\/strong> Com inaugura\u00e7\u00e3o realizada no s\u00e1bado, 04, a Enclave Tech iniciou os atendimentos na sala ao lado da Loja Simon Artigos Esportivos, onde anteriormente estava localizado o escrit\u00f3rio de advocacia Spielmann. O atendimento \u00e9 de segunda a sexta-feira, das 8h \u00e0s 12h e das 13h30 \u00e0s 18h, e aos s\u00e1bados das 8h \u00e0s 12h.<\/p>\n\n\n\n<p>Conforme o propriet\u00e1rio, Rafael Bernardy de Souza, a Enclave Tech j\u00e1 possui lojas em Monda\u00ed e Riqueza, e agora tamb\u00e9m oferece sua ampla linha de produtos em Ipor\u00e3 do Oeste. A loja disp\u00f5e de smartphones e acess\u00f3rios, itens diversos de inform\u00e1tica, realiza manuten\u00e7\u00e3o e oferece sistemas de videomonitoramento e alarme.<\/p>\n\n\n\n<figure class=\"wp-block-image size-large\"><img fetchpriority=\"high\" decoding=\"async\" width=\"1024\" height=\"768\" src=\"https:\/\/noticiarioregional.com.br\/wp-content\/uploads\/2025\/10\/Loja-esta-com-muitas-ofertas-especiais-de-inauguracao-1024x768.jpg\" alt=\"\" class=\"wp-image-7863\" srcset=\"https:\/\/noticiarioregional.com.br\/wp-content\/uploads\/2025\/10\/Loja-esta-com-muitas-ofertas-especiais-de-inauguracao-1024x768.jpg 1024w, https:\/\/noticiarioregional.com.br\/wp-content\/uploads\/2025\/10\/Loja-esta-com-muitas-ofertas-especiais-de-inauguracao-300x225.jpg 300w, https:\/\/noticiarioregional.com.br\/wp-content\/uploads\/2025\/10\/Loja-esta-com-muitas-ofertas-especiais-de-inauguracao-768x576.jpg 768w, https:\/\/noticiarioregional.com.br\/wp-content\/uploads\/2025\/10\/Loja-esta-com-muitas-ofertas-especiais-de-inauguracao-1536x1152.jpg 1536w, https:\/\/noticiarioregional.com.br\/wp-content\/uploads\/2025\/10\/Loja-esta-com-muitas-ofertas-especiais-de-inauguracao-2048x1536.jpg 2048w, https:\/\/noticiarioregional.com.br\/wp-content\/uploads\/2025\/10\/Loja-esta-com-muitas-ofertas-especiais-de-inauguracao-150x113.jpg 150w, https:\/\/noticiarioregional.com.br\/wp-content\/uploads\/2025\/10\/Loja-esta-com-muitas-ofertas-especiais-de-inauguracao-450x338.jpg 450w, https:\/\/noticiarioregional.com.br\/wp-content\/uploads\/2025\/10\/Loja-esta-com-muitas-ofertas-especiais-de-inauguracao-1200x900.jpg 1200w\" sizes=\"(max-width: 1024px) 100vw, 1024px\" \/><figcaption class=\"wp-element-caption\">Loja est\u00e1 com muitas ofertas especiais de inaugura\u00e7\u00e3o<\/figcaption><\/figure>\n\n\n\n<p>Para or\u00e7amentos ou informa\u00e7\u00f5es o telefone de contato \u00e9 o (49) 991335832. No Instagram, a p\u00e1gina da loja \u00e9 @enclave_tech.ipora.<\/p>\n","protected":false},"excerpt":{"rendered":"<p>Loja oferece ampla linha de eletr\u00f4nicos, itens de inform\u00e1tica e assist\u00eancia t\u00e9cnica especializada Ipor\u00e3 do Oeste \u2013 Com inaugura\u00e7\u00e3o realizada no s\u00e1bado, 04, a Enclave Tech iniciou os atendimentos na sala ao lado da Loja Simon Artigos Esportivos, onde anteriormente estava localizado o escrit\u00f3rio de advocacia Spielmann. O atendimento \u00e9 de segunda a sexta-feira, das<\/p>\n","protected":false},"author":1,"featured_media":7862,"comment_status":"open","ping_status":"open","sticky":false,"template":"","format":"standard","meta":{"footnotes":""},"categories":[41],"tags":[],"class_list":{"0":"post-7861","1":"post","2":"type-post","3":"status-publish","4":"format-standard","5":"has-post-thumbnail","7":"category-noticias"},"_links":{"self":[{"href":"https:\/\/noticiarioregional.com.br\/index.php?rest_route=\/wp\/v2\/posts\/7861","targetHints":{"allow":["GET"]}}],"collection":[{"href":"https:\/\/noticiarioregional.com.br\/index.php?rest_route=\/wp\/v2\/posts"}],"about":[{"href":"https:\/\/noticiarioregional.com.br\/index.php?rest_route=\/wp\/v2\/types\/post"}],"author":[{"embeddable":true,"href":"https:\/\/noticiarioregional.com.br\/index.php?rest_route=\/wp\/v2\/users\/1"}],"replies":[{"embeddable":true,"href":"https:\/\/noticiarioregional.com.br\/index.php?rest_route=%2Fwp%2Fv2%2Fcomments&post=7861"}],"version-history":[{"count":1,"href":"https:\/\/noticiarioregional.com.br\/index.php?rest_route=\/wp\/v2\/posts\/7861\/revisions"}],"predecessor-version":[{"id":7864,"href":"https:\/\/noticiarioregional.com.br\/index.php?rest_route=\/wp\/v2\/posts\/7861\/revisions\/7864"}],"wp:featuredmedia":[{"embeddable":true,"href":"https:\/\/noticiarioregional.com.br\/index.php?rest_route=\/wp\/v2\/media\/7862"}],"wp:attachment":[{"href":"https:\/\/noticiarioregional.com.br\/index.php?rest_route=%2Fwp%2Fv2%2Fmedia&parent=7861"}],"wp:term":[{"taxonomy":"category","embeddable":true,"href":"https:\/\/noticiarioregional.com.br\/index.php?rest_route=%2Fwp%2Fv2%2Fcategories&post=7861"},{"taxonomy":"post_tag","embeddable":true,"href":"https:\/\/noticiarioregional.com.br\/index.php?rest_route=%2Fwp%2Fv2%2Ftags&post=7861"}],"curies":[{"name":"wp","href":"https:\/\/api.w.org\/{rel}","templated":true}]}}