{"id":7881,"date":"2025-10-22T11:40:47","date_gmt":"2025-10-22T14:40:47","guid":{"rendered":"https:\/\/noticiarioregional.com.br\/?p=7881"},"modified":"2025-10-22T11:40:48","modified_gmt":"2025-10-22T14:40:48","slug":"comissao-e-diretoria-prestam-contas-sobre-andamento-de-obras-no-hospital-e-centro-de-repouso-e-saude-do-idoso","status":"publish","type":"post","link":"https:\/\/noticiarioregional.com.br\/?p=7881","title":{"rendered":"Comiss\u00e3o e diretoria prestam contas sobre andamento de obras no Hospital e\u00a0Centro de Repouso e Sa\u00fade do Idoso"},"content":{"rendered":"\n<p><strong>Ipor\u00e3 do Oeste \u2013 <\/strong>O Hospital Nossa Senhora das Merc\u00eas est\u00e1 passando por v\u00e1rias obras de amplia\u00e7\u00e3o e adequa\u00e7\u00e3o para melhorar a estrutura, e consequentemente o atendimento \u00e0 popula\u00e7\u00e3o. Fazendo parte dos projetos da institui\u00e7\u00e3o, est\u00e1 a constru\u00e7\u00e3o do Centro de Repouso e Sa\u00fade do Idoso Nossa Senhora das Merc\u00eas, em \u00e1rea ao lado do hospital.<\/p>\n\n\n\n<figure class=\"wp-block-image size-large\"><img fetchpriority=\"high\" decoding=\"async\" width=\"1024\" height=\"683\" src=\"https:\/\/noticiarioregional.com.br\/wp-content\/uploads\/2025\/10\/Paula-Schneiders-Renato-Celante-e-Mario-Klamt-em-visita-ao-Centro-de-Repouso-sendo-construido-ao-lado-do-hospital-1024x683.jpg\" alt=\"\" class=\"wp-image-7883\" srcset=\"https:\/\/noticiarioregional.com.br\/wp-content\/uploads\/2025\/10\/Paula-Schneiders-Renato-Celante-e-Mario-Klamt-em-visita-ao-Centro-de-Repouso-sendo-construido-ao-lado-do-hospital-1024x683.jpg 1024w, https:\/\/noticiarioregional.com.br\/wp-content\/uploads\/2025\/10\/Paula-Schneiders-Renato-Celante-e-Mario-Klamt-em-visita-ao-Centro-de-Repouso-sendo-construido-ao-lado-do-hospital-300x200.jpg 300w, https:\/\/noticiarioregional.com.br\/wp-content\/uploads\/2025\/10\/Paula-Schneiders-Renato-Celante-e-Mario-Klamt-em-visita-ao-Centro-de-Repouso-sendo-construido-ao-lado-do-hospital-768x512.jpg 768w, https:\/\/noticiarioregional.com.br\/wp-content\/uploads\/2025\/10\/Paula-Schneiders-Renato-Celante-e-Mario-Klamt-em-visita-ao-Centro-de-Repouso-sendo-construido-ao-lado-do-hospital-1536x1024.jpg 1536w, https:\/\/noticiarioregional.com.br\/wp-content\/uploads\/2025\/10\/Paula-Schneiders-Renato-Celante-e-Mario-Klamt-em-visita-ao-Centro-de-Repouso-sendo-construido-ao-lado-do-hospital-2048x1365.jpg 2048w, https:\/\/noticiarioregional.com.br\/wp-content\/uploads\/2025\/10\/Paula-Schneiders-Renato-Celante-e-Mario-Klamt-em-visita-ao-Centro-de-Repouso-sendo-construido-ao-lado-do-hospital-150x100.jpg 150w, https:\/\/noticiarioregional.com.br\/wp-content\/uploads\/2025\/10\/Paula-Schneiders-Renato-Celante-e-Mario-Klamt-em-visita-ao-Centro-de-Repouso-sendo-construido-ao-lado-do-hospital-450x300.jpg 450w, https:\/\/noticiarioregional.com.br\/wp-content\/uploads\/2025\/10\/Paula-Schneiders-Renato-Celante-e-Mario-Klamt-em-visita-ao-Centro-de-Repouso-sendo-construido-ao-lado-do-hospital-1200x800.jpg 1200w\" sizes=\"(max-width: 1024px) 100vw, 1024px\" \/><figcaption class=\"wp-element-caption\"><strong><em>Paula Schneiders, Renato Celante e M\u00e1rio Klamt em visita ao Centro de Repouso sendo constru\u00eddo ao lado do hospital<\/em><\/strong><\/figcaption><\/figure>\n\n\n\n<p>A coordenadora da comiss\u00e3o de constru\u00e7\u00e3o do Centro, Paula Schneiders, destaca que neste m\u00eas de outubro a obra completa dois anos desde o seu in\u00edcio. Os recursos principais para a edifica\u00e7\u00e3o, at\u00e9 o momento, foram obtidos do or\u00e7amento do Governo do Estado, atrav\u00e9s da articula\u00e7\u00e3o do deputado Marcos Vieira, do PSDB. O valor j\u00e1 liberado soma R$ 2,5 milh\u00f5es, e mais um montante de R$ 600 mil ser\u00e1 liberado em parcelas, tamb\u00e9m por intermedia\u00e7\u00e3o do deputado Marcos, totalizando R$ 3,1 milh\u00f5es. Se somam aos recursos v\u00e1rias doa\u00e7\u00f5es j\u00e1 feitas por pessoas da comunidade. Paula complementa que em setembro o deputado Marcos Vieira esteve no munic\u00edpio, quando visitou a obra em andamento e se mostrou satisfeito com o que j\u00e1 foi executado.<\/p>\n\n\n\n<p>M\u00e1rio Klamt, presidente do hospital, destaca que a execu\u00e7\u00e3o da obra segue o que estava previsto inicialmente, nesta etapa em que se encontra com telhado em parte da constru\u00e7\u00e3o. Lembra que por um per\u00edodo foi necess\u00e1rio remanejar os profissionais que est\u00e3o trabalhando na constru\u00e7\u00e3o do Centro para se dedicarem \u00e0 obra de amplia\u00e7\u00e3o em andamento no hospital, considerando os prazos para conclus\u00e3o destas melhorias.<\/p>\n\n\n\n<figure class=\"wp-block-image size-large\"><img decoding=\"async\" width=\"1024\" height=\"768\" src=\"https:\/\/noticiarioregional.com.br\/wp-content\/uploads\/2025\/10\/Liderancas-ligadas-ao-hospital-com-deputado-Marcos-Vieira-durante-visita-do-parlamentar-ao-municipio-1024x768.jpg\" alt=\"\" class=\"wp-image-7884\" srcset=\"https:\/\/noticiarioregional.com.br\/wp-content\/uploads\/2025\/10\/Liderancas-ligadas-ao-hospital-com-deputado-Marcos-Vieira-durante-visita-do-parlamentar-ao-municipio-1024x768.jpg 1024w, https:\/\/noticiarioregional.com.br\/wp-content\/uploads\/2025\/10\/Liderancas-ligadas-ao-hospital-com-deputado-Marcos-Vieira-durante-visita-do-parlamentar-ao-municipio-300x225.jpg 300w, https:\/\/noticiarioregional.com.br\/wp-content\/uploads\/2025\/10\/Liderancas-ligadas-ao-hospital-com-deputado-Marcos-Vieira-durante-visita-do-parlamentar-ao-municipio-768x576.jpg 768w, https:\/\/noticiarioregional.com.br\/wp-content\/uploads\/2025\/10\/Liderancas-ligadas-ao-hospital-com-deputado-Marcos-Vieira-durante-visita-do-parlamentar-ao-municipio-150x113.jpg 150w, https:\/\/noticiarioregional.com.br\/wp-content\/uploads\/2025\/10\/Liderancas-ligadas-ao-hospital-com-deputado-Marcos-Vieira-durante-visita-do-parlamentar-ao-municipio-450x338.jpg 450w, https:\/\/noticiarioregional.com.br\/wp-content\/uploads\/2025\/10\/Liderancas-ligadas-ao-hospital-com-deputado-Marcos-Vieira-durante-visita-do-parlamentar-ao-municipio-1200x900.jpg 1200w, https:\/\/noticiarioregional.com.br\/wp-content\/uploads\/2025\/10\/Liderancas-ligadas-ao-hospital-com-deputado-Marcos-Vieira-durante-visita-do-parlamentar-ao-municipio.jpg 1280w\" sizes=\"(max-width: 1024px) 100vw, 1024px\" \/><figcaption class=\"wp-element-caption\"><strong><em>Lideran\u00e7as ligadas ao hospital, com deputado Marcos Vieira, durante visita do parlamentar ao munic\u00edpio<\/em><\/strong><br><strong><em>&#8211; Nova Esta\u00e7\u00e3o de Tratamento de Fluentes L\u00edquidos<\/em><\/strong><\/figcaption><\/figure>\n\n\n\n<p>A comiss\u00e3o j\u00e1 trabalha na defini\u00e7\u00e3o e elabora\u00e7\u00e3o dos or\u00e7amentos para a conclus\u00e3o de todo o Centro, que contempla ainda os pisos, reboco, estrutura el\u00e9trica, a instala\u00e7\u00e3o das aberturas, pintura e os acabamentos em si. Dessa forma, o presidente do hospital ressalta que n\u00e3o \u00e9 poss\u00edvel citar prazos para finalizar a obra, o que depende da capta\u00e7\u00e3o e disponibilidade dos recursos, al\u00e9m de fatores externos como a condi\u00e7\u00e3o clim\u00e1tica. Doa\u00e7\u00f5es para o Centro continuam sendo aceitas, e interessados em contribuir podem procurar a diretoria do hospital ou os integrantes da comiss\u00e3o de constru\u00e7\u00e3o.<\/p>\n\n\n\n<p><strong>Nova Esta\u00e7\u00e3o de<\/strong><\/p>\n\n\n\n<p><strong>Tratamento de Fluentes L\u00edquidos<\/strong><\/p>\n\n\n\n<p>A partir da necessidade que o hospital sentiu de ampliar, adequar e modernizar a Esta\u00e7\u00e3o de Tratamento de Fluentes L\u00edquidos, foi contratada empresa especializada para elaborar projeto e executar a obra. No dia 18 de setembro ocorreu a entrega t\u00e9cnica desta nova esta\u00e7\u00e3o, localizada ao lado do hospital. O investimento foi de R$ 110 mil. Com as adequa\u00e7\u00f5es, a esta\u00e7\u00e3o atende a todas as exig\u00eancias ambientais, e contempla o Plano de Gerenciamento dos Res\u00edduos, o programa de Esta\u00e7\u00e3o de Tratamento, o programa de Monitoramento da Esta\u00e7\u00e3o e do Tratamento de Esgoto.<\/p>\n\n\n\n<figure class=\"wp-block-image size-large\"><img decoding=\"async\" width=\"1024\" height=\"683\" src=\"https:\/\/noticiarioregional.com.br\/wp-content\/uploads\/2025\/10\/Nova-Estacao-de-Tratamento-de-Fluentes-Liquidos-concluida-em-setembro-1024x683.jpg\" alt=\"\" class=\"wp-image-7885\" srcset=\"https:\/\/noticiarioregional.com.br\/wp-content\/uploads\/2025\/10\/Nova-Estacao-de-Tratamento-de-Fluentes-Liquidos-concluida-em-setembro-1024x683.jpg 1024w, https:\/\/noticiarioregional.com.br\/wp-content\/uploads\/2025\/10\/Nova-Estacao-de-Tratamento-de-Fluentes-Liquidos-concluida-em-setembro-300x200.jpg 300w, https:\/\/noticiarioregional.com.br\/wp-content\/uploads\/2025\/10\/Nova-Estacao-de-Tratamento-de-Fluentes-Liquidos-concluida-em-setembro-768x512.jpg 768w, https:\/\/noticiarioregional.com.br\/wp-content\/uploads\/2025\/10\/Nova-Estacao-de-Tratamento-de-Fluentes-Liquidos-concluida-em-setembro-1536x1024.jpg 1536w, https:\/\/noticiarioregional.com.br\/wp-content\/uploads\/2025\/10\/Nova-Estacao-de-Tratamento-de-Fluentes-Liquidos-concluida-em-setembro-2048x1365.jpg 2048w, https:\/\/noticiarioregional.com.br\/wp-content\/uploads\/2025\/10\/Nova-Estacao-de-Tratamento-de-Fluentes-Liquidos-concluida-em-setembro-150x100.jpg 150w, https:\/\/noticiarioregional.com.br\/wp-content\/uploads\/2025\/10\/Nova-Estacao-de-Tratamento-de-Fluentes-Liquidos-concluida-em-setembro-450x300.jpg 450w, https:\/\/noticiarioregional.com.br\/wp-content\/uploads\/2025\/10\/Nova-Estacao-de-Tratamento-de-Fluentes-Liquidos-concluida-em-setembro-1200x800.jpg 1200w\" sizes=\"(max-width: 1024px) 100vw, 1024px\" \/><figcaption class=\"wp-element-caption\">Nova Esta\u00e7\u00e3o de Tratamento de Fluentes L\u00edquidos conclu\u00edda em setembro<\/figcaption><\/figure>\n\n\n\n<p><strong>Obras de amplia\u00e7\u00e3o e novos servi\u00e7os<\/strong><\/p>\n\n\n\n<p>Ainda no m\u00eas de julho iniciaram as obras de amplia\u00e7\u00e3o no hospital, para melhoria dos espa\u00e7os e constru\u00e7\u00e3o de novas salas. O diretor da institui\u00e7\u00e3o, Renato Celante, explica que ser\u00e3o novas salas para instala\u00e7\u00e3o de um novo tom\u00f3grafo e dos aparelhos de endoscopia e colonoscopia. As obras est\u00e3o sendo feitas com recursos pr\u00f3prios da institui\u00e7\u00e3o, com investimento estimado em cerca de R$ 400 mil.&nbsp; O munic\u00edpio auxiliou nos servi\u00e7os de m\u00e1quinas para prepara\u00e7\u00e3o do terreno e posteriormente no cascalhamento que ser\u00e1 feito.<\/p>\n\n\n\n<figure class=\"wp-block-image size-large\"><img loading=\"lazy\" decoding=\"async\" width=\"1024\" height=\"683\" src=\"https:\/\/noticiarioregional.com.br\/wp-content\/uploads\/2025\/10\/Obras-de-ampliacao-no-hospital-contemplam-a-construcao-de-novas-salas-para-instalacao-de-novos-aparelhos-1024x683.jpg\" alt=\"\" class=\"wp-image-7886\" srcset=\"https:\/\/noticiarioregional.com.br\/wp-content\/uploads\/2025\/10\/Obras-de-ampliacao-no-hospital-contemplam-a-construcao-de-novas-salas-para-instalacao-de-novos-aparelhos-1024x683.jpg 1024w, https:\/\/noticiarioregional.com.br\/wp-content\/uploads\/2025\/10\/Obras-de-ampliacao-no-hospital-contemplam-a-construcao-de-novas-salas-para-instalacao-de-novos-aparelhos-300x200.jpg 300w, https:\/\/noticiarioregional.com.br\/wp-content\/uploads\/2025\/10\/Obras-de-ampliacao-no-hospital-contemplam-a-construcao-de-novas-salas-para-instalacao-de-novos-aparelhos-768x512.jpg 768w, https:\/\/noticiarioregional.com.br\/wp-content\/uploads\/2025\/10\/Obras-de-ampliacao-no-hospital-contemplam-a-construcao-de-novas-salas-para-instalacao-de-novos-aparelhos-1536x1024.jpg 1536w, https:\/\/noticiarioregional.com.br\/wp-content\/uploads\/2025\/10\/Obras-de-ampliacao-no-hospital-contemplam-a-construcao-de-novas-salas-para-instalacao-de-novos-aparelhos-2048x1365.jpg 2048w, https:\/\/noticiarioregional.com.br\/wp-content\/uploads\/2025\/10\/Obras-de-ampliacao-no-hospital-contemplam-a-construcao-de-novas-salas-para-instalacao-de-novos-aparelhos-150x100.jpg 150w, https:\/\/noticiarioregional.com.br\/wp-content\/uploads\/2025\/10\/Obras-de-ampliacao-no-hospital-contemplam-a-construcao-de-novas-salas-para-instalacao-de-novos-aparelhos-450x300.jpg 450w, https:\/\/noticiarioregional.com.br\/wp-content\/uploads\/2025\/10\/Obras-de-ampliacao-no-hospital-contemplam-a-construcao-de-novas-salas-para-instalacao-de-novos-aparelhos-1200x800.jpg 1200w\" sizes=\"(max-width: 1024px) 100vw, 1024px\" \/><figcaption class=\"wp-element-caption\">Obras de amplia\u00e7\u00e3o no hospital contemplam a constru\u00e7\u00e3o de novas salas para instala\u00e7\u00e3o de novos aparelhos<\/figcaption><\/figure>\n\n\n\n<p>Renato comenta que o tom\u00f3grafo j\u00e1 foi licitado, e a aquisi\u00e7\u00e3o ser\u00e1 com recursos do governo do estado, mas destinados para o munic\u00edpio que realizou a licita\u00e7\u00e3o, no valor de R$ 1,1 milh\u00e3o. O aparelho para os exames de endoscopia e colonoscopia j\u00e1 foi adquirido, tamb\u00e9m com recursos pr\u00f3prios do hospital no valor de R$ 200 mil. O diretor lembra que os profissionais que ir\u00e3o manusear os aparelhos tamb\u00e9m j\u00e1 est\u00e3o definidos.<\/p>\n\n\n\n<p>Est\u00e1 prevista ainda uma readequa\u00e7\u00e3o interna para instala\u00e7\u00e3o do aparelho de Raio-X em nova sala. O local onde hoje est\u00e1 o Raio \u2013 X ser\u00e1 a sala de recupera\u00e7\u00e3o p\u00f3s-anest\u00e9sico ap\u00f3s os procedimentos de endoscopia e colonoscopia.<\/p>\n\n\n\n<p>Renato acrescenta que ser\u00e3o tr\u00eas novos servi\u00e7os prestados a popula\u00e7\u00e3o, com os aparelhos de tomografia, endoscopia e colonoscopia, que ir\u00e3o trazer maior agilidade e conforto no atendimento aos pacientes, bem como, retorno financeiro para a manuten\u00e7\u00e3o do hospital.<\/p>\n\n\n\n<p>O presidente do hospital, M\u00e1rio Klamt, complementa que ap\u00f3s a conclus\u00e3o desta primeira etapa, as obras avan\u00e7am para amplia\u00e7\u00e3o do centro cir\u00fargico, o setor administrativo, cozinha, farm\u00e1cia e laborat\u00f3rio. Internamente, nas duas alas de interna\u00e7\u00e3o os banheiros tamb\u00e9m ser\u00e3o alterados para adequa\u00e7\u00e3o as normas de acessibilidade.<\/p>\n","protected":false},"excerpt":{"rendered":"<p>Ipor\u00e3 do Oeste \u2013 O Hospital Nossa Senhora das Merc\u00eas est\u00e1 passando por v\u00e1rias obras de amplia\u00e7\u00e3o e adequa\u00e7\u00e3o para melhorar a estrutura, e consequentemente o atendimento \u00e0 popula\u00e7\u00e3o. Fazendo parte dos projetos da institui\u00e7\u00e3o, est\u00e1 a constru\u00e7\u00e3o do Centro de Repouso e Sa\u00fade do Idoso Nossa Senhora das Merc\u00eas, em \u00e1rea ao lado do<\/p>\n","protected":false},"author":1,"featured_media":7882,"comment_status":"open","ping_status":"open","sticky":false,"template":"","format":"standard","meta":{"footnotes":""},"categories":[41],"tags":[],"class_list":{"0":"post-7881","1":"post","2":"type-post","3":"status-publish","4":"format-standard","5":"has-post-thumbnail","7":"category-noticias"},"_links":{"self":[{"href":"https:\/\/noticiarioregional.com.br\/index.php?rest_route=\/wp\/v2\/posts\/7881","targetHints":{"allow":["GET"]}}],"collection":[{"href":"https:\/\/noticiarioregional.com.br\/index.php?rest_route=\/wp\/v2\/posts"}],"about":[{"href":"https:\/\/noticiarioregional.com.br\/index.php?rest_route=\/wp\/v2\/types\/post"}],"author":[{"embeddable":true,"href":"https:\/\/noticiarioregional.com.br\/index.php?rest_route=\/wp\/v2\/users\/1"}],"replies":[{"embeddable":true,"href":"https:\/\/noticiarioregional.com.br\/index.php?rest_route=%2Fwp%2Fv2%2Fcomments&post=7881"}],"version-history":[{"count":1,"href":"https:\/\/noticiarioregional.com.br\/index.php?rest_route=\/wp\/v2\/posts\/7881\/revisions"}],"predecessor-version":[{"id":7887,"href":"https:\/\/noticiarioregional.com.br\/index.php?rest_route=\/wp\/v2\/posts\/7881\/revisions\/7887"}],"wp:featuredmedia":[{"embeddable":true,"href":"https:\/\/noticiarioregional.com.br\/index.php?rest_route=\/wp\/v2\/media\/7882"}],"wp:attachment":[{"href":"https:\/\/noticiarioregional.com.br\/index.php?rest_route=%2Fwp%2Fv2%2Fmedia&parent=7881"}],"wp:term":[{"taxonomy":"category","embeddable":true,"href":"https:\/\/noticiarioregional.com.br\/index.php?rest_route=%2Fwp%2Fv2%2Fcategories&post=7881"},{"taxonomy":"post_tag","embeddable":true,"href":"https:\/\/noticiarioregional.com.br\/index.php?rest_route=%2Fwp%2Fv2%2Ftags&post=7881"}],"curies":[{"name":"wp","href":"https:\/\/api.w.org\/{rel}","templated":true}]}}