{"id":7888,"date":"2025-10-22T11:44:04","date_gmt":"2025-10-22T14:44:04","guid":{"rendered":"https:\/\/noticiarioregional.com.br\/?p=7888"},"modified":"2025-10-22T11:44:06","modified_gmt":"2025-10-22T14:44:06","slug":"atelie-edina-barc-da-sala-apertada-ao-espaco-proprio-uma-historia-de-dedicacao-e-amor-pelo-artesanato","status":"publish","type":"post","link":"https:\/\/noticiarioregional.com.br\/?p=7888","title":{"rendered":"Ateli\u00ea Edina Barc: da sala apertada ao espa\u00e7o pr\u00f3prio, uma hist\u00f3ria de dedica\u00e7\u00e3o\u00a0e amor pelo artesanato"},"content":{"rendered":"\n<p><strong>Monda\u00ed &#8211;<\/strong> No dia 13 de setembro, foi inaugurado oficialmente o Ateli\u00ea Edina Artesanatos e Bordados, localizado na Rua S\u00e3o Pedro, n\u00ba 66, no Bairro Capivara. O novo espa\u00e7o representa n\u00e3o apenas um empreendimento, mas tamb\u00e9m a concretiza\u00e7\u00e3o de um sonho constru\u00eddo com persist\u00eancia, paix\u00e3o pelo artesanato e supera\u00e7\u00e3o pessoal.<\/p>\n\n\n\n<p>Edina conta que sua trajet\u00f3ria come\u00e7ou de forma simples, em um pequeno espa\u00e7o de apenas 2,5m x 2,5m, que utilizava nos momentos livres, como uma renda extra, j\u00e1 que trabalhava fora. \u201c<em>Foram mais de tr\u00eas anos nesse cantinho apertadinho, produzindo fora de hora, porque o artesanato sempre foi algo que me acompanhou. Mas este ano decidi parar de trabalhar fora e me dedicar exclusivamente ao ateli\u00ea e ao meu filho, que tamb\u00e9m precisa da minha aten\u00e7\u00e3o<\/em>\u201d, relembra.<\/p>\n\n\n\n<p>Segundo ela, a decis\u00e3o foi motivada, principalmente, por quest\u00f5es de sa\u00fade. \u201c<em>Minha ansiedade estava pesando bastante. Ent\u00e3o, resolvi transformar o artesanato em atividade principal. Foi uma escolha tanto pela sa\u00fade quanto pela realiza\u00e7\u00e3o pessoal<\/em>.\u201d Edina recorda que desde crian\u00e7a j\u00e1 se encantava pelo mundo das cria\u00e7\u00f5es manuais. \u201c<em>Eu fazia roupinhas de boneca, gostava de inventar coisas. Minha m\u00e3e sempre fez croch\u00ea, mas n\u00e3o me identifiquei muito. J\u00e1 o patchwork e outras t\u00e9cnicas me atra\u00edam bastante. Durante a pandemia, ganhei minha primeira m\u00e1quina de costura e comecei a produzir m\u00e1scaras, o que me incentivou a investir em novas m\u00e1quinas e ampliar os servi\u00e7os<\/em>.\u201d<\/p>\n\n\n\n<p>O investimento foi crescendo aos poucos: da m\u00e1quina dom\u00e9stica para a reta industrial, da bordadeira \u00e0 overloque, at\u00e9 chegar ao atual conjunto de seis a sete m\u00e1quinas que hoje d\u00e3o suporte \u00e0 produ\u00e7\u00e3o.<\/p>\n\n\n\n<p>O Ateli\u00ea Edina Barc oferece uma ampla variedade de produtos: bolsas, kits de avental, lixeirinhas, saias juninas, jogos de tapete, toalhas bordadas, itens de beb\u00ea como enxovais, capas t\u00e9rmicas, porta-pratos e pe\u00e7as personalizadas. O bordado, no entanto, \u00e9 considerado o grande diferencial. \u201c<em>Trabalho bastante com o bordado personalizado em toalhas, capas e outros itens. A ideia \u00e9 que o cliente encontre tudo no mesmo lugar, sem precisar trazer pe\u00e7as de fora. Isso facilita e garante que o resultado fique exatamente como desejado<\/em>\u201d, explica.<\/p>\n\n\n\n<p>Al\u00e9m da produ\u00e7\u00e3o, Edina destaca o bom atendimento e a aten\u00e7\u00e3o ao cliente como marcas registradas do ateli\u00ea. \u201c<em>Muita gente chega sem saber o que comprar de presente, e eu ajudo a escolher. Sempre d\u00e1 para encontrar algo aqui. Tamb\u00e9m tenho uma linha de produtos da Victoria\u2019s Secret dispon\u00edvel<\/em>.\u201d<\/p>\n\n\n\n<p>O ambiente do ateli\u00ea foi pensado para ser aconchegante e funcional, permitindo que o p\u00fablico se sinta bem-vindo. Edina atende em hor\u00e1rio comercial, com exce\u00e7\u00e3o das quartas e quintas \u00e0 tarde, quando se desloca at\u00e9 S\u00e3o Miguel. Nos demais dias, o atendimento pode ser feito de forma presencial, pelo WhatsApp (49) 9 9195-8611 ou pelo Instagram @edinaartesanatosebordados.<\/p>\n\n\n\n<p>Com cerca de seis anos de experi\u00eancia no artesanato, Edina ressalta que grande parte do que aprendeu veio de forma autodidata, por meio da internet e de trocas com amigas da \u00e1rea. \u201c<em>At\u00e9 hoje busco dicas, compartilho ideias e troco experi\u00eancias com amigas artes\u00e3s. Isso \u00e9 algo que fortalece muito o trabalho<\/em>.\u201d<\/p>\n\n\n\n<figure class=\"wp-block-gallery has-nested-images columns-default is-cropped wp-block-gallery-1 is-layout-flex wp-block-gallery-is-layout-flex\">\n<figure class=\"wp-block-image size-large\"><img fetchpriority=\"high\" decoding=\"async\" width=\"768\" height=\"1024\" data-id=\"7890\" src=\"https:\/\/noticiarioregional.com.br\/wp-content\/uploads\/2025\/10\/WhatsApp-Image-2025-10-01-at-14.52.31-768x1024.jpeg\" alt=\"\" class=\"wp-image-7890\" srcset=\"https:\/\/noticiarioregional.com.br\/wp-content\/uploads\/2025\/10\/WhatsApp-Image-2025-10-01-at-14.52.31-768x1024.jpeg 768w, https:\/\/noticiarioregional.com.br\/wp-content\/uploads\/2025\/10\/WhatsApp-Image-2025-10-01-at-14.52.31-225x300.jpeg 225w, https:\/\/noticiarioregional.com.br\/wp-content\/uploads\/2025\/10\/WhatsApp-Image-2025-10-01-at-14.52.31-1152x1536.jpeg 1152w, https:\/\/noticiarioregional.com.br\/wp-content\/uploads\/2025\/10\/WhatsApp-Image-2025-10-01-at-14.52.31-150x200.jpeg 150w, https:\/\/noticiarioregional.com.br\/wp-content\/uploads\/2025\/10\/WhatsApp-Image-2025-10-01-at-14.52.31-450x600.jpeg 450w, https:\/\/noticiarioregional.com.br\/wp-content\/uploads\/2025\/10\/WhatsApp-Image-2025-10-01-at-14.52.31.jpeg 1200w\" sizes=\"(max-width: 768px) 100vw, 768px\" \/><\/figure>\n\n\n\n<figure class=\"wp-block-image size-large\"><img decoding=\"async\" width=\"768\" height=\"1024\" data-id=\"7892\" src=\"https:\/\/noticiarioregional.com.br\/wp-content\/uploads\/2025\/10\/WhatsApp-Image-2025-10-01-at-14.52.32-768x1024.jpeg\" alt=\"\" class=\"wp-image-7892\" srcset=\"https:\/\/noticiarioregional.com.br\/wp-content\/uploads\/2025\/10\/WhatsApp-Image-2025-10-01-at-14.52.32-768x1024.jpeg 768w, https:\/\/noticiarioregional.com.br\/wp-content\/uploads\/2025\/10\/WhatsApp-Image-2025-10-01-at-14.52.32-225x300.jpeg 225w, https:\/\/noticiarioregional.com.br\/wp-content\/uploads\/2025\/10\/WhatsApp-Image-2025-10-01-at-14.52.32-1152x1536.jpeg 1152w, https:\/\/noticiarioregional.com.br\/wp-content\/uploads\/2025\/10\/WhatsApp-Image-2025-10-01-at-14.52.32-150x200.jpeg 150w, https:\/\/noticiarioregional.com.br\/wp-content\/uploads\/2025\/10\/WhatsApp-Image-2025-10-01-at-14.52.32-450x600.jpeg 450w, https:\/\/noticiarioregional.com.br\/wp-content\/uploads\/2025\/10\/WhatsApp-Image-2025-10-01-at-14.52.32.jpeg 1200w\" sizes=\"(max-width: 768px) 100vw, 768px\" \/><\/figure>\n\n\n\n<figure class=\"wp-block-image size-large\"><img decoding=\"async\" width=\"768\" height=\"1024\" data-id=\"7891\" src=\"https:\/\/noticiarioregional.com.br\/wp-content\/uploads\/2025\/10\/WhatsApp-Image-2025-10-01-at-14.52.33-768x1024.jpeg\" alt=\"\" class=\"wp-image-7891\" srcset=\"https:\/\/noticiarioregional.com.br\/wp-content\/uploads\/2025\/10\/WhatsApp-Image-2025-10-01-at-14.52.33-768x1024.jpeg 768w, https:\/\/noticiarioregional.com.br\/wp-content\/uploads\/2025\/10\/WhatsApp-Image-2025-10-01-at-14.52.33-225x300.jpeg 225w, https:\/\/noticiarioregional.com.br\/wp-content\/uploads\/2025\/10\/WhatsApp-Image-2025-10-01-at-14.52.33-1152x1536.jpeg 1152w, https:\/\/noticiarioregional.com.br\/wp-content\/uploads\/2025\/10\/WhatsApp-Image-2025-10-01-at-14.52.33-150x200.jpeg 150w, https:\/\/noticiarioregional.com.br\/wp-content\/uploads\/2025\/10\/WhatsApp-Image-2025-10-01-at-14.52.33-450x600.jpeg 450w, https:\/\/noticiarioregional.com.br\/wp-content\/uploads\/2025\/10\/WhatsApp-Image-2025-10-01-at-14.52.33.jpeg 1200w\" sizes=\"(max-width: 768px) 100vw, 768px\" \/><\/figure>\n<\/figure>\n\n\n\n<p><\/p>\n","protected":false},"excerpt":{"rendered":"<p>Monda\u00ed &#8211; No dia 13 de setembro, foi inaugurado oficialmente o Ateli\u00ea Edina Artesanatos e Bordados, localizado na Rua S\u00e3o Pedro, n\u00ba 66, no Bairro Capivara. O novo espa\u00e7o representa n\u00e3o apenas um empreendimento, mas tamb\u00e9m a concretiza\u00e7\u00e3o de um sonho constru\u00eddo com persist\u00eancia, paix\u00e3o pelo artesanato e supera\u00e7\u00e3o pessoal. Edina conta que sua trajet\u00f3ria<\/p>\n","protected":false},"author":1,"featured_media":7889,"comment_status":"open","ping_status":"open","sticky":false,"template":"","format":"standard","meta":{"footnotes":""},"categories":[41],"tags":[],"class_list":{"0":"post-7888","1":"post","2":"type-post","3":"status-publish","4":"format-standard","5":"has-post-thumbnail","7":"category-noticias"},"_links":{"self":[{"href":"https:\/\/noticiarioregional.com.br\/index.php?rest_route=\/wp\/v2\/posts\/7888","targetHints":{"allow":["GET"]}}],"collection":[{"href":"https:\/\/noticiarioregional.com.br\/index.php?rest_route=\/wp\/v2\/posts"}],"about":[{"href":"https:\/\/noticiarioregional.com.br\/index.php?rest_route=\/wp\/v2\/types\/post"}],"author":[{"embeddable":true,"href":"https:\/\/noticiarioregional.com.br\/index.php?rest_route=\/wp\/v2\/users\/1"}],"replies":[{"embeddable":true,"href":"https:\/\/noticiarioregional.com.br\/index.php?rest_route=%2Fwp%2Fv2%2Fcomments&post=7888"}],"version-history":[{"count":1,"href":"https:\/\/noticiarioregional.com.br\/index.php?rest_route=\/wp\/v2\/posts\/7888\/revisions"}],"predecessor-version":[{"id":7893,"href":"https:\/\/noticiarioregional.com.br\/index.php?rest_route=\/wp\/v2\/posts\/7888\/revisions\/7893"}],"wp:featuredmedia":[{"embeddable":true,"href":"https:\/\/noticiarioregional.com.br\/index.php?rest_route=\/wp\/v2\/media\/7889"}],"wp:attachment":[{"href":"https:\/\/noticiarioregional.com.br\/index.php?rest_route=%2Fwp%2Fv2%2Fmedia&parent=7888"}],"wp:term":[{"taxonomy":"category","embeddable":true,"href":"https:\/\/noticiarioregional.com.br\/index.php?rest_route=%2Fwp%2Fv2%2Fcategories&post=7888"},{"taxonomy":"post_tag","embeddable":true,"href":"https:\/\/noticiarioregional.com.br\/index.php?rest_route=%2Fwp%2Fv2%2Ftags&post=7888"}],"curies":[{"name":"wp","href":"https:\/\/api.w.org\/{rel}","templated":true}]}}