{"id":7894,"date":"2025-10-22T11:46:52","date_gmt":"2025-10-22T14:46:52","guid":{"rendered":"https:\/\/noticiarioregional.com.br\/?p=7894"},"modified":"2025-10-22T11:46:54","modified_gmt":"2025-10-22T14:46:54","slug":"voluntarios-de-sao-joao-do-oeste-fundam-associacao-voz-dos-inocentes","status":"publish","type":"post","link":"https:\/\/noticiarioregional.com.br\/?p=7894","title":{"rendered":"Volunt\u00e1rios de S\u00e3o Jo\u00e3o do Oeste fundam Associa\u00e7\u00e3o Voz dos Inocentes"},"content":{"rendered":"\n<p class=\"has-larger-font-size\"><em>Entidade tem como foco o bem-estar animal<\/em><\/p>\n\n\n\n<p><strong>S\u00e3o Jo\u00e3o do Oeste<\/strong> \u2013 A partir da iniciativa de um pequeno grupo de pessoas, preocupadas com o bem-estar e a causa animal, e situa\u00e7\u00f5es como abandono e maus-tratos registrados no munic\u00edpio, foi fundada nos \u00faltimos dias a Associa\u00e7\u00e3o Voz dos Inocentes. Uma das incentivadoras para funda\u00e7\u00e3o da entidade no munic\u00edpio foi Rosane Muller, que \u00e9 uma das fundadoras e ainda hoje volunt\u00e1ria da ONG ASANIO de Ipor\u00e3 do Oeste.<\/p>\n\n\n\n<p>Como presidente da Associa\u00e7\u00e3o foi definida a veterin\u00e1ria Greici da Silva. Os demais membros da diretoria s\u00e3o: vice-presidente M\u00e1rcia Stuelp; secret\u00e1ria Denise Ereno; vice-secret\u00e1ria Adriana Alles; tesoureira Daniela Werlang; vice-tesoureira Zana; conselho fiscal Fabiane, Cleuzinha e Margarete; suplentes Silvana, Daya e \u00c1urea e setor de Marketing Nicole e Manu.<\/p>\n\n\n\n<p>A presidente destaca que foram convidadas para participar da ONG pessoas com interesse e afinidade na causa animal, mas o grupo est\u00e1 aberto a mais volunt\u00e1rios que tiverem disponibilidade e vontade de auxiliar. No momento a Associa\u00e7\u00e3o ainda est\u00e1 providenciando as quest\u00f5es burocr\u00e1ticas de regulariza\u00e7\u00e3o, mas j\u00e1 disp\u00f5e de p\u00e1gina do Instagram, onde podem ser acompanhadas as atividades desenvolvidas.<\/p>\n\n\n\n<p>Greici comenta que no s\u00e1bado, 04 de outubro, Dia dos Animais e de S\u00e3o Francisco de Assis, a Associa\u00e7\u00e3o promoveu a sua primeira atividade que foi a ben\u00e7\u00e3o aos animais proferida pelo padre Hugo, em parceria com a par\u00f3quia S\u00e3o Jo\u00e3o Berchmans. O evento registrou participa\u00e7\u00e3o expressiva de pessoas que trouxeram seus animais para receberem a ben\u00e7\u00e3o. A presidente acrescenta que as pr\u00f3ximas atividades j\u00e1 est\u00e3o sendo planejadas, tamb\u00e9m com a finalidade da arrecada\u00e7\u00e3o de recursos para manuten\u00e7\u00e3o da entidade.&nbsp; <em>\u201cO objetivo principal da ONG \u00e9 fazer o controle populacional de animais, atrav\u00e9s de castra\u00e7\u00f5es, tamb\u00e9m a conscientiza\u00e7\u00e3o dos tutores e pessoas em geral para o bem-estar animal\u201d,<\/em> ressalta a presidente Greici.<\/p>\n\n\n\n<figure class=\"wp-block-image size-full\"><img fetchpriority=\"high\" decoding=\"async\" width=\"500\" height=\"500\" src=\"https:\/\/noticiarioregional.com.br\/wp-content\/uploads\/2025\/10\/Logomarca-da-Associacao-Voz-dos-Inocentes-de-Sao-Joao-do-Oeste.jpg\" alt=\"\" class=\"wp-image-7895\" srcset=\"https:\/\/noticiarioregional.com.br\/wp-content\/uploads\/2025\/10\/Logomarca-da-Associacao-Voz-dos-Inocentes-de-Sao-Joao-do-Oeste.jpg 500w, https:\/\/noticiarioregional.com.br\/wp-content\/uploads\/2025\/10\/Logomarca-da-Associacao-Voz-dos-Inocentes-de-Sao-Joao-do-Oeste-300x300.jpg 300w, https:\/\/noticiarioregional.com.br\/wp-content\/uploads\/2025\/10\/Logomarca-da-Associacao-Voz-dos-Inocentes-de-Sao-Joao-do-Oeste-150x150.jpg 150w, https:\/\/noticiarioregional.com.br\/wp-content\/uploads\/2025\/10\/Logomarca-da-Associacao-Voz-dos-Inocentes-de-Sao-Joao-do-Oeste-450x450.jpg 450w\" sizes=\"(max-width: 500px) 100vw, 500px\" \/><figcaption class=\"wp-element-caption\"><strong><em>Logomarca da Associa\u00e7\u00e3o Voz dos Inocentes de S\u00e3o Jo\u00e3o do Oeste<\/em><\/strong><\/figcaption><\/figure>\n\n\n\n<p><\/p>\n","protected":false},"excerpt":{"rendered":"<p>Entidade tem como foco o bem-estar animal S\u00e3o Jo\u00e3o do Oeste \u2013 A partir da iniciativa de um pequeno grupo de pessoas, preocupadas com o bem-estar e a causa animal, e situa\u00e7\u00f5es como abandono e maus-tratos registrados no munic\u00edpio, foi fundada nos \u00faltimos dias a Associa\u00e7\u00e3o Voz dos Inocentes. Uma das incentivadoras para funda\u00e7\u00e3o da<\/p>\n","protected":false},"author":1,"featured_media":7896,"comment_status":"open","ping_status":"open","sticky":false,"template":"","format":"standard","meta":{"footnotes":""},"categories":[41],"tags":[],"class_list":{"0":"post-7894","1":"post","2":"type-post","3":"status-publish","4":"format-standard","5":"has-post-thumbnail","7":"category-noticias"},"_links":{"self":[{"href":"https:\/\/noticiarioregional.com.br\/index.php?rest_route=\/wp\/v2\/posts\/7894","targetHints":{"allow":["GET"]}}],"collection":[{"href":"https:\/\/noticiarioregional.com.br\/index.php?rest_route=\/wp\/v2\/posts"}],"about":[{"href":"https:\/\/noticiarioregional.com.br\/index.php?rest_route=\/wp\/v2\/types\/post"}],"author":[{"embeddable":true,"href":"https:\/\/noticiarioregional.com.br\/index.php?rest_route=\/wp\/v2\/users\/1"}],"replies":[{"embeddable":true,"href":"https:\/\/noticiarioregional.com.br\/index.php?rest_route=%2Fwp%2Fv2%2Fcomments&post=7894"}],"version-history":[{"count":1,"href":"https:\/\/noticiarioregional.com.br\/index.php?rest_route=\/wp\/v2\/posts\/7894\/revisions"}],"predecessor-version":[{"id":7897,"href":"https:\/\/noticiarioregional.com.br\/index.php?rest_route=\/wp\/v2\/posts\/7894\/revisions\/7897"}],"wp:featuredmedia":[{"embeddable":true,"href":"https:\/\/noticiarioregional.com.br\/index.php?rest_route=\/wp\/v2\/media\/7896"}],"wp:attachment":[{"href":"https:\/\/noticiarioregional.com.br\/index.php?rest_route=%2Fwp%2Fv2%2Fmedia&parent=7894"}],"wp:term":[{"taxonomy":"category","embeddable":true,"href":"https:\/\/noticiarioregional.com.br\/index.php?rest_route=%2Fwp%2Fv2%2Fcategories&post=7894"},{"taxonomy":"post_tag","embeddable":true,"href":"https:\/\/noticiarioregional.com.br\/index.php?rest_route=%2Fwp%2Fv2%2Ftags&post=7894"}],"curies":[{"name":"wp","href":"https:\/\/api.w.org\/{rel}","templated":true}]}}