{"id":7898,"date":"2025-10-22T11:49:21","date_gmt":"2025-10-22T14:49:21","guid":{"rendered":"https:\/\/noticiarioregional.com.br\/?p=7898"},"modified":"2025-10-22T11:49:22","modified_gmt":"2025-10-22T14:49:22","slug":"ii-cavalgada-das-prendas-reune-mulheres-em-celebracao-ao-tradicionalismo","status":"publish","type":"post","link":"https:\/\/noticiarioregional.com.br\/?p=7898","title":{"rendered":"II Cavalgada das Prendas re\u00fane mulheres em celebra\u00e7\u00e3o ao tradicionalismo"},"content":{"rendered":"\n<p><strong>Monda\u00ed &#8211;<\/strong> No fim de semana, 4 e 5, foi realizada a 2\u00aa edi\u00e7\u00e3o da Cavalgada das Prendas, um evento que reuniu mulheres apaixonadas pelo tradicionalismo ga\u00facho em um ato de amizade, cultura e valoriza\u00e7\u00e3o das ra\u00edzes. A atividade, organizada pelo Piquete do CTG Sentinela do Uruguai, contou com a coordena\u00e7\u00e3o de Let\u00edcia da Rocha, que destacou a import\u00e2ncia da iniciativa tanto para o fortalecimento das tradi\u00e7\u00f5es quanto para a valoriza\u00e7\u00e3o da mulher dentro desse cen\u00e1rio.<\/p>\n\n\n\n<p>Segundo Let\u00edcia, o sentimento predominante ao final do encontro foi de gratid\u00e3o. \u201c<em>\u00c9 de estar todo mundo reunido, justamente para cultivar as amizades, cultivar o tradicionalismo. E tamb\u00e9m aproveitar o Outubro Rosa, trazendo esse momento de uni\u00e3o e conscientiza\u00e7\u00e3o<\/em>\u201d, ressaltou. Nesta edi\u00e7\u00e3o, 15 mulheres participaram ativamente de toda a programa\u00e7\u00e3o, que iniciou no s\u00e1bado e se estendeu at\u00e9 o domingo. Desde o deslocamento inicial at\u00e9 os momentos de confraterniza\u00e7\u00e3o, todas se envolveram e interagiram, fortalecendo ainda mais o prop\u00f3sito do evento.<\/p>\n\n\n\n<p>A coordenadora destacou ainda que a ideia \u00e9 ampliar a cavalgada nos pr\u00f3ximos anos. \u201c<em>Ano que vem a gente pretende realizar a terceira edi\u00e7\u00e3o, mas abrindo a participa\u00e7\u00e3o para mulheres de outros munic\u00edpios tamb\u00e9m. Neste ano focamos mais nas integrantes do Piquete e do CTG, al\u00e9m de algumas convidadas, mas em 2026 queremos receber cavaleiras de diferentes cidades que queiram estar conosco<\/em>\u201d, revelou.<\/p>\n\n\n\n<p>A programa\u00e7\u00e3o foi marcada por momentos de integra\u00e7\u00e3o, cultura e companheirismo. No s\u00e1bado 04, pela manh\u00e3, as cavaleiras se deslocaram at\u00e9 a Fazenda Herbert Knorr, local de concentra\u00e7\u00e3o da cavalgada. Ao meio-dia, foi servido o almo\u00e7o, seguido da sa\u00edda oficial \u00e0s 14h. \u00c0s 15h30, o grupo percorreu o centro de Monda\u00ed em um desfile que chamou a aten\u00e7\u00e3o da comunidade. Logo depois, \u00e0s 16h30, houve a chegada no CTG Sentinela do Uruguai, onde as participantes foram recepcionadas com jantar e pernoite.<\/p>\n\n\n\n<p>No domingo, 05, as atividades tiveram continuidade com a sa\u00edda \u00e0s 8h30 do CTG, em dire\u00e7\u00e3o \u00e0 Est\u00e2ncia Rocha, na Linha Barra do Laju. A chegada ocorreu por volta das 10h, com um ambiente de integra\u00e7\u00e3o e acolhida, encerrando o encontro ao meio-dia, ap\u00f3s o almo\u00e7o de confraterniza\u00e7\u00e3o.<\/p>\n\n\n\n<p>Para Let\u00edcia, a cada edi\u00e7\u00e3o, o encontro reafirma seu prop\u00f3sito: \u201c<em>\u00c9 uma forma de manter viva a tradi\u00e7\u00e3o, mas tamb\u00e9m de mostrar que as mulheres t\u00eam papel essencial nesse movimento. Queremos seguir cultivando essa ideia e ampliando cada vez mais a participa\u00e7\u00e3o<\/em>\u201d.<\/p>\n\n\n\n<figure class=\"wp-block-image size-large\"><img fetchpriority=\"high\" decoding=\"async\" width=\"1024\" height=\"971\" src=\"https:\/\/noticiarioregional.com.br\/wp-content\/uploads\/2025\/10\/20251005_094609-1024x971.jpg\" alt=\"\" class=\"wp-image-7900\" srcset=\"https:\/\/noticiarioregional.com.br\/wp-content\/uploads\/2025\/10\/20251005_094609-1024x971.jpg 1024w, https:\/\/noticiarioregional.com.br\/wp-content\/uploads\/2025\/10\/20251005_094609-300x285.jpg 300w, https:\/\/noticiarioregional.com.br\/wp-content\/uploads\/2025\/10\/20251005_094609-768x729.jpg 768w, https:\/\/noticiarioregional.com.br\/wp-content\/uploads\/2025\/10\/20251005_094609-1536x1457.jpg 1536w, https:\/\/noticiarioregional.com.br\/wp-content\/uploads\/2025\/10\/20251005_094609-2048x1943.jpg 2048w, https:\/\/noticiarioregional.com.br\/wp-content\/uploads\/2025\/10\/20251005_094609-150x142.jpg 150w, https:\/\/noticiarioregional.com.br\/wp-content\/uploads\/2025\/10\/20251005_094609-450x427.jpg 450w, https:\/\/noticiarioregional.com.br\/wp-content\/uploads\/2025\/10\/20251005_094609-1200x1138.jpg 1200w\" sizes=\"(max-width: 1024px) 100vw, 1024px\" \/><\/figure>\n\n\n\n<p><\/p>\n","protected":false},"excerpt":{"rendered":"<p>Monda\u00ed &#8211; No fim de semana, 4 e 5, foi realizada a 2\u00aa edi\u00e7\u00e3o da Cavalgada das Prendas, um evento que reuniu mulheres apaixonadas pelo tradicionalismo ga\u00facho em um ato de amizade, cultura e valoriza\u00e7\u00e3o das ra\u00edzes. A atividade, organizada pelo Piquete do CTG Sentinela do Uruguai, contou com a coordena\u00e7\u00e3o de Let\u00edcia da Rocha,<\/p>\n","protected":false},"author":1,"featured_media":7899,"comment_status":"open","ping_status":"open","sticky":false,"template":"","format":"standard","meta":{"footnotes":""},"categories":[41],"tags":[],"class_list":{"0":"post-7898","1":"post","2":"type-post","3":"status-publish","4":"format-standard","5":"has-post-thumbnail","7":"category-noticias"},"_links":{"self":[{"href":"https:\/\/noticiarioregional.com.br\/index.php?rest_route=\/wp\/v2\/posts\/7898","targetHints":{"allow":["GET"]}}],"collection":[{"href":"https:\/\/noticiarioregional.com.br\/index.php?rest_route=\/wp\/v2\/posts"}],"about":[{"href":"https:\/\/noticiarioregional.com.br\/index.php?rest_route=\/wp\/v2\/types\/post"}],"author":[{"embeddable":true,"href":"https:\/\/noticiarioregional.com.br\/index.php?rest_route=\/wp\/v2\/users\/1"}],"replies":[{"embeddable":true,"href":"https:\/\/noticiarioregional.com.br\/index.php?rest_route=%2Fwp%2Fv2%2Fcomments&post=7898"}],"version-history":[{"count":1,"href":"https:\/\/noticiarioregional.com.br\/index.php?rest_route=\/wp\/v2\/posts\/7898\/revisions"}],"predecessor-version":[{"id":7901,"href":"https:\/\/noticiarioregional.com.br\/index.php?rest_route=\/wp\/v2\/posts\/7898\/revisions\/7901"}],"wp:featuredmedia":[{"embeddable":true,"href":"https:\/\/noticiarioregional.com.br\/index.php?rest_route=\/wp\/v2\/media\/7899"}],"wp:attachment":[{"href":"https:\/\/noticiarioregional.com.br\/index.php?rest_route=%2Fwp%2Fv2%2Fmedia&parent=7898"}],"wp:term":[{"taxonomy":"category","embeddable":true,"href":"https:\/\/noticiarioregional.com.br\/index.php?rest_route=%2Fwp%2Fv2%2Fcategories&post=7898"},{"taxonomy":"post_tag","embeddable":true,"href":"https:\/\/noticiarioregional.com.br\/index.php?rest_route=%2Fwp%2Fv2%2Ftags&post=7898"}],"curies":[{"name":"wp","href":"https:\/\/api.w.org\/{rel}","templated":true}]}}