{"id":7920,"date":"2025-10-24T11:18:11","date_gmt":"2025-10-24T14:18:11","guid":{"rendered":"https:\/\/noticiarioregional.com.br\/?p=7920"},"modified":"2025-10-24T11:18:12","modified_gmt":"2025-10-24T14:18:12","slug":"ipora-do-oeste-recebe-nova-retroescavadeira","status":"publish","type":"post","link":"https:\/\/noticiarioregional.com.br\/?p=7920","title":{"rendered":"Ipor\u00e3 do Oeste recebe nova retroescavadeira"},"content":{"rendered":"\n<p class=\"has-larger-font-size\"><em>Investimento de aproximadamente R$ 360 mil contou com repasse de emenda da deputada federal Carol de Toni<\/em><\/p>\n\n\n\n<p><strong>Ipor\u00e3 do Oeste &#8211;<\/strong> Na manh\u00e3 de sexta-feira, 10, o assessor da deputada federal Caroline de Toni, Paulo Silva, esteve no gabinete do prefeito Michel Barth, em visita relacionada \u00e0 entrega da nova retroescavadeira ao Munic\u00edpio. Tamb\u00e9m participaram do encontro o vice-prefeito Auri Mathias e o secret\u00e1rio de Agricultura, Transportes e Obras, Roque Marx.<\/p>\n\n\n\n<p>A Administra\u00e7\u00e3o Municipal recebeu uma retroescavadeira nova, com peso operacional de 7.000 kg. O investimento total foi de R$ 359.343,75, sendo R$ 207.900,00 provenientes de emenda parlamentar da deputada federal Caroline de Toni, e o valor restante custeado com recursos pr\u00f3prios da secretaria de Agricultura, Transportes e Obras.<\/p>\n\n\n\n<p>A nova m\u00e1quina representa um importante refor\u00e7o para as atividades da Secretaria, contribuindo para a execu\u00e7\u00e3o de diversos servi\u00e7os essenciais, apoiando os produtores rurais e garantindo tamb\u00e9m mais efici\u00eancia e agilidade nos atendimentos realizados.<\/p>\n","protected":false},"excerpt":{"rendered":"<p>Investimento de aproximadamente R$ 360 mil contou com repasse de emenda da deputada federal Carol de Toni Ipor\u00e3 do Oeste &#8211; Na manh\u00e3 de sexta-feira, 10, o assessor da deputada federal Caroline de Toni, Paulo Silva, esteve no gabinete do prefeito Michel Barth, em visita relacionada \u00e0 entrega da nova retroescavadeira ao Munic\u00edpio. Tamb\u00e9m participaram<\/p>\n","protected":false},"author":1,"featured_media":7921,"comment_status":"open","ping_status":"open","sticky":false,"template":"","format":"standard","meta":{"footnotes":""},"categories":[41],"tags":[],"class_list":{"0":"post-7920","1":"post","2":"type-post","3":"status-publish","4":"format-standard","5":"has-post-thumbnail","7":"category-noticias"},"_links":{"self":[{"href":"https:\/\/noticiarioregional.com.br\/index.php?rest_route=\/wp\/v2\/posts\/7920","targetHints":{"allow":["GET"]}}],"collection":[{"href":"https:\/\/noticiarioregional.com.br\/index.php?rest_route=\/wp\/v2\/posts"}],"about":[{"href":"https:\/\/noticiarioregional.com.br\/index.php?rest_route=\/wp\/v2\/types\/post"}],"author":[{"embeddable":true,"href":"https:\/\/noticiarioregional.com.br\/index.php?rest_route=\/wp\/v2\/users\/1"}],"replies":[{"embeddable":true,"href":"https:\/\/noticiarioregional.com.br\/index.php?rest_route=%2Fwp%2Fv2%2Fcomments&post=7920"}],"version-history":[{"count":1,"href":"https:\/\/noticiarioregional.com.br\/index.php?rest_route=\/wp\/v2\/posts\/7920\/revisions"}],"predecessor-version":[{"id":7922,"href":"https:\/\/noticiarioregional.com.br\/index.php?rest_route=\/wp\/v2\/posts\/7920\/revisions\/7922"}],"wp:featuredmedia":[{"embeddable":true,"href":"https:\/\/noticiarioregional.com.br\/index.php?rest_route=\/wp\/v2\/media\/7921"}],"wp:attachment":[{"href":"https:\/\/noticiarioregional.com.br\/index.php?rest_route=%2Fwp%2Fv2%2Fmedia&parent=7920"}],"wp:term":[{"taxonomy":"category","embeddable":true,"href":"https:\/\/noticiarioregional.com.br\/index.php?rest_route=%2Fwp%2Fv2%2Fcategories&post=7920"},{"taxonomy":"post_tag","embeddable":true,"href":"https:\/\/noticiarioregional.com.br\/index.php?rest_route=%2Fwp%2Fv2%2Ftags&post=7920"}],"curies":[{"name":"wp","href":"https:\/\/api.w.org\/{rel}","templated":true}]}}