{"id":7923,"date":"2025-10-24T11:21:09","date_gmt":"2025-10-24T14:21:09","guid":{"rendered":"https:\/\/noticiarioregional.com.br\/?p=7923"},"modified":"2025-10-24T11:21:36","modified_gmt":"2025-10-24T14:21:36","slug":"caibi-da-inicio-as-obras-de-construcao-de-12-casas-do-programa-casa-catarina","status":"publish","type":"post","link":"https:\/\/noticiarioregional.com.br\/?p=7923","title":{"rendered":"Caibi d\u00e1 in\u00edcio as obras de constru\u00e7\u00e3o de 12 casas do Programa Casa Catarina"},"content":{"rendered":"\n<p><em>Investimento de R$ 1,14 milh\u00e3o vai viabilizar moradias populares<\/em> <em>para fam\u00edlias de baixa renda<\/em><\/p>\n\n\n\n<p class=\"has-larger-font-size\"><em>para fam\u00edlias de baixa renda<\/em><\/p>\n\n\n\n<p>A Administra\u00e7\u00e3o Municipal de Caibi deu in\u00edcio nesta semana \u00e0s obras de terraplanagem para a constru\u00e7\u00e3o de 12 novas moradias populares, viabilizadas atrav\u00e9s do Programa Casa Catarina, uma iniciativa do Governo do Estado de Santa Catarina. As informa\u00e7\u00f5es foram confirmadas pelo prefeito \u00c9der Picoli, que acompanha de perto os trabalhos que est\u00e3o acontecendo no Loteamento Vida Nova, onde os im\u00f3veis ser\u00e3o erguidos<strong><em>.<\/em><\/strong><\/p>\n\n\n\n<p>Com investimento total de R$ 1,14 milh\u00e3o, o valor m\u00e9dio destinado para cada unidade habitacional gira em torno de R$ 95 mil. As casas ser\u00e3o constru\u00eddas em 12 lotes de aproximadamente 200 metros quadrados cada, todos localizados lado a lado em uma \u00e1rea planejada do loteamento e pr\u00f3xima tamb\u00e9m de \u00e1rea verde. \u201c<em>J\u00e1 demos in\u00edcio \u00e0 demarca\u00e7\u00e3o do terreno e \u00e0s obras de terraplanagem. A ideia \u00e9 que na pr\u00f3xima semana os trabalhos avancem ainda mais com a presen\u00e7a das equipes t\u00e9cnicas no local<\/em>\u201d, explicou o prefeito Picoli. Ele tamb\u00e9m destacou que os projetos de infraestrutura \u2014 como instala\u00e7\u00e3o de luz, \u00e1gua, cal\u00e7amento e pavimenta\u00e7\u00e3o \u2014 j\u00e1 est\u00e3o em fase de finaliza\u00e7\u00e3o.<\/p>\n\n\n\n<p>O terreno para as constru\u00e7\u00f5es \u00e9 fornecido pela Prefeitura de Caibi como contrapartida ao programa estadual, uma pr\u00e1tica j\u00e1 adotada em projetos anteriores. Segundo o prefeito, a participa\u00e7\u00e3o do munic\u00edpio garante uma redu\u00e7\u00e3o significativa no custo final do im\u00f3vel para as fam\u00edlias beneficiadas. \u201c<em>Essa \u00e9 uma forma de atender \u00e0 popula\u00e7\u00e3o de baixa renda com qualidade e dignidade, ao mesmo tempo em que conseguimos acessar os recursos estaduais para a constru\u00e7\u00e3o das casas<\/em>\u201d, afirma Picoli. Al\u00e9m das 12 unidades do Casa Catarina, o munic\u00edpio j\u00e1 estuda a possibilidade de viabilizar outras 90 moradias por meio de financiamento pela Caixa Econ\u00f4mica Federal em futuras etapas.<\/p>\n\n\n\n<p>As moradias do Programa Casa Catarina ser\u00e3o destinadas a fam\u00edlias com renda de at\u00e9 dois sal\u00e1rios-m\u00ednimos. O contrato inicial funciona como um comodato: a casa n\u00e3o \u00e9 imediatamente doada \u00e0 fam\u00edlia. A pessoa beneficiada dever\u00e1 residir no im\u00f3vel por 10 anos para, ent\u00e3o, receber a escritura definitiva. Caso saia antes desse prazo, perde o direito \u00e0 moradia, que ser\u00e1 redistribu\u00edda a outra fam\u00edlia, conforme os crit\u00e9rios de classifica\u00e7\u00e3o do programa. \u201c<em>\u00c9 uma pol\u00edtica habitacional justa e criteriosa. A casa n\u00e3o pode ser vendida, nem repassada para terceiros. A perman\u00eancia da pessoa beneficiada \u00e9 obrigat\u00f3ria durante os 10 anos. Ap\u00f3s esse per\u00edodo, ela conquista a posse definitiva<\/em>\u201d, detalhou o prefeito.<\/p>\n\n\n\n<p>A expectativa da Administra\u00e7\u00e3o \u00e9 que a fase de infraestrutura e funda\u00e7\u00f5es esteja conclu\u00edda nos pr\u00f3ximos meses, com o objetivo de entregar as casas prontas para habita\u00e7\u00e3o em 2026. A sele\u00e7\u00e3o das fam\u00edlias beneficiadas ser\u00e1 feita pelo munic\u00edpio, seguindo regras pr\u00e9-estabelecidas pelo Governo Estadual, com possibilidade de pequenas adequa\u00e7\u00f5es conforme a realidade local.<\/p>\n","protected":false},"excerpt":{"rendered":"<p>Investimento de R$ 1,14 milh\u00e3o vai viabilizar moradias populares para fam\u00edlias de baixa renda para fam\u00edlias de baixa renda A Administra\u00e7\u00e3o Municipal de Caibi deu in\u00edcio nesta semana \u00e0s obras de terraplanagem para a constru\u00e7\u00e3o de 12 novas moradias populares, viabilizadas atrav\u00e9s do Programa Casa Catarina, uma iniciativa do Governo do Estado de Santa Catarina.<\/p>\n","protected":false},"author":1,"featured_media":7924,"comment_status":"open","ping_status":"open","sticky":false,"template":"","format":"standard","meta":{"footnotes":""},"categories":[41,1],"tags":[],"class_list":{"0":"post-7923","1":"post","2":"type-post","3":"status-publish","4":"format-standard","5":"has-post-thumbnail","7":"category-noticias","8":"category-sem-categoria"},"_links":{"self":[{"href":"https:\/\/noticiarioregional.com.br\/index.php?rest_route=\/wp\/v2\/posts\/7923","targetHints":{"allow":["GET"]}}],"collection":[{"href":"https:\/\/noticiarioregional.com.br\/index.php?rest_route=\/wp\/v2\/posts"}],"about":[{"href":"https:\/\/noticiarioregional.com.br\/index.php?rest_route=\/wp\/v2\/types\/post"}],"author":[{"embeddable":true,"href":"https:\/\/noticiarioregional.com.br\/index.php?rest_route=\/wp\/v2\/users\/1"}],"replies":[{"embeddable":true,"href":"https:\/\/noticiarioregional.com.br\/index.php?rest_route=%2Fwp%2Fv2%2Fcomments&post=7923"}],"version-history":[{"count":1,"href":"https:\/\/noticiarioregional.com.br\/index.php?rest_route=\/wp\/v2\/posts\/7923\/revisions"}],"predecessor-version":[{"id":7925,"href":"https:\/\/noticiarioregional.com.br\/index.php?rest_route=\/wp\/v2\/posts\/7923\/revisions\/7925"}],"wp:featuredmedia":[{"embeddable":true,"href":"https:\/\/noticiarioregional.com.br\/index.php?rest_route=\/wp\/v2\/media\/7924"}],"wp:attachment":[{"href":"https:\/\/noticiarioregional.com.br\/index.php?rest_route=%2Fwp%2Fv2%2Fmedia&parent=7923"}],"wp:term":[{"taxonomy":"category","embeddable":true,"href":"https:\/\/noticiarioregional.com.br\/index.php?rest_route=%2Fwp%2Fv2%2Fcategories&post=7923"},{"taxonomy":"post_tag","embeddable":true,"href":"https:\/\/noticiarioregional.com.br\/index.php?rest_route=%2Fwp%2Fv2%2Ftags&post=7923"}],"curies":[{"name":"wp","href":"https:\/\/api.w.org\/{rel}","templated":true}]}}