{"id":7927,"date":"2025-10-24T11:34:05","date_gmt":"2025-10-24T14:34:05","guid":{"rendered":"https:\/\/noticiarioregional.com.br\/?p=7927"},"modified":"2025-10-24T11:34:07","modified_gmt":"2025-10-24T14:34:07","slug":"descanso-celebra-76-anos-do-cristo-redentor-em-noite-de-fe-historia-e-homenagens","status":"publish","type":"post","link":"https:\/\/noticiarioregional.com.br\/?p=7927","title":{"rendered":"Descanso celebra 76 anos do Cristo Redentor em noite de f\u00e9, hist\u00f3ria e homenagens"},"content":{"rendered":"\n<p>A comunidade de Descanso viveu uma noite de emo\u00e7\u00e3o e espiritualidade ao celebrar os 76 anos de inaugura\u00e7\u00e3o do monumento ao Cristo Redentor, na \u00faltima sexta-feira, dia 10, no Morro do Cristo.<\/p>\n\n\n\n<p>O evento, organizado pela Associa\u00e7\u00e3o Cultural com o apoio da Prefeitura Municipal, iniciou com uma prociss\u00e3o luminosa que partiu da gruta local. Centenas de fi\u00e9is subiram o morro conduzindo velas, formando um cen\u00e1rio simb\u00f3lico que destacou a devo\u00e7\u00e3o dos participantes ao principal cart\u00e3o-postal do munic\u00edpio.<\/p>\n\n\n\n<p>Aos p\u00e9s do Cristo, a cerim\u00f4nia contou com momentos de reconhecimento e emo\u00e7\u00e3o. Uma nova placa foi inaugurada em homenagem \u00e0 fam\u00edlia Wronski, respons\u00e1vel pela doa\u00e7\u00e3o do terreno onde o monumento foi constru\u00eddo. A filha do casal, Evanice Wronski, relatou que a constru\u00e7\u00e3o do monumento naquele local foi em agradecimento pelo nascimento do primeiro menino da comunidade, Luiz Wronski. A noite tamb\u00e9m marcou a oficializa\u00e7\u00e3o do novo nome da Fanfarra Municipal, que agora passa a se chamar \u201cFanfarra Municipal Cristo Redentor\u201d.<\/p>\n\n\n\n<figure class=\"wp-block-gallery has-nested-images columns-default is-cropped wp-block-gallery-1 is-layout-flex wp-block-gallery-is-layout-flex\">\n<figure class=\"wp-block-image size-large\"><img fetchpriority=\"high\" decoding=\"async\" width=\"1024\" height=\"682\" data-id=\"7932\" src=\"https:\/\/noticiarioregional.com.br\/wp-content\/uploads\/2025\/10\/WhatsApp-Image-2025-10-14-at-08.43.45-1-1024x682.jpeg\" alt=\"\" class=\"wp-image-7932\" srcset=\"https:\/\/noticiarioregional.com.br\/wp-content\/uploads\/2025\/10\/WhatsApp-Image-2025-10-14-at-08.43.45-1-1024x682.jpeg 1024w, https:\/\/noticiarioregional.com.br\/wp-content\/uploads\/2025\/10\/WhatsApp-Image-2025-10-14-at-08.43.45-1-300x200.jpeg 300w, https:\/\/noticiarioregional.com.br\/wp-content\/uploads\/2025\/10\/WhatsApp-Image-2025-10-14-at-08.43.45-1-768x512.jpeg 768w, https:\/\/noticiarioregional.com.br\/wp-content\/uploads\/2025\/10\/WhatsApp-Image-2025-10-14-at-08.43.45-1-1536x1023.jpeg 1536w, https:\/\/noticiarioregional.com.br\/wp-content\/uploads\/2025\/10\/WhatsApp-Image-2025-10-14-at-08.43.45-1-150x100.jpeg 150w, https:\/\/noticiarioregional.com.br\/wp-content\/uploads\/2025\/10\/WhatsApp-Image-2025-10-14-at-08.43.45-1-450x300.jpeg 450w, https:\/\/noticiarioregional.com.br\/wp-content\/uploads\/2025\/10\/WhatsApp-Image-2025-10-14-at-08.43.45-1-1200x800.jpeg 1200w, https:\/\/noticiarioregional.com.br\/wp-content\/uploads\/2025\/10\/WhatsApp-Image-2025-10-14-at-08.43.45-1.jpeg 1600w\" sizes=\"(max-width: 1024px) 100vw, 1024px\" \/><\/figure>\n\n\n\n<figure class=\"wp-block-image size-large\"><img decoding=\"async\" width=\"1024\" height=\"682\" data-id=\"7931\" src=\"https:\/\/noticiarioregional.com.br\/wp-content\/uploads\/2025\/10\/WhatsApp-Image-2025-10-14-at-08.43.46-1-1-1024x682.jpeg\" alt=\"\" class=\"wp-image-7931\" srcset=\"https:\/\/noticiarioregional.com.br\/wp-content\/uploads\/2025\/10\/WhatsApp-Image-2025-10-14-at-08.43.46-1-1-1024x682.jpeg 1024w, https:\/\/noticiarioregional.com.br\/wp-content\/uploads\/2025\/10\/WhatsApp-Image-2025-10-14-at-08.43.46-1-1-300x200.jpeg 300w, https:\/\/noticiarioregional.com.br\/wp-content\/uploads\/2025\/10\/WhatsApp-Image-2025-10-14-at-08.43.46-1-1-768x512.jpeg 768w, https:\/\/noticiarioregional.com.br\/wp-content\/uploads\/2025\/10\/WhatsApp-Image-2025-10-14-at-08.43.46-1-1-1536x1023.jpeg 1536w, https:\/\/noticiarioregional.com.br\/wp-content\/uploads\/2025\/10\/WhatsApp-Image-2025-10-14-at-08.43.46-1-1-150x100.jpeg 150w, https:\/\/noticiarioregional.com.br\/wp-content\/uploads\/2025\/10\/WhatsApp-Image-2025-10-14-at-08.43.46-1-1-450x300.jpeg 450w, https:\/\/noticiarioregional.com.br\/wp-content\/uploads\/2025\/10\/WhatsApp-Image-2025-10-14-at-08.43.46-1-1-1200x800.jpeg 1200w, https:\/\/noticiarioregional.com.br\/wp-content\/uploads\/2025\/10\/WhatsApp-Image-2025-10-14-at-08.43.46-1-1.jpeg 1600w\" sizes=\"(max-width: 1024px) 100vw, 1024px\" \/><\/figure>\n<\/figure>\n\n\n\n<p>&nbsp;&nbsp;&nbsp;&nbsp;&nbsp;&nbsp;&nbsp;&nbsp;&nbsp;&nbsp;&nbsp; Al\u00e9m das homenagens, o p\u00fablico acompanhou as apresenta\u00e7\u00f5es culturais de artistas locais e do cantor Vinicius Czarnobay, que tamb\u00e9m animou a celebra\u00e7\u00e3o ao lado da cantora Luciana Balbinot.<\/p>\n\n\n\n<p>A presidente da Associa\u00e7\u00e3o Cultural, Vanda Rita Cerezer Manica, destacou a import\u00e2ncia de preservar as tradi\u00e7\u00f5es e fortalecer os la\u00e7os comunit\u00e1rios por meio da valoriza\u00e7\u00e3o da hist\u00f3ria local. Ela agradeceu o envolvimento de todos os volunt\u00e1rios, entidades e participantes que contribu\u00edram para o sucesso da celebra\u00e7\u00e3o ao monumento do Cristo Redentor.<\/p>\n\n\n\n<p>O Cristo Redentor de Descanso foi inaugurado em 9 de outubro de 1949, fruto da iniciativa de fam\u00edlias da regi\u00e3o e da dedica\u00e7\u00e3o do casal Alfredo e Eliza Staege, de Guapor\u00e9\/RS. Desde 1984, o terreno pertence oficialmente \u00e0 prefeitura, consolidando o espa\u00e7o como um dos principais atrativos tur\u00edsticos do munic\u00edpio. Com nove metros de altura e mais de 30 toneladas, o monumento segue como um s\u00edmbolo da religiosidade e da hist\u00f3ria de Descanso.<\/p>\n","protected":false},"excerpt":{"rendered":"<p>A comunidade de Descanso viveu uma noite de emo\u00e7\u00e3o e espiritualidade ao celebrar os 76 anos de inaugura\u00e7\u00e3o do monumento ao Cristo Redentor, na \u00faltima sexta-feira, dia 10, no Morro do Cristo. O evento, organizado pela Associa\u00e7\u00e3o Cultural com o apoio da Prefeitura Municipal, iniciou com uma prociss\u00e3o luminosa que partiu da gruta local. Centenas<\/p>\n","protected":false},"author":1,"featured_media":7928,"comment_status":"open","ping_status":"open","sticky":false,"template":"","format":"standard","meta":{"footnotes":""},"categories":[41],"tags":[],"class_list":{"0":"post-7927","1":"post","2":"type-post","3":"status-publish","4":"format-standard","5":"has-post-thumbnail","7":"category-noticias"},"_links":{"self":[{"href":"https:\/\/noticiarioregional.com.br\/index.php?rest_route=\/wp\/v2\/posts\/7927","targetHints":{"allow":["GET"]}}],"collection":[{"href":"https:\/\/noticiarioregional.com.br\/index.php?rest_route=\/wp\/v2\/posts"}],"about":[{"href":"https:\/\/noticiarioregional.com.br\/index.php?rest_route=\/wp\/v2\/types\/post"}],"author":[{"embeddable":true,"href":"https:\/\/noticiarioregional.com.br\/index.php?rest_route=\/wp\/v2\/users\/1"}],"replies":[{"embeddable":true,"href":"https:\/\/noticiarioregional.com.br\/index.php?rest_route=%2Fwp%2Fv2%2Fcomments&post=7927"}],"version-history":[{"count":1,"href":"https:\/\/noticiarioregional.com.br\/index.php?rest_route=\/wp\/v2\/posts\/7927\/revisions"}],"predecessor-version":[{"id":7933,"href":"https:\/\/noticiarioregional.com.br\/index.php?rest_route=\/wp\/v2\/posts\/7927\/revisions\/7933"}],"wp:featuredmedia":[{"embeddable":true,"href":"https:\/\/noticiarioregional.com.br\/index.php?rest_route=\/wp\/v2\/media\/7928"}],"wp:attachment":[{"href":"https:\/\/noticiarioregional.com.br\/index.php?rest_route=%2Fwp%2Fv2%2Fmedia&parent=7927"}],"wp:term":[{"taxonomy":"category","embeddable":true,"href":"https:\/\/noticiarioregional.com.br\/index.php?rest_route=%2Fwp%2Fv2%2Fcategories&post=7927"},{"taxonomy":"post_tag","embeddable":true,"href":"https:\/\/noticiarioregional.com.br\/index.php?rest_route=%2Fwp%2Fv2%2Ftags&post=7927"}],"curies":[{"name":"wp","href":"https:\/\/api.w.org\/{rel}","templated":true}]}}