{"id":7934,"date":"2025-10-24T11:36:41","date_gmt":"2025-10-24T14:36:41","guid":{"rendered":"https:\/\/noticiarioregional.com.br\/?p=7934"},"modified":"2025-10-24T11:37:11","modified_gmt":"2025-10-24T14:37:11","slug":"calcada-legal","status":"publish","type":"post","link":"https:\/\/noticiarioregional.com.br\/?p=7934","title":{"rendered":"Cal\u00e7ada Legal"},"content":{"rendered":"\n<p class=\"has-larger-font-size\">Projeto de Lei est\u00e1 em tramita\u00e7\u00e3o na C\u00e2mara de Vereadores<\/p>\n\n\n\n<p><strong>Riqueza &#8211;<\/strong> No dia 06 de outubro, foi submetido \u00e0 C\u00e2mara de Vereadores de Riqueza, o Projeto de Lei n\u00ba 036, intitulado \u201cCal\u00e7ada Legal\u201d, que visa a melhoria das cal\u00e7adas do munic\u00edpio por meio de um modelo de parceria entre o poder p\u00fablico e os propriet\u00e1rios de im\u00f3veis.<\/p>\n\n\n\n<p>A iniciativa do prefeito Juliano Luiz Bortolanza, por meio do Projeto de Lei n\u00ba 036, tem a inten\u00e7\u00e3o de transformar a paisagem urbana de Riqueza, com o foco na melhoria da acessibilidade e na constru\u00e7\u00e3o de um ambiente mais seguro para todos os cidad\u00e3os, sem sobrecarregar o or\u00e7amento municipal ou os propriet\u00e1rios.<\/p>\n\n\n\n<p>O modelo de colabora\u00e7\u00e3o proposto \u00e9: o munic\u00edpio ficar\u00e1 respons\u00e1vel pela execu\u00e7\u00e3o das obras, enquanto os propriet\u00e1rios arcar\u00e3o com o custo do material necess\u00e1rio para a pavimenta\u00e7\u00e3o das cal\u00e7adas.<\/p>\n\n\n\n<p>De acordo com o texto do projeto, o custo do material ser\u00e1 de R$ 110,41 por metro quadrado, podendo ser parcelado em at\u00e9 12 vezes, com o valor m\u00ednimo de R$ 131,20 por parcela. Esse modelo visa tornar a execu\u00e7\u00e3o das obras mais acess\u00edvel para a popula\u00e7\u00e3o, ao mesmo tempo em que garante o cumprimento da legisla\u00e7\u00e3o municipal de obras e acessibilidade.<\/p>\n\n\n\n<p>O projeto estabelece claramente as responsabilidades tanto dos propriet\u00e1rios quanto do munic\u00edpio:<\/p>\n\n\n\n<p><strong>Obriga\u00e7\u00f5es dos Propriet\u00e1rios<\/strong><\/p>\n\n\n\n<ul class=\"wp-block-list\">\n<li>Assinar um termo de compromisso com a administra\u00e7\u00e3o municipal antes do in\u00edcio da obra, no qual se comprometem a ressarcir o munic\u00edpio pelo material utilizado na pavimenta\u00e7\u00e3o.<\/li>\n\n\n\n<li>Efetuar o pagamento do material, com possibilidade de parcelamento, conforme os valores estipulados no projeto.<\/li>\n\n\n\n<li>Em caso de necessidade de remo\u00e7\u00e3o de cal\u00e7adas antigas, assegurar que a nova pavimenta\u00e7\u00e3o esteja de acordo com as normas t\u00e9cnicas da ABNT, como a NBR 9050, que trata da acessibilidade.<\/li>\n\n\n\n<li>Caso o propriet\u00e1rio n\u00e3o participe da parceria ou n\u00e3o execute a adequa\u00e7\u00e3o de sua cal\u00e7ada quando notificado, o munic\u00edpio poder\u00e1 realizar a obra e cobrar o valor correspondente, sem os benef\u00edcios do programa.<\/li>\n<\/ul>\n\n\n\n<p><strong>Obriga\u00e7\u00f5es do Munic\u00edpio<\/strong><\/p>\n\n\n\n<ul class=\"wp-block-list\">\n<li>Elaborar e aprovar o projeto b\u00e1sico para cada obra de cal\u00e7ada, garantindo que todas as obras atendam \u00e0s normas de acessibilidade.<\/li>\n\n\n\n<li>Providenciar a terraplenagem, nivelamento e compacta\u00e7\u00e3o do solo, bem como a contrata\u00e7\u00e3o da empresa respons\u00e1vel pela execu\u00e7\u00e3o dos servi\u00e7os.<\/li>\n\n\n\n<li>Responsabilizar-se pela contrata\u00e7\u00e3o da empresa para execu\u00e7\u00e3o da concretagem e instala\u00e7\u00e3o de guias podot\u00e1til e meios-fios.<\/li>\n\n\n\n<li>Executar a obra de pavimenta\u00e7\u00e3o das cal\u00e7adas conforme as especifica\u00e7\u00f5es previstas, garantindo a qualidade e a seguran\u00e7a das novas vias.<\/li>\n<\/ul>\n\n\n\n<p>Um dos pontos mais destacados no Projeto de Lei \u00e9 a aten\u00e7\u00e3o \u00e0 acessibilidade. As cal\u00e7adas precisam atender a crit\u00e9rios estabelecidos pelas normas t\u00e9cnicas da ABNT, especialmente no que diz respeito \u00e0 largura m\u00ednima das passagens. De acordo com a legisla\u00e7\u00e3o proposta, cal\u00e7adas com espa\u00e7o livre inferior a 1,20 metro n\u00e3o poder\u00e3o apresentar nenhum obst\u00e1culo, a fim de garantir a passagem de cadeirantes e pessoas com mobilidade reduzida.<\/p>\n\n\n\n<p>Al\u00e9m disso, as cal\u00e7adas j\u00e1 existentes, caso estejam em boas condi\u00e7\u00f5es e respeitem as normas de acessibilidade, n\u00e3o precisar\u00e3o ser removidas, o que representa uma economia para os propriet\u00e1rios. No entanto, se for necess\u00e1rio substituir a cal\u00e7ada, ela dever\u00e1 ser adequadamente adaptada \u00e0 nova legisla\u00e7\u00e3o.<\/p>\n\n\n\n<p>Ap\u00f3s a tramita\u00e7\u00e3o na C\u00e2mara Municipal, o Projeto de Lei n\u00ba 036 dever\u00e1 ser discutido e votado pelos vereadores. Caso aprovado, entrar\u00e1 em vigor e ser\u00e1 implementado de forma escalonada, priorizando as vias mais movimentadas e aquelas que j\u00e1 est\u00e3o sendo atendidas por obras na pista de rodagem.<\/p>\n\n\n\n<p><\/p>\n","protected":false},"excerpt":{"rendered":"<p>Projeto de Lei est\u00e1 em tramita\u00e7\u00e3o na C\u00e2mara de Vereadores Riqueza &#8211; No dia 06 de outubro, foi submetido \u00e0 C\u00e2mara de Vereadores de Riqueza, o Projeto de Lei n\u00ba 036, intitulado \u201cCal\u00e7ada Legal\u201d, que visa a melhoria das cal\u00e7adas do munic\u00edpio por meio de um modelo de parceria entre o poder p\u00fablico e os<\/p>\n","protected":false},"author":1,"featured_media":7935,"comment_status":"open","ping_status":"open","sticky":false,"template":"","format":"standard","meta":{"footnotes":""},"categories":[41,1],"tags":[],"class_list":{"0":"post-7934","1":"post","2":"type-post","3":"status-publish","4":"format-standard","5":"has-post-thumbnail","7":"category-noticias","8":"category-sem-categoria"},"_links":{"self":[{"href":"https:\/\/noticiarioregional.com.br\/index.php?rest_route=\/wp\/v2\/posts\/7934","targetHints":{"allow":["GET"]}}],"collection":[{"href":"https:\/\/noticiarioregional.com.br\/index.php?rest_route=\/wp\/v2\/posts"}],"about":[{"href":"https:\/\/noticiarioregional.com.br\/index.php?rest_route=\/wp\/v2\/types\/post"}],"author":[{"embeddable":true,"href":"https:\/\/noticiarioregional.com.br\/index.php?rest_route=\/wp\/v2\/users\/1"}],"replies":[{"embeddable":true,"href":"https:\/\/noticiarioregional.com.br\/index.php?rest_route=%2Fwp%2Fv2%2Fcomments&post=7934"}],"version-history":[{"count":1,"href":"https:\/\/noticiarioregional.com.br\/index.php?rest_route=\/wp\/v2\/posts\/7934\/revisions"}],"predecessor-version":[{"id":7936,"href":"https:\/\/noticiarioregional.com.br\/index.php?rest_route=\/wp\/v2\/posts\/7934\/revisions\/7936"}],"wp:featuredmedia":[{"embeddable":true,"href":"https:\/\/noticiarioregional.com.br\/index.php?rest_route=\/wp\/v2\/media\/7935"}],"wp:attachment":[{"href":"https:\/\/noticiarioregional.com.br\/index.php?rest_route=%2Fwp%2Fv2%2Fmedia&parent=7934"}],"wp:term":[{"taxonomy":"category","embeddable":true,"href":"https:\/\/noticiarioregional.com.br\/index.php?rest_route=%2Fwp%2Fv2%2Fcategories&post=7934"},{"taxonomy":"post_tag","embeddable":true,"href":"https:\/\/noticiarioregional.com.br\/index.php?rest_route=%2Fwp%2Fv2%2Ftags&post=7934"}],"curies":[{"name":"wp","href":"https:\/\/api.w.org\/{rel}","templated":true}]}}