{"id":7942,"date":"2025-10-29T10:32:21","date_gmt":"2025-10-29T13:32:21","guid":{"rendered":"https:\/\/noticiarioregional.com.br\/?p=7942"},"modified":"2025-10-29T10:32:23","modified_gmt":"2025-10-29T13:32:23","slug":"belmonte-projeta-investimentos-em-asfaltos-na-cidade-e-interior","status":"publish","type":"post","link":"https:\/\/noticiarioregional.com.br\/?p=7942","title":{"rendered":"Belmonte projeta investimentos em asfaltos na cidade e interior"},"content":{"rendered":"\n<p><strong>Belmonte <\/strong>\u2013 O munic\u00edpio contratou empresa que est\u00e1 elaborando os projetos para asfaltamento de dois trechos de estradas no interior, com recursos do programa Estrada Boa Rural. Pelo programa, o governo do Estado ir\u00e1 destinar at\u00e9 R$ 6 milh\u00f5es para o asfaltamento, com contrapartida do munic\u00edpio no mesmo valor, atrav\u00e9s de financiamento no BRDE a juro zero.<\/p>\n\n\n\n<p>O prefeito, Jair Giumbelli, destaca que a administra\u00e7\u00e3o definiu por asfaltar o trecho do entroncamento com a estrada geral da linha Lajinha, onde j\u00e1 h\u00e1 uma parte com asfalto, at\u00e9 a comunidade da Linha Tabajara, na extens\u00e3o de 3.670 quil\u00f4metros. O segundo trecho ser\u00e1 do final do asfalto existente na estrada geral da Linha Santo Isidoro, continuando nessa estrada at\u00e9 a comunidade de Santo Isidoro, na extens\u00e3o de 2.350 quil\u00f4metros.<\/p>\n\n\n\n<figure class=\"wp-block-image size-large\"><img fetchpriority=\"high\" decoding=\"async\" width=\"1024\" height=\"768\" src=\"https:\/\/noticiarioregional.com.br\/wp-content\/uploads\/2025\/10\/Acesso-a-comunidade-de-Santo-Isidoro-1024x768.jpg\" alt=\"\" class=\"wp-image-7944\" srcset=\"https:\/\/noticiarioregional.com.br\/wp-content\/uploads\/2025\/10\/Acesso-a-comunidade-de-Santo-Isidoro-1024x768.jpg 1024w, https:\/\/noticiarioregional.com.br\/wp-content\/uploads\/2025\/10\/Acesso-a-comunidade-de-Santo-Isidoro-300x225.jpg 300w, https:\/\/noticiarioregional.com.br\/wp-content\/uploads\/2025\/10\/Acesso-a-comunidade-de-Santo-Isidoro-768x576.jpg 768w, https:\/\/noticiarioregional.com.br\/wp-content\/uploads\/2025\/10\/Acesso-a-comunidade-de-Santo-Isidoro-1536x1152.jpg 1536w, https:\/\/noticiarioregional.com.br\/wp-content\/uploads\/2025\/10\/Acesso-a-comunidade-de-Santo-Isidoro-2048x1536.jpg 2048w, https:\/\/noticiarioregional.com.br\/wp-content\/uploads\/2025\/10\/Acesso-a-comunidade-de-Santo-Isidoro-150x113.jpg 150w, https:\/\/noticiarioregional.com.br\/wp-content\/uploads\/2025\/10\/Acesso-a-comunidade-de-Santo-Isidoro-450x338.jpg 450w, https:\/\/noticiarioregional.com.br\/wp-content\/uploads\/2025\/10\/Acesso-a-comunidade-de-Santo-Isidoro-1200x900.jpg 1200w\" sizes=\"(max-width: 1024px) 100vw, 1024px\" \/><figcaption class=\"wp-element-caption\"><strong><em>Acesso a comunidade de Santo Isidoro<\/em><\/strong><\/figcaption><\/figure>\n\n\n\n<p>Conforme o prefeito, a C\u00e2mara de Vereadores j\u00e1 aprovou o projeto para financiamento de at\u00e9 R$ 6 milh\u00f5es, como contrapartida para asfaltar estes dois trechos. Lembra que ainda no ano passado foi asfaltado um quilometro no sentido a Linha Lajinha, e mais um quilometro no sentido a Linha Santo Isidoro, que ser\u00e3o os dois trechos contemplados pelo Estrada Boa Rural. Tamb\u00e9m j\u00e1 foi licitado o asfaltamento de mais dois quil\u00f4metros em dire\u00e7\u00e3o a Linha Lajinha, pelo programa SC Levado a S\u00e9rio, restando apenas o repasse do recurso pelo Estado para o in\u00edcio da obra.<\/p>\n\n\n\n<figure class=\"wp-block-image size-large\"><img decoding=\"async\" width=\"1024\" height=\"768\" src=\"https:\/\/noticiarioregional.com.br\/wp-content\/uploads\/2025\/10\/Acesso-a-comunidade-de-Lajinha-1024x768.jpg\" alt=\"\" class=\"wp-image-7945\" srcset=\"https:\/\/noticiarioregional.com.br\/wp-content\/uploads\/2025\/10\/Acesso-a-comunidade-de-Lajinha-1024x768.jpg 1024w, https:\/\/noticiarioregional.com.br\/wp-content\/uploads\/2025\/10\/Acesso-a-comunidade-de-Lajinha-300x225.jpg 300w, https:\/\/noticiarioregional.com.br\/wp-content\/uploads\/2025\/10\/Acesso-a-comunidade-de-Lajinha-768x576.jpg 768w, https:\/\/noticiarioregional.com.br\/wp-content\/uploads\/2025\/10\/Acesso-a-comunidade-de-Lajinha-1536x1152.jpg 1536w, https:\/\/noticiarioregional.com.br\/wp-content\/uploads\/2025\/10\/Acesso-a-comunidade-de-Lajinha-2048x1536.jpg 2048w, https:\/\/noticiarioregional.com.br\/wp-content\/uploads\/2025\/10\/Acesso-a-comunidade-de-Lajinha-150x113.jpg 150w, https:\/\/noticiarioregional.com.br\/wp-content\/uploads\/2025\/10\/Acesso-a-comunidade-de-Lajinha-450x338.jpg 450w, https:\/\/noticiarioregional.com.br\/wp-content\/uploads\/2025\/10\/Acesso-a-comunidade-de-Lajinha-1200x900.jpg 1200w\" sizes=\"(max-width: 1024px) 100vw, 1024px\" \/><figcaption class=\"wp-element-caption\"><strong><em>Acesso a comunidade de Lajinha<\/em><\/strong><\/figcaption><\/figure>\n\n\n\n<p>Giumbelli acrescenta que no acesso a cidade est\u00e3o em andamento obras de prepara\u00e7\u00e3o da rua para cal\u00e7amento, na sequ\u00eancia da Rua Santos Dumont, at\u00e9 nas proximidades do cemit\u00e9rio. Outra rua que est\u00e1 sendo preparada para cal\u00e7amento \u00e9 a General Os\u00f3rio. Ainda com rela\u00e7\u00e3o a asfalto, o prefeito comenta que a administra\u00e7\u00e3o trabalha na elabora\u00e7\u00e3o do projeto para asfaltamento em ruas da cidade, atrav\u00e9s de contrato que ser\u00e1 assinado com o Conder.<\/p>\n","protected":false},"excerpt":{"rendered":"<p>Belmonte \u2013 O munic\u00edpio contratou empresa que est\u00e1 elaborando os projetos para asfaltamento de dois trechos de estradas no interior, com recursos do programa Estrada Boa Rural. Pelo programa, o governo do Estado ir\u00e1 destinar at\u00e9 R$ 6 milh\u00f5es para o asfaltamento, com contrapartida do munic\u00edpio no mesmo valor, atrav\u00e9s de financiamento no BRDE a<\/p>\n","protected":false},"author":1,"featured_media":7943,"comment_status":"open","ping_status":"open","sticky":false,"template":"","format":"standard","meta":{"footnotes":""},"categories":[41],"tags":[],"class_list":{"0":"post-7942","1":"post","2":"type-post","3":"status-publish","4":"format-standard","5":"has-post-thumbnail","7":"category-noticias"},"_links":{"self":[{"href":"https:\/\/noticiarioregional.com.br\/index.php?rest_route=\/wp\/v2\/posts\/7942","targetHints":{"allow":["GET"]}}],"collection":[{"href":"https:\/\/noticiarioregional.com.br\/index.php?rest_route=\/wp\/v2\/posts"}],"about":[{"href":"https:\/\/noticiarioregional.com.br\/index.php?rest_route=\/wp\/v2\/types\/post"}],"author":[{"embeddable":true,"href":"https:\/\/noticiarioregional.com.br\/index.php?rest_route=\/wp\/v2\/users\/1"}],"replies":[{"embeddable":true,"href":"https:\/\/noticiarioregional.com.br\/index.php?rest_route=%2Fwp%2Fv2%2Fcomments&post=7942"}],"version-history":[{"count":1,"href":"https:\/\/noticiarioregional.com.br\/index.php?rest_route=\/wp\/v2\/posts\/7942\/revisions"}],"predecessor-version":[{"id":7946,"href":"https:\/\/noticiarioregional.com.br\/index.php?rest_route=\/wp\/v2\/posts\/7942\/revisions\/7946"}],"wp:featuredmedia":[{"embeddable":true,"href":"https:\/\/noticiarioregional.com.br\/index.php?rest_route=\/wp\/v2\/media\/7943"}],"wp:attachment":[{"href":"https:\/\/noticiarioregional.com.br\/index.php?rest_route=%2Fwp%2Fv2%2Fmedia&parent=7942"}],"wp:term":[{"taxonomy":"category","embeddable":true,"href":"https:\/\/noticiarioregional.com.br\/index.php?rest_route=%2Fwp%2Fv2%2Fcategories&post=7942"},{"taxonomy":"post_tag","embeddable":true,"href":"https:\/\/noticiarioregional.com.br\/index.php?rest_route=%2Fwp%2Fv2%2Ftags&post=7942"}],"curies":[{"name":"wp","href":"https:\/\/api.w.org\/{rel}","templated":true}]}}