{"id":7947,"date":"2025-10-29T10:34:39","date_gmt":"2025-10-29T13:34:39","guid":{"rendered":"https:\/\/noticiarioregional.com.br\/?p=7947"},"modified":"2025-10-29T10:34:40","modified_gmt":"2025-10-29T13:34:40","slug":"caibi-e-contemplada-com-projeto-de-r-367-mil-voltado-a-saude-e-bem-estar-da-populacao-idosa","status":"publish","type":"post","link":"https:\/\/noticiarioregional.com.br\/?p=7947","title":{"rendered":"Caibi \u00e9 contemplada com projeto de R$ 367 mil voltado \u00e0 sa\u00fade e bem-estar da popula\u00e7\u00e3o idosa"},"content":{"rendered":"\n<p>O munic\u00edpio de Caibi foi contemplado com um importante projeto voltado \u00e0 promo\u00e7\u00e3o da sa\u00fade e da qualidade de vida da popula\u00e7\u00e3o, especialmente dos idosos. A iniciativa, elaborada pela secretaria Municipal de Planejamento, sob coordena\u00e7\u00e3o do secret\u00e1rio Miguel Picolli <strong><em>(foto)<\/em><\/strong>, recebeu aprova\u00e7\u00e3o do Fundo Estadual do Idoso, garantindo um recurso de R$ 367 mil para ser aplicado ao longo de um ano.<\/p>\n\n\n\n<p>De acordo com Picolli, o projeto prev\u00ea a contrata\u00e7\u00e3o de profissionais de Educa\u00e7\u00e3o F\u00edsica para ministrar aulas de hidrogin\u00e1stica, pilates e atividades f\u00edsicas voltadas \u00e0 terceira idade. Al\u00e9m disso, contempla a aquisi\u00e7\u00e3o de equipamentos de pilates, aparelhos para a academia e um equipamento especial para a piscina, destinado a controlar a umidade do ambiente, proporcionando mais conforto e seguran\u00e7a durante as atividades. \u201c<em>Esse recurso vem livre do Fundo Estadual do Idoso, ou seja, o munic\u00edpio n\u00e3o precisar\u00e1 utilizar recursos pr\u00f3prios para o pagamento desses profissionais. \u00c9 um projeto muito bem avaliado, recebeu nota 9.7, o que mostra o reconhecimento da sua import\u00e2ncia e qualidade<\/em>\u201d, destaca.<\/p>\n\n\n\n<p>A previs\u00e3o \u00e9 de que o projeto entre em funcionamento no in\u00edcio de 2026, coincidindo com a inaugura\u00e7\u00e3o do novo Espa\u00e7o Sa\u00fade, que teve sua primeira etapa finalizada e j\u00e1 iniciada a segunda, na qual prev\u00ea a constru\u00e7\u00e3o de uma cancha de bola rolada, uma de boliche e outra de bocha 48. Segundo o secret\u00e1rio, a obra se encontra em est\u00e1gio avan\u00e7ado, e a chegada dos equipamentos da academia e demais materiais est\u00e1 prevista para as pr\u00f3ximas semanas. \u201c<em>Nossa meta \u00e9 come\u00e7ar o ano com tudo pronto: espa\u00e7o conclu\u00eddo, profissionais contratados e equipamentos instalados. Ser\u00e1 um grande passo para fortalecer as a\u00e7\u00f5es de sa\u00fade preventiva e o bem-estar da nossa comunidade<\/em>\u201d, avalia Picolli.&nbsp;<\/p>\n\n\n\n<p>O projeto, segundo ele, reflete o compromisso da Administra\u00e7\u00e3o Municipal em investir em sa\u00fade, lazer e qualidade de vida, especialmente para o p\u00fablico idoso, que ganha cada vez mais aten\u00e7\u00e3o e estrutura dentro das pol\u00edticas p\u00fablicas municipais.<\/p>\n","protected":false},"excerpt":{"rendered":"<p>O munic\u00edpio de Caibi foi contemplado com um importante projeto voltado \u00e0 promo\u00e7\u00e3o da sa\u00fade e da qualidade de vida da popula\u00e7\u00e3o, especialmente dos idosos. A iniciativa, elaborada pela secretaria Municipal de Planejamento, sob coordena\u00e7\u00e3o do secret\u00e1rio Miguel Picolli (foto), recebeu aprova\u00e7\u00e3o do Fundo Estadual do Idoso, garantindo um recurso de R$ 367 mil para<\/p>\n","protected":false},"author":1,"featured_media":7948,"comment_status":"open","ping_status":"open","sticky":false,"template":"","format":"standard","meta":{"footnotes":""},"categories":[41],"tags":[],"class_list":{"0":"post-7947","1":"post","2":"type-post","3":"status-publish","4":"format-standard","5":"has-post-thumbnail","7":"category-noticias"},"_links":{"self":[{"href":"https:\/\/noticiarioregional.com.br\/index.php?rest_route=\/wp\/v2\/posts\/7947","targetHints":{"allow":["GET"]}}],"collection":[{"href":"https:\/\/noticiarioregional.com.br\/index.php?rest_route=\/wp\/v2\/posts"}],"about":[{"href":"https:\/\/noticiarioregional.com.br\/index.php?rest_route=\/wp\/v2\/types\/post"}],"author":[{"embeddable":true,"href":"https:\/\/noticiarioregional.com.br\/index.php?rest_route=\/wp\/v2\/users\/1"}],"replies":[{"embeddable":true,"href":"https:\/\/noticiarioregional.com.br\/index.php?rest_route=%2Fwp%2Fv2%2Fcomments&post=7947"}],"version-history":[{"count":1,"href":"https:\/\/noticiarioregional.com.br\/index.php?rest_route=\/wp\/v2\/posts\/7947\/revisions"}],"predecessor-version":[{"id":7949,"href":"https:\/\/noticiarioregional.com.br\/index.php?rest_route=\/wp\/v2\/posts\/7947\/revisions\/7949"}],"wp:featuredmedia":[{"embeddable":true,"href":"https:\/\/noticiarioregional.com.br\/index.php?rest_route=\/wp\/v2\/media\/7948"}],"wp:attachment":[{"href":"https:\/\/noticiarioregional.com.br\/index.php?rest_route=%2Fwp%2Fv2%2Fmedia&parent=7947"}],"wp:term":[{"taxonomy":"category","embeddable":true,"href":"https:\/\/noticiarioregional.com.br\/index.php?rest_route=%2Fwp%2Fv2%2Fcategories&post=7947"},{"taxonomy":"post_tag","embeddable":true,"href":"https:\/\/noticiarioregional.com.br\/index.php?rest_route=%2Fwp%2Fv2%2Ftags&post=7947"}],"curies":[{"name":"wp","href":"https:\/\/api.w.org\/{rel}","templated":true}]}}