{"id":7950,"date":"2025-10-29T10:38:20","date_gmt":"2025-10-29T13:38:20","guid":{"rendered":"https:\/\/noticiarioregional.com.br\/?p=7950"},"modified":"2025-10-29T10:38:21","modified_gmt":"2025-10-29T13:38:21","slug":"vereadora-apresenta-mocao-de-aplausos-em-reconhecimento-ao-caesp-de-sao-joao-do-oeste","status":"publish","type":"post","link":"https:\/\/noticiarioregional.com.br\/?p=7950","title":{"rendered":"Vereadora apresenta Mo\u00e7\u00e3o de Aplausos em reconhecimento ao CAESP de S\u00e3o Jo\u00e3o do Oeste"},"content":{"rendered":"\n<p><strong>S\u00e3o Jo\u00e3o do Oeste<\/strong> \u2013 De autoria da vereadora Lisete Follmann Ternus, e com parecer favor\u00e1vel dos demais vereadores, a C\u00e2mara de Vereadores votou e aprovou na sess\u00e3o desta segunda-feira, 20, a Mo\u00e7\u00e3o de Aplausos para o CAESP de S\u00e3o Jo\u00e3o do Oeste.<\/p>\n\n\n\n<p>Conforme a vereadora autora da mo\u00e7\u00e3o, o reconhecimento de entidades, organiza\u00e7\u00f5es e pessoas que se notabilizam por a\u00e7\u00f5es filantr\u00f3picas, solid\u00e1rias, sociais, culturais e esportivas, ou que se destacam pela excel\u00eancia do trabalho que executam em benef\u00edcio da popula\u00e7\u00e3o de S\u00e3o Jo\u00e3o do Oeste, tem sido uma pr\u00e1tica da Casa Legislativa. Comenta que ao longo de sua hist\u00f3ria, a C\u00e2mara de Vereadores condecorou e parabenizou in\u00fameros personagens e organiza\u00e7\u00f5es que, por demonstra\u00e7\u00f5es de uni\u00e3o e organiza\u00e7\u00e3o comunit\u00e1ria, conseguiram atrair a aten\u00e7\u00e3o da opini\u00e3o p\u00fablica, obtendo o respeito e a admira\u00e7\u00e3o da sociedade.<\/p>\n\n\n\n<p>Lisete justifica que o reconhecimento ao CAESP se deve pelo fato do importante trabalho que presta junto aos educandos, seus familiares e a sociedade, e das diversas a\u00e7\u00f5es que promove. Entre estas, cita a participa\u00e7\u00e3o na 23\u00aa edi\u00e7\u00e3o da Olimp\u00edada Estadual das APAES de Santa Catarina, realizada na cidade de Chapec\u00f3 no m\u00eas de julho, reunindo todas as regionais do estado, totalizando 18 delega\u00e7\u00f5es, com cerca de 60 integrantes cada. No evento, a delega\u00e7\u00e3o regional do Vale do Uruguai alcan\u00e7ou classifica\u00e7\u00e3o para a fase nacional a ser realizada em Bras\u00edlia no m\u00eas de dezembro, e pela primeira vez com atletas de S\u00e3o Jo\u00e3o do Oeste, que ser\u00e1 representada pelos educandos Carine Follmann, Edson Thiel e Eloir Traesel.<\/p>\n\n\n\n<p>A vereadora prop\u00f4s a mo\u00e7\u00e3o de aplausos ao CAESP, na pessoa da diretora Vanessa Schwengber, diante das conquistas que s\u00e3o fruto dos treinos de prepara\u00e7\u00e3o realizados pelos professores de educa\u00e7\u00e3o f\u00edsica, al\u00e9m do comprometimento e determina\u00e7\u00e3o dos alunos, apoiados constantemente pelos pais. Com a aprova\u00e7\u00e3o da mo\u00e7\u00e3o, Lisete destaca que na pr\u00f3xima segunda-feira, 27, ser\u00e1 realizada uma sess\u00e3o solene com a presen\u00e7a da diretoria e educandos do CAESP para prestar a homenagem e o reconhecimento a entidade.<\/p>\n","protected":false},"excerpt":{"rendered":"<p>S\u00e3o Jo\u00e3o do Oeste \u2013 De autoria da vereadora Lisete Follmann Ternus, e com parecer favor\u00e1vel dos demais vereadores, a C\u00e2mara de Vereadores votou e aprovou na sess\u00e3o desta segunda-feira, 20, a Mo\u00e7\u00e3o de Aplausos para o CAESP de S\u00e3o Jo\u00e3o do Oeste. Conforme a vereadora autora da mo\u00e7\u00e3o, o reconhecimento de entidades, organiza\u00e7\u00f5es e<\/p>\n","protected":false},"author":1,"featured_media":7951,"comment_status":"open","ping_status":"open","sticky":false,"template":"","format":"standard","meta":{"footnotes":""},"categories":[41],"tags":[],"class_list":{"0":"post-7950","1":"post","2":"type-post","3":"status-publish","4":"format-standard","5":"has-post-thumbnail","7":"category-noticias"},"_links":{"self":[{"href":"https:\/\/noticiarioregional.com.br\/index.php?rest_route=\/wp\/v2\/posts\/7950","targetHints":{"allow":["GET"]}}],"collection":[{"href":"https:\/\/noticiarioregional.com.br\/index.php?rest_route=\/wp\/v2\/posts"}],"about":[{"href":"https:\/\/noticiarioregional.com.br\/index.php?rest_route=\/wp\/v2\/types\/post"}],"author":[{"embeddable":true,"href":"https:\/\/noticiarioregional.com.br\/index.php?rest_route=\/wp\/v2\/users\/1"}],"replies":[{"embeddable":true,"href":"https:\/\/noticiarioregional.com.br\/index.php?rest_route=%2Fwp%2Fv2%2Fcomments&post=7950"}],"version-history":[{"count":1,"href":"https:\/\/noticiarioregional.com.br\/index.php?rest_route=\/wp\/v2\/posts\/7950\/revisions"}],"predecessor-version":[{"id":7952,"href":"https:\/\/noticiarioregional.com.br\/index.php?rest_route=\/wp\/v2\/posts\/7950\/revisions\/7952"}],"wp:featuredmedia":[{"embeddable":true,"href":"https:\/\/noticiarioregional.com.br\/index.php?rest_route=\/wp\/v2\/media\/7951"}],"wp:attachment":[{"href":"https:\/\/noticiarioregional.com.br\/index.php?rest_route=%2Fwp%2Fv2%2Fmedia&parent=7950"}],"wp:term":[{"taxonomy":"category","embeddable":true,"href":"https:\/\/noticiarioregional.com.br\/index.php?rest_route=%2Fwp%2Fv2%2Fcategories&post=7950"},{"taxonomy":"post_tag","embeddable":true,"href":"https:\/\/noticiarioregional.com.br\/index.php?rest_route=%2Fwp%2Fv2%2Ftags&post=7950"}],"curies":[{"name":"wp","href":"https:\/\/api.w.org\/{rel}","templated":true}]}}