{"id":7963,"date":"2025-10-29T10:51:01","date_gmt":"2025-10-29T13:51:01","guid":{"rendered":"https:\/\/noticiarioregional.com.br\/?p=7963"},"modified":"2025-10-29T10:51:03","modified_gmt":"2025-10-29T13:51:03","slug":"projeto-cuidar-visa-a-valorizacao-dos-grupos-da-melhor-idade","status":"publish","type":"post","link":"https:\/\/noticiarioregional.com.br\/?p=7963","title":{"rendered":"Projeto \u201cCUIDAR\u201d visa a valoriza\u00e7\u00e3o dos Grupos da Melhor Idade"},"content":{"rendered":"\n<p><strong>Descanso <\/strong>&#8211; Desde o in\u00edcio do ano, a Prefeitura de Descanso, por meio da Secretaria de Assist\u00eancia Social, est\u00e1 atuando com o projeto \u201cCUIDAR\u201d, com o objetivo de promover uma s\u00e9rie de atividades voltadas para o bem-estar e a integra\u00e7\u00e3o dos grupos da melhor idade do munic\u00edpio. A iniciativa busca oferecer palestras, rodas de conversa e a\u00e7\u00f5es educativas, com foco em proporcionar uma vida mais saud\u00e1vel, ativa e cheia de oportunidades para os idosos.<\/p>\n\n\n\n<p>Na quinta-feira, 16, os grupos de idosos do munic\u00edpio se reuniram em um interc\u00e2mbio promovido pelo Grupo Cristo Rei, da cidade, e pelo Grupo de Linha Cruzinhas. Durante o encontro, os idosos participaram de uma palestra educativa organizada pela Secretaria, pronunciamento das autoridades que prestigiaram o encontro, almo\u00e7o comunit\u00e1rio, sorteio de rifas, jogos de bingo e uma animada festa dan\u00e7ante, para celebrar a vida e a conviv\u00eancia entre os idosos.<\/p>\n\n\n\n<p>No uso da palavra, o prefeito de Descanso, Juliano Kasper, falou sobre a import\u00e2ncia de investir em iniciativas que promovem o bem-estar da popula\u00e7\u00e3o da terceira idade. <em>&#8220;Estamos empenhados em criar pol\u00edticas p\u00fablicas que melhorem a qualidade de vida de nossos idosos. Este projeto \u00e9 mais um passo em dire\u00e7\u00e3o ao fortalecimento de nossa comunidade, oferecendo oportunidades para que os idosos possam viver de forma mais plena e integrada \u00e0 sociedade&#8221;,<\/em> afirmou Juliano.<\/p>\n\n\n\n<p>Miguel Rodrigues, secret\u00e1rio da Assist\u00eancia Social, ressaltou o impacto positivo do projeto para os grupos da melhor idade. <em>&#8220;O evento de hoje \u00e9 um exemplo claro de como a integra\u00e7\u00e3o e o cuidado com os idosos s\u00e3o essenciais para o fortalecimento de nossa sociedade. O projeto &#8216;CUIDAR&#8217; tem sido um grande sucesso, e estamos comprometidos em continuar oferecendo atividades que tragam mais alegria, sa\u00fade e dignidade para nossos idosos&#8221;,<\/em> disse o secret\u00e1rio.<\/p>\n\n\n\n<figure class=\"wp-block-image size-large\"><img fetchpriority=\"high\" decoding=\"async\" width=\"768\" height=\"1024\" src=\"https:\/\/noticiarioregional.com.br\/wp-content\/uploads\/2025\/10\/Miguel-Rodrigues-secretario-da-Assistencia-Social-768x1024.jpeg\" alt=\"\" class=\"wp-image-7965\" srcset=\"https:\/\/noticiarioregional.com.br\/wp-content\/uploads\/2025\/10\/Miguel-Rodrigues-secretario-da-Assistencia-Social-768x1024.jpeg 768w, https:\/\/noticiarioregional.com.br\/wp-content\/uploads\/2025\/10\/Miguel-Rodrigues-secretario-da-Assistencia-Social-225x300.jpeg 225w, https:\/\/noticiarioregional.com.br\/wp-content\/uploads\/2025\/10\/Miguel-Rodrigues-secretario-da-Assistencia-Social-1152x1536.jpeg 1152w, https:\/\/noticiarioregional.com.br\/wp-content\/uploads\/2025\/10\/Miguel-Rodrigues-secretario-da-Assistencia-Social-150x200.jpeg 150w, https:\/\/noticiarioregional.com.br\/wp-content\/uploads\/2025\/10\/Miguel-Rodrigues-secretario-da-Assistencia-Social-450x600.jpeg 450w, https:\/\/noticiarioregional.com.br\/wp-content\/uploads\/2025\/10\/Miguel-Rodrigues-secretario-da-Assistencia-Social.jpeg 1200w\" sizes=\"(max-width: 768px) 100vw, 768px\" \/><figcaption class=\"wp-element-caption\"><strong><em>Miguel Rodrigues, secret\u00e1rio da Assist\u00eancia Social<\/em><\/strong><\/figcaption><\/figure>\n\n\n\n<p><\/p>\n","protected":false},"excerpt":{"rendered":"<p>Descanso &#8211; Desde o in\u00edcio do ano, a Prefeitura de Descanso, por meio da Secretaria de Assist\u00eancia Social, est\u00e1 atuando com o projeto \u201cCUIDAR\u201d, com o objetivo de promover uma s\u00e9rie de atividades voltadas para o bem-estar e a integra\u00e7\u00e3o dos grupos da melhor idade do munic\u00edpio. A iniciativa busca oferecer palestras, rodas de conversa<\/p>\n","protected":false},"author":1,"featured_media":7964,"comment_status":"open","ping_status":"open","sticky":false,"template":"","format":"standard","meta":{"footnotes":""},"categories":[41],"tags":[],"class_list":{"0":"post-7963","1":"post","2":"type-post","3":"status-publish","4":"format-standard","5":"has-post-thumbnail","7":"category-noticias"},"_links":{"self":[{"href":"https:\/\/noticiarioregional.com.br\/index.php?rest_route=\/wp\/v2\/posts\/7963","targetHints":{"allow":["GET"]}}],"collection":[{"href":"https:\/\/noticiarioregional.com.br\/index.php?rest_route=\/wp\/v2\/posts"}],"about":[{"href":"https:\/\/noticiarioregional.com.br\/index.php?rest_route=\/wp\/v2\/types\/post"}],"author":[{"embeddable":true,"href":"https:\/\/noticiarioregional.com.br\/index.php?rest_route=\/wp\/v2\/users\/1"}],"replies":[{"embeddable":true,"href":"https:\/\/noticiarioregional.com.br\/index.php?rest_route=%2Fwp%2Fv2%2Fcomments&post=7963"}],"version-history":[{"count":1,"href":"https:\/\/noticiarioregional.com.br\/index.php?rest_route=\/wp\/v2\/posts\/7963\/revisions"}],"predecessor-version":[{"id":7966,"href":"https:\/\/noticiarioregional.com.br\/index.php?rest_route=\/wp\/v2\/posts\/7963\/revisions\/7966"}],"wp:featuredmedia":[{"embeddable":true,"href":"https:\/\/noticiarioregional.com.br\/index.php?rest_route=\/wp\/v2\/media\/7964"}],"wp:attachment":[{"href":"https:\/\/noticiarioregional.com.br\/index.php?rest_route=%2Fwp%2Fv2%2Fmedia&parent=7963"}],"wp:term":[{"taxonomy":"category","embeddable":true,"href":"https:\/\/noticiarioregional.com.br\/index.php?rest_route=%2Fwp%2Fv2%2Fcategories&post=7963"},{"taxonomy":"post_tag","embeddable":true,"href":"https:\/\/noticiarioregional.com.br\/index.php?rest_route=%2Fwp%2Fv2%2Ftags&post=7963"}],"curies":[{"name":"wp","href":"https:\/\/api.w.org\/{rel}","templated":true}]}}