{"id":7970,"date":"2025-10-29T10:59:54","date_gmt":"2025-10-29T13:59:54","guid":{"rendered":"https:\/\/noticiarioregional.com.br\/?p=7970"},"modified":"2025-10-29T10:59:55","modified_gmt":"2025-10-29T13:59:55","slug":"secretaria-de-saude-de-santa-helena-realiza-primeira-entrega-de-aparelhos-auditivos-para-pacientes-do-municipio","status":"publish","type":"post","link":"https:\/\/noticiarioregional.com.br\/?p=7970","title":{"rendered":"Secretaria de Sa\u00fade de Santa Helena realiza primeira entrega de aparelhos auditivos para pacientes do munic\u00edpio"},"content":{"rendered":"\n<p><strong>Santa Helena \u2013<\/strong> Na quinta-feira, 23, 28 pacientes do munic\u00edpio foram contemplados com aparelhos auditivos. O secret\u00e1rio de Sa\u00fade, S\u00e9rgio Buche, explica que a entrega ocorreu atrav\u00e9s do programa Vida Melhor, institu\u00eddo este ano pelo munic\u00edpio. Cita que o investimento da secretaria foi em m\u00e9dia de R$ 3,8 mil por paciente, contabilizando as consultas e o valor de cada aparelho, totalizando pouco mais de R$ 100 mil.<\/p>\n\n\n\n<p>Conforme o secret\u00e1rio, inicialmente os pacientes passaram por consulta com o m\u00e9dico da unidade de sa\u00fade, e se constatados problemas na audi\u00e7\u00e3o, foram encaminhados para especialista que fez a audiometria em S\u00e3o Miguel do Oeste ou Maravilha, e posteriormente o profissional esteve no munic\u00edpio para atender os pacientes contemplados com os aparelhos.<\/p>\n\n\n\n<p>S\u00e9rgio acrescenta que cada aparelho tem garantia de dois anos, e ser\u00e1 de uso do paciente, sem custos. Lembra que conforme a demanda, outros pacientes ser\u00e3o atendidos, seguindo o SISREG, sistema que regula as filas do SUS.<\/p>\n\n\n\n<p>Al\u00e9m dos aparelhos auditivos, o programa Vida Melhor contempla tamb\u00e9m consultas e exames na \u00e1rea de ortopedia. O secret\u00e1rio destaca que est\u00e1 aberto o edital de credenciamento para compra de pr\u00f3teses de joelho e quadril, para atender pacientes que precisam fazer as cirurgias. Tamb\u00e9m est\u00e1 sendo finalizado o edital para credenciamento de empresas e profissionais que prestam o servi\u00e7o de denerva\u00e7\u00e3o da coluna, que objetiva reduzir a dor cervical. Ainda para o pr\u00f3ximo ano, tamb\u00e9m atrav\u00e9s do programa, ser\u00e3o oferecidas consultas de oftalmologia.<\/p>\n\n\n\n<p>O secret\u00e1rio refor\u00e7a que pacientes que tiverem alguma demanda nestas \u00e1reas contempladas pelo programa Vida Melhor, devem inicialmente procurar o m\u00e9dico da unidade de sa\u00fade, e se for constatado algum problema, ser\u00e1 feito o encaminhamento para especialista.<\/p>\n","protected":false},"excerpt":{"rendered":"<p>Santa Helena \u2013 Na quinta-feira, 23, 28 pacientes do munic\u00edpio foram contemplados com aparelhos auditivos. O secret\u00e1rio de Sa\u00fade, S\u00e9rgio Buche, explica que a entrega ocorreu atrav\u00e9s do programa Vida Melhor, institu\u00eddo este ano pelo munic\u00edpio. Cita que o investimento da secretaria foi em m\u00e9dia de R$ 3,8 mil por paciente, contabilizando as consultas e<\/p>\n","protected":false},"author":1,"featured_media":7971,"comment_status":"open","ping_status":"open","sticky":false,"template":"","format":"standard","meta":{"footnotes":""},"categories":[41],"tags":[],"class_list":{"0":"post-7970","1":"post","2":"type-post","3":"status-publish","4":"format-standard","5":"has-post-thumbnail","7":"category-noticias"},"_links":{"self":[{"href":"https:\/\/noticiarioregional.com.br\/index.php?rest_route=\/wp\/v2\/posts\/7970","targetHints":{"allow":["GET"]}}],"collection":[{"href":"https:\/\/noticiarioregional.com.br\/index.php?rest_route=\/wp\/v2\/posts"}],"about":[{"href":"https:\/\/noticiarioregional.com.br\/index.php?rest_route=\/wp\/v2\/types\/post"}],"author":[{"embeddable":true,"href":"https:\/\/noticiarioregional.com.br\/index.php?rest_route=\/wp\/v2\/users\/1"}],"replies":[{"embeddable":true,"href":"https:\/\/noticiarioregional.com.br\/index.php?rest_route=%2Fwp%2Fv2%2Fcomments&post=7970"}],"version-history":[{"count":1,"href":"https:\/\/noticiarioregional.com.br\/index.php?rest_route=\/wp\/v2\/posts\/7970\/revisions"}],"predecessor-version":[{"id":7972,"href":"https:\/\/noticiarioregional.com.br\/index.php?rest_route=\/wp\/v2\/posts\/7970\/revisions\/7972"}],"wp:featuredmedia":[{"embeddable":true,"href":"https:\/\/noticiarioregional.com.br\/index.php?rest_route=\/wp\/v2\/media\/7971"}],"wp:attachment":[{"href":"https:\/\/noticiarioregional.com.br\/index.php?rest_route=%2Fwp%2Fv2%2Fmedia&parent=7970"}],"wp:term":[{"taxonomy":"category","embeddable":true,"href":"https:\/\/noticiarioregional.com.br\/index.php?rest_route=%2Fwp%2Fv2%2Fcategories&post=7970"},{"taxonomy":"post_tag","embeddable":true,"href":"https:\/\/noticiarioregional.com.br\/index.php?rest_route=%2Fwp%2Fv2%2Ftags&post=7970"}],"curies":[{"name":"wp","href":"https:\/\/api.w.org\/{rel}","templated":true}]}}