{"id":7973,"date":"2025-10-29T11:33:52","date_gmt":"2025-10-29T14:33:52","guid":{"rendered":"https:\/\/noticiarioregional.com.br\/?p=7973"},"modified":"2025-10-29T11:33:53","modified_gmt":"2025-10-29T14:33:53","slug":"associacao-hospitalar-mondai-inaugura-espaco-pediatrico-idealizado-pelo-projeto-asas-da-esperanca","status":"publish","type":"post","link":"https:\/\/noticiarioregional.com.br\/?p=7973","title":{"rendered":"Associa\u00e7\u00e3o Hospitalar Monda\u00ed inaugura espa\u00e7o pedi\u00e1trico idealizado pelo Projeto Asas da Esperan\u00e7a"},"content":{"rendered":"\n<p><strong>Monda\u00ed<\/strong> \u2013 15 de outubro de 2025. Uma noite de emo\u00e7\u00f5es profundas marcou a inaugura\u00e7\u00e3o do quarto pedi\u00e1trico da Associa\u00e7\u00e3o Hospitalar Monda\u00ed, um espa\u00e7o que transcende a fun\u00e7\u00e3o hospitalar e se transforma em s\u00edmbolo de amor, acolhimento e f\u00e9. O ambiente, totalmente reformulado e pensado para oferecer conforto \u00e0s crian\u00e7as em tratamento, foi idealizado e concretizado pelo Projeto Asas da Esperan\u00e7a, uma iniciativa nascida do cora\u00e7\u00e3o de duas m\u00e3es que transformaram a dor da perda em solidariedade: Tatiana M\u00fcller Kich e Sirlei Nedel.<\/p>\n\n\n\n<p>O novo quarto pedi\u00e1trico \u00e9, antes de tudo, um gesto de amor. Criado em homenagem aos meninos \u00c2ngelo e Gustavo, filhos de Tatiana e Sirley, o espa\u00e7o representa a continuidade de vidas que, embora breves, deixaram marcas profundas. Colorido, acolhedor e repleto de detalhes simb\u00f3licos, o quarto foi planejado para oferecer um pouco de leveza e esperan\u00e7a nos dias dif\u00edceis de interna\u00e7\u00e3o das crian\u00e7as. \u201c<em>Eles foram e continuam sendo a grande inspira\u00e7\u00e3o para que tudo isso se tornasse realidade<\/em>\u201d, destacou a dire\u00e7\u00e3o do hospital durante a solenidade. \u201c<em>Sentimos que, neste momento, \u00c2ngelo e Gustavo est\u00e3o sorrindo l\u00e1 de cima, orgulhosos de suas fam\u00edlias, por transformarem a dor em cuidado ao pr\u00f3ximo<\/em>.\u201d<\/p>\n\n\n\n<p>A cerim\u00f4nia de inaugura\u00e7\u00e3o contou com a presen\u00e7a de autoridades municipais, representantes do hospital, familiares, amigos e membros da comunidade. Para o presidente da Associa\u00e7\u00e3o Hospitalar Monda\u00ed, Elsio Schmeier, o momento representou muito mais do que a entrega de um novo espa\u00e7o, simbolizou a uni\u00e3o entre hospital e comunidade. \u201c<em>\u00c9 dif\u00edcil falar nesse momento, mas o que define tudo isso \u00e9 gratid\u00e3o. A atitude dessas fam\u00edlias e o apoio da comunidade mostram que o hospital est\u00e1 de portas abertas para a\u00e7\u00f5es que humanizam e aproximam. Esse quarto vai ajudar muitas crian\u00e7as, e tenho certeza de que anjos estar\u00e3o olhando por elas<\/em>\u201d, afirmou emocionado.<\/p>\n\n\n\n<p>Entre l\u00e1grimas e sorrisos, Sirlei, uma das idealizadoras do projeto, expressou com do\u00e7ura e coragem o prop\u00f3sito por tr\u00e1s da cria\u00e7\u00e3o do quarto. \u201c<em>\u00c9 um misto de sentimentos: gratid\u00e3o e saudade. Eu queria realizar isso junto com ele, mas sei que Deus tem seus prop\u00f3sitos. Esse quarto nasceu de um pedido do meu filho \u2014 ele queria ajudar outras crian\u00e7as. E hoje, ao entregar esse espa\u00e7o, sinto que estamos deixando um legado de amor, esperan\u00e7a e f\u00e9<\/em>\u201d, disse emocionada.<\/p>\n\n\n\n<figure class=\"wp-block-image size-large\"><img fetchpriority=\"high\" decoding=\"async\" width=\"1024\" height=\"683\" src=\"http:\/\/noticiarioregional.com.br\/wp-content\/uploads\/2025\/10\/IMG_4660-1024x683.jpg\" alt=\"\" class=\"wp-image-7974\" srcset=\"https:\/\/noticiarioregional.com.br\/wp-content\/uploads\/2025\/10\/IMG_4660-1024x683.jpg 1024w, https:\/\/noticiarioregional.com.br\/wp-content\/uploads\/2025\/10\/IMG_4660-300x200.jpg 300w, https:\/\/noticiarioregional.com.br\/wp-content\/uploads\/2025\/10\/IMG_4660-768x512.jpg 768w, https:\/\/noticiarioregional.com.br\/wp-content\/uploads\/2025\/10\/IMG_4660-1536x1024.jpg 1536w, https:\/\/noticiarioregional.com.br\/wp-content\/uploads\/2025\/10\/IMG_4660-2048x1365.jpg 2048w, https:\/\/noticiarioregional.com.br\/wp-content\/uploads\/2025\/10\/IMG_4660-150x100.jpg 150w, https:\/\/noticiarioregional.com.br\/wp-content\/uploads\/2025\/10\/IMG_4660-450x300.jpg 450w, https:\/\/noticiarioregional.com.br\/wp-content\/uploads\/2025\/10\/IMG_4660-1200x800.jpg 1200w\" sizes=\"(max-width: 1024px) 100vw, 1024px\" \/><\/figure>\n\n\n\n<p>Tatiana, igualmente emocionada, refor\u00e7ou o significado do momento como forma de ressignificar a perda. \u201c<em>Estamos aqui com o cora\u00e7\u00e3o cheio de saudade, mas tamb\u00e9m de amor e coragem. Esse quarto \u00e9 um pedacinho dos nossos meninos. \u00c9 a forma que encontramos de seguir, fazendo o bem, levando conforto e esperan\u00e7a para outras fam\u00edlias. E isso s\u00f3 foi poss\u00edvel porque fomos amparadas por uma comunidade acolhedora, por amigos e por pessoas que acreditaram conosco<\/em>\u201d, afirmou.<\/p>\n\n\n\n<figure class=\"wp-block-image size-large\"><img decoding=\"async\" width=\"1024\" height=\"683\" src=\"http:\/\/noticiarioregional.com.br\/wp-content\/uploads\/2025\/10\/IMG_4694-1024x683.jpg\" alt=\"\" class=\"wp-image-7976\" srcset=\"https:\/\/noticiarioregional.com.br\/wp-content\/uploads\/2025\/10\/IMG_4694-1024x683.jpg 1024w, https:\/\/noticiarioregional.com.br\/wp-content\/uploads\/2025\/10\/IMG_4694-300x200.jpg 300w, https:\/\/noticiarioregional.com.br\/wp-content\/uploads\/2025\/10\/IMG_4694-768x512.jpg 768w, https:\/\/noticiarioregional.com.br\/wp-content\/uploads\/2025\/10\/IMG_4694-1536x1024.jpg 1536w, https:\/\/noticiarioregional.com.br\/wp-content\/uploads\/2025\/10\/IMG_4694-2048x1365.jpg 2048w, https:\/\/noticiarioregional.com.br\/wp-content\/uploads\/2025\/10\/IMG_4694-150x100.jpg 150w, https:\/\/noticiarioregional.com.br\/wp-content\/uploads\/2025\/10\/IMG_4694-450x300.jpg 450w, https:\/\/noticiarioregional.com.br\/wp-content\/uploads\/2025\/10\/IMG_4694-1200x800.jpg 1200w\" sizes=\"(max-width: 1024px) 100vw, 1024px\" \/><\/figure>\n\n\n\n<p>O quarto pedi\u00e1trico do Hospital de Monda\u00ed \u00e9 o primeiro projeto do Asas da Esperan\u00e7a entregue no munic\u00edpio, e o segundo idealizado pelas m\u00e3es Tatiana e Sirlei, o primeiro foi em Chapec\u00f3.<\/p>\n","protected":false},"excerpt":{"rendered":"<p>Monda\u00ed \u2013 15 de outubro de 2025. Uma noite de emo\u00e7\u00f5es profundas marcou a inaugura\u00e7\u00e3o do quarto pedi\u00e1trico da Associa\u00e7\u00e3o Hospitalar Monda\u00ed, um espa\u00e7o que transcende a fun\u00e7\u00e3o hospitalar e se transforma em s\u00edmbolo de amor, acolhimento e f\u00e9. O ambiente, totalmente reformulado e pensado para oferecer conforto \u00e0s crian\u00e7as em tratamento, foi idealizado e<\/p>\n","protected":false},"author":1,"featured_media":7975,"comment_status":"open","ping_status":"open","sticky":false,"template":"","format":"standard","meta":{"footnotes":""},"categories":[41],"tags":[],"class_list":{"0":"post-7973","1":"post","2":"type-post","3":"status-publish","4":"format-standard","5":"has-post-thumbnail","7":"category-noticias"},"_links":{"self":[{"href":"https:\/\/noticiarioregional.com.br\/index.php?rest_route=\/wp\/v2\/posts\/7973","targetHints":{"allow":["GET"]}}],"collection":[{"href":"https:\/\/noticiarioregional.com.br\/index.php?rest_route=\/wp\/v2\/posts"}],"about":[{"href":"https:\/\/noticiarioregional.com.br\/index.php?rest_route=\/wp\/v2\/types\/post"}],"author":[{"embeddable":true,"href":"https:\/\/noticiarioregional.com.br\/index.php?rest_route=\/wp\/v2\/users\/1"}],"replies":[{"embeddable":true,"href":"https:\/\/noticiarioregional.com.br\/index.php?rest_route=%2Fwp%2Fv2%2Fcomments&post=7973"}],"version-history":[{"count":1,"href":"https:\/\/noticiarioregional.com.br\/index.php?rest_route=\/wp\/v2\/posts\/7973\/revisions"}],"predecessor-version":[{"id":7977,"href":"https:\/\/noticiarioregional.com.br\/index.php?rest_route=\/wp\/v2\/posts\/7973\/revisions\/7977"}],"wp:featuredmedia":[{"embeddable":true,"href":"https:\/\/noticiarioregional.com.br\/index.php?rest_route=\/wp\/v2\/media\/7975"}],"wp:attachment":[{"href":"https:\/\/noticiarioregional.com.br\/index.php?rest_route=%2Fwp%2Fv2%2Fmedia&parent=7973"}],"wp:term":[{"taxonomy":"category","embeddable":true,"href":"https:\/\/noticiarioregional.com.br\/index.php?rest_route=%2Fwp%2Fv2%2Fcategories&post=7973"},{"taxonomy":"post_tag","embeddable":true,"href":"https:\/\/noticiarioregional.com.br\/index.php?rest_route=%2Fwp%2Fv2%2Ftags&post=7973"}],"curies":[{"name":"wp","href":"https:\/\/api.w.org\/{rel}","templated":true}]}}