{"id":7981,"date":"2025-10-29T11:37:28","date_gmt":"2025-10-29T14:37:28","guid":{"rendered":"https:\/\/noticiarioregional.com.br\/?p=7981"},"modified":"2025-10-29T11:37:29","modified_gmt":"2025-10-29T14:37:29","slug":"hospital-santa-casa-rural-e-contemplado-com-emenda-de-r-200-mil","status":"publish","type":"post","link":"https:\/\/noticiarioregional.com.br\/?p=7981","title":{"rendered":"Hospital Santa Casa Rural \u00e9 contemplado com emenda de R$ 200 mil"},"content":{"rendered":"\n<p><em>Recurso ser\u00e1 destinado para pagamento do plant\u00e3o m\u00e9dico<\/em><\/p>\n\n\n\n<p><strong>S\u00e3o Jo\u00e3o do Oeste \u2013<\/strong> O Hospital Santa Casa Rural de S\u00e3o Jo\u00e3o do Oeste, sob gest\u00e3o do Instituto Sant\u00e9, recebeu um aporte de R$ 200 mil proveniente de emenda parlamentar individual da senadora Ivete da Silveira. O recurso foi liberado em 25 de setembro e tem como finalidade o pagamento de plantonistas m\u00e9dicos, contribuindo diretamente para a manuten\u00e7\u00e3o da assist\u00eancia prestada \u00e0 comunidade.<\/p>\n\n\n\n<p>A aplica\u00e7\u00e3o do valor est\u00e1 prevista para iniciar em novembro, cobrindo os pagamentos referentes a outubro, e deve se estender por cerca de tr\u00eas meses e meio. A escolha pela destina\u00e7\u00e3o ao custeio dos plant\u00f5es foi definida pela gest\u00e3o do hospital, considerando a necessidade de garantir o equil\u00edbrio or\u00e7ament\u00e1rio e a continuidade dos servi\u00e7os.<\/p>\n\n\n\n<p>Com o apoio t\u00e9cnico do Escrit\u00f3rio de Projetos do Instituto Sant\u00e9, a utiliza\u00e7\u00e3o do recurso foi inserida no planejamento estrat\u00e9gico da unidade, fortalecendo a sustentabilidade financeira e operacional. <em>\u201cAs emendas s\u00e3o de suma import\u00e2ncia para a manuten\u00e7\u00e3o dos nossos servi\u00e7os. A destina\u00e7\u00e3o contribui para reduzir o d\u00e9ficit mensal, assegurar o pagamento regular de fornecedores e colaboradores e manter o padr\u00e3o de qualidade no atendimento \u00e0 popula\u00e7\u00e3o\u201d,<\/em> destaca a diretora M\u00f4nica Canton, ressaltando que o aporte refor\u00e7a o compromisso do Instituto Sant\u00e9 com uma gest\u00e3o eficiente, respons\u00e1vel e voltada ao cuidado humano.<\/p>\n","protected":false},"excerpt":{"rendered":"<p>Recurso ser\u00e1 destinado para pagamento do plant\u00e3o m\u00e9dico S\u00e3o Jo\u00e3o do Oeste \u2013 O Hospital Santa Casa Rural de S\u00e3o Jo\u00e3o do Oeste, sob gest\u00e3o do Instituto Sant\u00e9, recebeu um aporte de R$ 200 mil proveniente de emenda parlamentar individual da senadora Ivete da Silveira. O recurso foi liberado em 25 de setembro e tem<\/p>\n","protected":false},"author":1,"featured_media":7982,"comment_status":"open","ping_status":"open","sticky":false,"template":"","format":"standard","meta":{"footnotes":""},"categories":[41],"tags":[],"class_list":{"0":"post-7981","1":"post","2":"type-post","3":"status-publish","4":"format-standard","5":"has-post-thumbnail","7":"category-noticias"},"_links":{"self":[{"href":"https:\/\/noticiarioregional.com.br\/index.php?rest_route=\/wp\/v2\/posts\/7981","targetHints":{"allow":["GET"]}}],"collection":[{"href":"https:\/\/noticiarioregional.com.br\/index.php?rest_route=\/wp\/v2\/posts"}],"about":[{"href":"https:\/\/noticiarioregional.com.br\/index.php?rest_route=\/wp\/v2\/types\/post"}],"author":[{"embeddable":true,"href":"https:\/\/noticiarioregional.com.br\/index.php?rest_route=\/wp\/v2\/users\/1"}],"replies":[{"embeddable":true,"href":"https:\/\/noticiarioregional.com.br\/index.php?rest_route=%2Fwp%2Fv2%2Fcomments&post=7981"}],"version-history":[{"count":1,"href":"https:\/\/noticiarioregional.com.br\/index.php?rest_route=\/wp\/v2\/posts\/7981\/revisions"}],"predecessor-version":[{"id":7983,"href":"https:\/\/noticiarioregional.com.br\/index.php?rest_route=\/wp\/v2\/posts\/7981\/revisions\/7983"}],"wp:featuredmedia":[{"embeddable":true,"href":"https:\/\/noticiarioregional.com.br\/index.php?rest_route=\/wp\/v2\/media\/7982"}],"wp:attachment":[{"href":"https:\/\/noticiarioregional.com.br\/index.php?rest_route=%2Fwp%2Fv2%2Fmedia&parent=7981"}],"wp:term":[{"taxonomy":"category","embeddable":true,"href":"https:\/\/noticiarioregional.com.br\/index.php?rest_route=%2Fwp%2Fv2%2Fcategories&post=7981"},{"taxonomy":"post_tag","embeddable":true,"href":"https:\/\/noticiarioregional.com.br\/index.php?rest_route=%2Fwp%2Fv2%2Ftags&post=7981"}],"curies":[{"name":"wp","href":"https:\/\/api.w.org\/{rel}","templated":true}]}}