{"id":7984,"date":"2025-10-29T11:39:01","date_gmt":"2025-10-29T14:39:01","guid":{"rendered":"https:\/\/noticiarioregional.com.br\/?p=7984"},"modified":"2025-10-31T10:48:49","modified_gmt":"2025-10-31T13:48:49","slug":"corpo-de-bombeiros-militar-abre-inscricoes-para-curso-de-guarda-vidas-civil-voluntario-de-rio","status":"publish","type":"post","link":"https:\/\/noticiarioregional.com.br\/?p=7984","title":{"rendered":"Corpo de Bombeiros Militar abre inscri\u00e7\u00f5es para Curso de Guarda-Vidas Civil Volunt\u00e1rio de Rio"},"content":{"rendered":"\n<p><em>Capacita\u00e7\u00e3o visa formar volunt\u00e1rios aptos a atuar em a\u00e7\u00f5es de preven\u00e7\u00e3o e salvamento aqu\u00e1tico em rios e lagos da regi\u00e3o<\/em><\/p>\n\n\n\n<p><strong>Monda\u00ed\/Itapiranga &#8211;<\/strong> O Corpo de Bombeiros Militar anunciou a abertura das inscri\u00e7\u00f5es para o Curso de Guarda-Vidas Civil Volunt\u00e1rio de Rio, que ocorrer\u00e1 entre os dias 10 e 24 de novembro, com carga hor\u00e1ria total de 52 horas. As inscri\u00e7\u00f5es est\u00e3o abertas de 9 a 30 de outubro, e devem ser realizadas exclusivamente por meio de formul\u00e1rio on-line, dispon\u00edvel atrav\u00e9s de link divulgado nas redes sociais e canais oficiais do 12\u00ba Batalh\u00e3o de Bombeiros Militar (12\u00ba BBM), sediado em Itapiranga.<\/p>\n\n\n\n<p>De acordo com o Sargento BM Tiago Sidnei Bieger, coordenador da atividade, o curso tem como objetivo capacitar volunt\u00e1rios para atuar na preven\u00e7\u00e3o e no salvamento aqu\u00e1tico em rios, lagos, represas, a\u00e7udes e similares, contribuindo para a seguran\u00e7a de banhistas e comunidades durante a temporada de ver\u00e3o.<\/p>\n\n\n\n<p>Ao todo, 30 vagas est\u00e3o dispon\u00edveis, sendo necess\u00e1rio o m\u00ednimo de 15 inscritos para a efetiva\u00e7\u00e3o do curso. Os candidatos devem ter no m\u00ednimo 18 anos, estar fisicamente aptos (com comprova\u00e7\u00e3o m\u00e9dica), n\u00e3o possuir antecedentes criminais e, no caso de homens, estar em dia com o servi\u00e7o militar obrigat\u00f3rio.<\/p>\n\n\n\n<p>A sele\u00e7\u00e3o ser\u00e1 composta por tr\u00eas etapas:<\/p>\n\n\n\n<ul class=\"wp-block-list\">\n<li>Teste de Aptid\u00e3o F\u00edsica (TAF) \u2013 de car\u00e1ter classificat\u00f3rio e eliminat\u00f3rio;<\/li>\n\n\n\n<li>Apresenta\u00e7\u00e3o de documentos \u2013 de car\u00e1ter eliminat\u00f3rio;<\/li>\n\n\n\n<li>Investiga\u00e7\u00e3o social \u2013 tamb\u00e9m eliminat\u00f3ria.<\/li>\n<\/ul>\n\n\n\n<p>O Teste de Aptid\u00e3o F\u00edsica ser\u00e1 realizado no dia 3 de novembro, com provas de nata\u00e7\u00e3o &#8211; 200 metros em at\u00e9 6 minutos e corrida &#8211; 1.600 metros em at\u00e9 9 minutos, ambas na cidade de Itapiranga. Os resultados ser\u00e3o divulgados no dia 4 de novembro, a partir das 19h, no quartel do Corpo de Bombeiros e nas redes sociais da corpora\u00e7\u00e3o.<\/p>\n\n\n\n<p>Os aprovados dever\u00e3o apresentar documenta\u00e7\u00e3o comprobat\u00f3ria nos dias 5 e 6 de novembro, incluindo certid\u00f5es de antecedentes criminais, comprovante de resid\u00eancia, atestado m\u00e9dico recente e exame toxicol\u00f3gico negativo. O resultado final do processo seletivo ser\u00e1 publicado no dia 7 de novembro.<\/p>\n\n\n\n<p>As aulas ser\u00e3o realizadas na Escola de Educa\u00e7\u00e3o Fundamental Porto Novo, localizada na Rua S\u00e3o Bonif\u00e1cio, 1221, em Itapiranga. As atividades ocorrer\u00e3o de segunda a quinta-feira, das 19h \u00e0s 22h30, e nas sextas-feiras, das 8h \u00e0s 17h, podendo haver aulas aos s\u00e1bados, mediante aviso pr\u00e9vio.<\/p>\n\n\n\n<p>Os concluintes com aproveitamento receber\u00e3o certificado de Guarda-Vidas Civil Volunt\u00e1rio de Rio (CGVCVRio), que os habilita a atuar como volunt\u00e1rios em opera\u00e7\u00f5es de salvamento em ambientes naturais sob a coordena\u00e7\u00e3o do Corpo de Bombeiros Militar de Santa Catarina (CBMSC).<\/p>\n\n\n\n<p>O Sargento Tiago Bieger destaca que o curso \u00e9 uma oportunidade de engajamento comunit\u00e1rio e cidadania.&nbsp; \u201c<em>O trabalho dos guarda-vidas civis volunt\u00e1rios \u00e9 essencial para a preven\u00e7\u00e3o de acidentes e para o salvamento de vidas em ambientes aqu\u00e1ticos. Essa forma\u00e7\u00e3o oferece n\u00e3o apenas preparo t\u00e9cnico, mas tamb\u00e9m um forte senso de responsabilidade e solidariedade com a comunidade<\/em>.\u201d<\/p>\n\n\n\n<p>Os interessados podem entrar em contato diretamente com o Quartel do Corpo de Bombeiros Militar de Itapiranga ou de Monda\u00ed, ou acompanhar as publica\u00e7\u00f5es oficiais nas redes sociais do CBMSC.<\/p>\n","protected":false},"excerpt":{"rendered":"<p>Capacita\u00e7\u00e3o visa formar volunt\u00e1rios aptos a atuar em a\u00e7\u00f5es de preven\u00e7\u00e3o e salvamento aqu\u00e1tico em rios e lagos da regi\u00e3o Monda\u00ed\/Itapiranga &#8211; O Corpo de Bombeiros Militar anunciou a abertura das inscri\u00e7\u00f5es para o Curso de Guarda-Vidas Civil Volunt\u00e1rio de Rio, que ocorrer\u00e1 entre os dias 10 e 24 de novembro, com carga hor\u00e1ria total<\/p>\n","protected":false},"author":1,"featured_media":7985,"comment_status":"open","ping_status":"open","sticky":false,"template":"","format":"standard","meta":{"footnotes":""},"categories":[41],"tags":[],"class_list":{"0":"post-7984","1":"post","2":"type-post","3":"status-publish","4":"format-standard","5":"has-post-thumbnail","7":"category-noticias"},"_links":{"self":[{"href":"https:\/\/noticiarioregional.com.br\/index.php?rest_route=\/wp\/v2\/posts\/7984","targetHints":{"allow":["GET"]}}],"collection":[{"href":"https:\/\/noticiarioregional.com.br\/index.php?rest_route=\/wp\/v2\/posts"}],"about":[{"href":"https:\/\/noticiarioregional.com.br\/index.php?rest_route=\/wp\/v2\/types\/post"}],"author":[{"embeddable":true,"href":"https:\/\/noticiarioregional.com.br\/index.php?rest_route=\/wp\/v2\/users\/1"}],"replies":[{"embeddable":true,"href":"https:\/\/noticiarioregional.com.br\/index.php?rest_route=%2Fwp%2Fv2%2Fcomments&post=7984"}],"version-history":[{"count":1,"href":"https:\/\/noticiarioregional.com.br\/index.php?rest_route=\/wp\/v2\/posts\/7984\/revisions"}],"predecessor-version":[{"id":7986,"href":"https:\/\/noticiarioregional.com.br\/index.php?rest_route=\/wp\/v2\/posts\/7984\/revisions\/7986"}],"wp:featuredmedia":[{"embeddable":true,"href":"https:\/\/noticiarioregional.com.br\/index.php?rest_route=\/wp\/v2\/media\/7985"}],"wp:attachment":[{"href":"https:\/\/noticiarioregional.com.br\/index.php?rest_route=%2Fwp%2Fv2%2Fmedia&parent=7984"}],"wp:term":[{"taxonomy":"category","embeddable":true,"href":"https:\/\/noticiarioregional.com.br\/index.php?rest_route=%2Fwp%2Fv2%2Fcategories&post=7984"},{"taxonomy":"post_tag","embeddable":true,"href":"https:\/\/noticiarioregional.com.br\/index.php?rest_route=%2Fwp%2Fv2%2Ftags&post=7984"}],"curies":[{"name":"wp","href":"https:\/\/api.w.org\/{rel}","templated":true}]}}