{"id":8029,"date":"2025-11-12T10:43:38","date_gmt":"2025-11-12T13:43:38","guid":{"rendered":"https:\/\/noticiarioregional.com.br\/?p=8029"},"modified":"2025-11-12T10:43:39","modified_gmt":"2025-11-12T13:43:39","slug":"riqueza-se-prepara-para-celebrar-seu-aniversario-com-extensa-programacao-em-dezembro","status":"publish","type":"post","link":"https:\/\/noticiarioregional.com.br\/?p=8029","title":{"rendered":"Riqueza se prepara para celebrar seu anivers\u00e1rio com extensa programa\u00e7\u00e3o em dezembro"},"content":{"rendered":"\n<p>O clima de festa j\u00e1 come\u00e7a a tomar conta de Riqueza. Segundo o prefeito Juliano Bortolanza, o munic\u00edpio est\u00e1 se preparando para celebrar mais um ano de hist\u00f3ria com uma programa\u00e7\u00e3o especial durante todo o m\u00eas de dezembro, marcada por eventos culturais, atividades voltadas \u00e0 educa\u00e7\u00e3o, celebra\u00e7\u00f5es natalinas e momentos de confraterniza\u00e7\u00e3o comunit\u00e1ria. &nbsp;\u201c<em>Queremos que cada morador se sinta parte dessa comemora\u00e7\u00e3o. \u00c9 um momento de gratid\u00e3o e alegria por tudo que Riqueza vem conquistando<\/em>\u201d, enfatiza Bortolanza.<\/p>\n\n\n\n<p>O m\u00eas festivo come\u00e7a com as formaturas dos pr\u00e9-escolares das institui\u00e7\u00f5es Nedyr Spezzatto e Gessy Spier Averbeck no dia 5. J\u00e1 no dia 06 de dezembro, \u00e0s 19h30, o p\u00fablico poder\u00e1 prestigiar o espet\u00e1culo de patina\u00e7\u00e3o art\u00edstica \u201cJardim Encantado\u201d, que explorar\u00e1 as quatro esta\u00e7\u00f5es do ano em um show de cores, luzes e coreografias encantadoras. Nos dias 08 a 11 de dezembro \u2013 A magia do Natal chega \u00e0s escolas, com a visita do Papai Noel que promete emocionar crian\u00e7as e professores:<\/p>\n\n\n\n<ul class=\"wp-block-list\">\n<li>08\/12: Papai Noel no C.E. Nedyr Spezzatto (per\u00edodo vespertino)<\/li>\n\n\n\n<li>09\/12: Natal dos Idosos com a presen\u00e7a do Bom Velhinho e de todos os idosos do munic\u00edpio, com in\u00edcio \u00e0s 10h<\/li>\n\n\n\n<li>10\/12: Papai Noel no C.E. Izabel Bassani<\/li>\n\n\n\n<li>11\/12: Papai Noel no CMEI Gessy Spier Averbeck<\/li>\n<\/ul>\n\n\n\n<p>Ainda no dia 11, ocorre a Formatura da Casa Familiar Rural, \u00e0s 19h30, no pavilh\u00e3o cat\u00f3lico, reunindo fam\u00edlias e autoridades locais.<\/p>\n\n\n\n<p>O CTG Sem Fronteira ser\u00e1 palco de tr\u00eas dias de celebra\u00e7\u00e3o tradicionalista, entre os dias 12, 13 e 14 de dezembro. A abertura oficial ocorre no s\u00e1bado, 13, \u00e0s 18h30, dando in\u00edcio ao 30\u00ba CTG Sem Fronteira, evento que promete reunir cavaleiros, prendas, pe\u00f5es e admiradores da cultura ga\u00facha.<\/p>\n\n\n\n<p>&nbsp;&nbsp;&nbsp;&nbsp;&nbsp;&nbsp;&nbsp;&nbsp;&nbsp;&nbsp;&nbsp; J\u00e1 para a noite do dia 12, ser\u00e1 dedicada \u00e0 comemora\u00e7\u00e3o oficial do anivers\u00e1rio do munic\u00edpio, com in\u00edcio \u00e0s 19h. A programa\u00e7\u00e3o contar\u00e1 com: apresenta\u00e7\u00f5es de corais e fanfarra, pronunciamento das autoridades, Coral Italiano, execu\u00e7\u00e3o de m\u00fasicas natalinas pela fanfarra, corte do bolo de anivers\u00e1rio<\/p>\n\n\n\n<p>Ap\u00f3s as solenidades, a festa continua com muita m\u00fasica: 20h30 &#8211; Musical Lideran\u00e7a (Marlon); 22h \u00e0s 00h &#8211; Grupo Tch\u00ea Barbaridade e das 00h \u00e0s 02h &#8211; Banda Ess\u00eancia da Noite<\/p>\n\n\n\n<p>At\u00e9 o fim do m\u00eas, a magia do Natal se espalhar\u00e1 pelos espa\u00e7os p\u00fablicos:<\/p>\n\n\n\n<ul class=\"wp-block-list\">\n<li>19\/12: Papai Noel na pra\u00e7a central (19h \u00e0s 21h)<\/li>\n\n\n\n<li>20\/12: Papai Noel e parque infl\u00e1vel na comunidade de Cambucica (14h \u00e0s 18h)<\/li>\n\n\n\n<li>21\/12: Papai Noel e parque infl\u00e1vel novamente na pra\u00e7a central (19h \u00e0s 21h)<\/li>\n<\/ul>\n\n\n\n<p>Encerrando o m\u00eas, no dia 27, a C\u00e2mara de Dirigentes Lojistas (CDL) realiza a tradicional Compra Premiada, incentivando o com\u00e9rcio local e presenteando os consumidores que acreditam e investem no munic\u00edpio.<\/p>\n\n\n\n<p>Segundo o prefeito Juliano Bortolanza, a programa\u00e7\u00e3o foi pensada para contemplar todas as faixas et\u00e1rias e valorizar o esp\u00edrito comunit\u00e1rio que caracteriza Riqueza. <em>\u201cSer\u00e1 um m\u00eas de muitas emo\u00e7\u00f5es, de encontros e de celebra\u00e7\u00f5es. Convidamos toda a popula\u00e7\u00e3o e visitantes para participar conosco dessas festividades e prestigiar o que temos de melhor: nossa gente e nossa cultura<\/em>\u201d, concluiu o gestor.<\/p>\n\n\n\n<p><\/p>\n","protected":false},"excerpt":{"rendered":"<p>O clima de festa j\u00e1 come\u00e7a a tomar conta de Riqueza. Segundo o prefeito Juliano Bortolanza, o munic\u00edpio est\u00e1 se preparando para celebrar mais um ano de hist\u00f3ria com uma programa\u00e7\u00e3o especial durante todo o m\u00eas de dezembro, marcada por eventos culturais, atividades voltadas \u00e0 educa\u00e7\u00e3o, celebra\u00e7\u00f5es natalinas e momentos de confraterniza\u00e7\u00e3o comunit\u00e1ria. &nbsp;\u201cQueremos que<\/p>\n","protected":false},"author":1,"featured_media":8030,"comment_status":"open","ping_status":"open","sticky":false,"template":"","format":"standard","meta":{"footnotes":""},"categories":[41],"tags":[],"class_list":{"0":"post-8029","1":"post","2":"type-post","3":"status-publish","4":"format-standard","5":"has-post-thumbnail","7":"category-noticias"},"_links":{"self":[{"href":"https:\/\/noticiarioregional.com.br\/index.php?rest_route=\/wp\/v2\/posts\/8029","targetHints":{"allow":["GET"]}}],"collection":[{"href":"https:\/\/noticiarioregional.com.br\/index.php?rest_route=\/wp\/v2\/posts"}],"about":[{"href":"https:\/\/noticiarioregional.com.br\/index.php?rest_route=\/wp\/v2\/types\/post"}],"author":[{"embeddable":true,"href":"https:\/\/noticiarioregional.com.br\/index.php?rest_route=\/wp\/v2\/users\/1"}],"replies":[{"embeddable":true,"href":"https:\/\/noticiarioregional.com.br\/index.php?rest_route=%2Fwp%2Fv2%2Fcomments&post=8029"}],"version-history":[{"count":1,"href":"https:\/\/noticiarioregional.com.br\/index.php?rest_route=\/wp\/v2\/posts\/8029\/revisions"}],"predecessor-version":[{"id":8031,"href":"https:\/\/noticiarioregional.com.br\/index.php?rest_route=\/wp\/v2\/posts\/8029\/revisions\/8031"}],"wp:featuredmedia":[{"embeddable":true,"href":"https:\/\/noticiarioregional.com.br\/index.php?rest_route=\/wp\/v2\/media\/8030"}],"wp:attachment":[{"href":"https:\/\/noticiarioregional.com.br\/index.php?rest_route=%2Fwp%2Fv2%2Fmedia&parent=8029"}],"wp:term":[{"taxonomy":"category","embeddable":true,"href":"https:\/\/noticiarioregional.com.br\/index.php?rest_route=%2Fwp%2Fv2%2Fcategories&post=8029"},{"taxonomy":"post_tag","embeddable":true,"href":"https:\/\/noticiarioregional.com.br\/index.php?rest_route=%2Fwp%2Fv2%2Ftags&post=8029"}],"curies":[{"name":"wp","href":"https:\/\/api.w.org\/{rel}","templated":true}]}}